{"id":778,"date":"2017-10-14T17:43:07","date_gmt":"2017-10-14T16:43:07","guid":{"rendered":"https:\/\/cpi-geneva.org\/fr\/2017\/10\/14\/the-cordoba-update-septembre-octobre-2017\/"},"modified":"2023-04-09T23:51:22","modified_gmt":"2023-04-09T22:51:22","slug":"the-cordoba-update-septembre-octobre-2017","status":"publish","type":"post","link":"https:\/\/cpi-geneva.org\/fr\/the-cordoba-update-septembre-octobre-2017\/","title":{"rendered":"The Cordoba Update, Septembre &#8211; Octobre 2017"},"content":{"rendered":"<style scoped=\"scoped\" type=\"text\/css\"><!--\narticle .article-content div.left > p {text-align: left;}\n@media only screen and (min-width: 721px) {\n.cu_date {font-size: 24px; color: #aa9788; position: relative; float: right; top: -40px; right: 16px; margin-bottom: -40px;}\n.cu_lang-btn {max-width: 800px; margin: -38px 0 0 0; position: relative; bottom: -38px; right: 4px;}\n}\n@media only screen and (max-width: 720px) {\n.cu_date {font-size: 16px; color: #aa9788;}\n.cu_lang-btn {max-width: 800px;}\n.cu_lang-btn .docDownload_lang {padding: 2px 6px; margin: 3px 2px 3px 0; line-height: 1.0em;}\n.cu_lang-btn .docDownload_lang a {font-size: 70%;}\n}\n--><\/style>\n<p><!-- RIGHT --><\/p>\n<div class=\"cu_lang-btn\">\n<div class=\"docDownload_lang\"><a href=\"publications-mega\/the-cordoba-update\/706\" class=\"arabTxt\">\u0627\u0644\u0646\u0633\u062e\u0629 \u0627\u0644\u0639\u0631\u0628\u064a\u0629<\/a><\/div>\n<div class=\"docDownload_lang\"><a href=\"publications-mega\/the-cordoba-update\/703\">English Version<\/a><\/div>\n<div class=\"clearfix\">&nbsp;<\/div>\n<\/div>\n<div style=\"max-width: 800px; margin: 0 0 15px 0;\"><img decoding=\"async\" class=\" size-full wp-image-774\" src=\"https:\/\/cpi-geneva.org\/fr\/wp-content\/uploads\/sites\/3\/2017\/10\/header_cu_blank.jpg\" alt=\"alt_text\" width=\"800\" height=\"auto\" style=\"width: 100%; max-width: 800px; height: auto; margin: 0;\" align=\"middle\" border=\"0\" srcset=\"https:\/\/cpi-geneva.org\/fr\/wp-content\/uploads\/sites\/3\/2017\/10\/header_cu_blank.jpg 1360w, https:\/\/cpi-geneva.org\/fr\/wp-content\/uploads\/sites\/3\/2017\/10\/header_cu_blank-1024x226.jpg 1024w, https:\/\/cpi-geneva.org\/fr\/wp-content\/uploads\/sites\/3\/2017\/10\/header_cu_blank-768x169.jpg 768w\" sizes=\"(max-width: 1360px) 100vw, 1360px\" \/><\/p>\n<div class=\"cu_date\">Septembre &#8211; Octobre 2017<\/div>\n<\/div>\n<div class=\"left\" style=\"clear: left; float: left; display: inline-block; margin: auto 15px 15px auto; max-width: 265px; min-width: 160px; vertical-align: top; width: 100%; background-color: #993333; color: #ffffff; padding: 15px 20px; font-size: 93%;\"><\/p>\n<p>Cher lecteur, Ch&egrave;re lectrice,<\/p>\n<p>Nous sommes ravis de vous pr&eacute;senter la nouvelle version de notre newsletter (The Cordoba Update), et d&rsquo;annoncer le lancement de notre nouveau site web (www.cordoue.ch).<\/p>\n<p>Depuis sa cr&eacute;ation en 2002, la Fondation Cordoue de Gen&egrave;ve (FCG) s&rsquo;est d&eacute;di&eacute;e &agrave; la pr&eacute;vention de la violence, &agrave; la transformation des conflits et &agrave; la promotion de la paix, en se concentrant sur l&rsquo;Afrique du Nord, l&rsquo;Asie de l&rsquo;Ouest, le Sahel et l&rsquo;Europe, offrant un renforcement des capacit&eacute;s et des espaces de m&eacute;diation s&eacute;curis&eacute;s, et produisant des travaux de recherche orient&eacute;s vers l&rsquo;action.<\/p>\n<p>Cette newsletter bimestrielle vous mettra &agrave; jour sur les activit&eacute;s r&eacute;centes et les publications de la FCG ainsi que sur les &eacute;v&eacute;nements &agrave; venir. Il vous communiquera &eacute;galement des articles analytiques produits par le personnel de la FCG.<\/p>\n<p>Dans ce num&eacute;ro, Abdoulaye B&acirc; aborde le contexte tendu de la Mauritanie &agrave; la suite du r&eacute;cent r&eacute;f&eacute;rendum constitutionnel et les nouvelles lignes de tension qu&rsquo;il a engendr&eacute;es au sein de la soci&eacute;t&eacute;. De son c&ocirc;t&eacute;, Kheira Tarif passe en revue un certain nombre de processus impliquant les acteurs tribaux irakiens dans la consolidation de la paix.<\/p>\n<p>Nous esp&eacute;rons que vous trouverez cette newsletter utile et instructive et nous attendons vos commentaires et vos suggestions.<\/p>\n<p>Bonne lecture !<\/p>\n<\/div>\n<div style=\"display: inline-block; margin: 0; max-width: 520px; min-width: 320px; vertical-align: top;\"><img decoding=\"async\" class=\" size-full wp-image-775\" src=\"https:\/\/cpi-geneva.org\/fr\/wp-content\/uploads\/sites\/3\/2017\/10\/jet-deau.jpg\" alt=\"alt_text\" width=\"680\" height=\"auto\" style=\"width: 100%; max-width: 680px; height: auto; background: #dddddd; font-family: sans-serif; font-size: 14px; line-height: 16px; color: #555555; margin: auto auto 15px;\" align=\"middle\" border=\"0\" srcset=\"https:\/\/cpi-geneva.org\/fr\/wp-content\/uploads\/sites\/3\/2017\/10\/jet-deau.jpg 1360w, https:\/\/cpi-geneva.org\/fr\/wp-content\/uploads\/sites\/3\/2017\/10\/jet-deau-1024x683.jpg 1024w, https:\/\/cpi-geneva.org\/fr\/wp-content\/uploads\/sites\/3\/2017\/10\/jet-deau-768x512.jpg 768w\" sizes=\"(max-width: 1360px) 100vw, 1360px\" \/><\/p>\n<h2 style=\"margin-bottom: 0px;\">Nouvelles de la fondation<\/h2>\n<hr style=\"margin-top: 0; margin-bottom: 21px; border-top: 1px solid #ddd;\" \/>\n<h3>Liban<\/h3>\n<p>Lancement du <strong>&laquo; Humanitarian Charities Forum &raquo;<\/strong> le 17 ao&ucirc;t 2017 dans le cadre du projet <em>&laquo; Promotion de la collaboration entre associations caritatives avec des affiliations religieuses diff&eacute;rentes &raquo;<\/em><\/p>\n<h3>Dakar<\/h3>\n<p>Participation de la FCG au s&eacute;minaire <strong>&laquo; M&eacute;dia et pr&eacute;vention de la violence et de l&rsquo;extr&eacute;misme violent en Afrique de l&rsquo;Ouest et au Sahel &raquo;<\/strong> du 12 au 14 juin 2017 &agrave; Dakar (S&eacute;n&eacute;gal).<\/p>\n<h3>Geneva Peace Week<\/h3>\n<p>Mercredi, 8 novembre, 2017, 12:30-14:00, au WCC:<\/p>\n<p>La Fondation Cordoue de Gen&egrave;ve, en partenariat avec le Network for Religious and Traditional Peacemakers, le Peace Research Institute Oslo, Inclusive Peace &amp; Transition Initiative et le World Council of Churches (WCC), organise un panel de discussion<strong> &ldquo;Religion &ndash; a Source of Conflict or a Path to Peace? The Role of Religion in Preventing Violence&rdquo;<\/strong> dans le cadre de la Geneva Peace Week qui se tiendra du 6 au 10 novembre 2017. <a href=\"http:\/\/www.genevapeaceweek.ch\" target=\"_blank\" rel=\"noopener\">www.genevapeaceweek.ch<\/a><\/p>\n<\/div>\n<div style=\"clear: left; width: 100%; max-width: 800px; height: auto; background: #f9f9f9; color: #333333; margin: 0 0 15px 0; padding: 15px 25px;\" align=\"center\">\n<h2>Lancement de notre campagne de dons<\/h2>\n<p>Nous avons le plaisir de vous annoncer le lancement de notre nouveau site internet et de notre premi&egrave;re campagne d&rsquo;appel aux dons.<\/p>\n<p>Notre Fondation est de plus en plus sollicit&eacute;e pour la mise en place de nouveaux projets en Afrique du Nord, au Moyen-Orient, au Sahel et en Europe. Nous avons besoin de votre soutien pour r&eacute;pondre &agrave; cette demande grandissante.<\/p>\n<p>Par ailleurs, en plus de nos programmes en cours nous d&eacute;veloppons un programme intitul&eacute; &laquo; Islam en Europe &raquo; qui vise &agrave; favoriser le vivre ensemble et la coexistence au sein des soci&eacute;t&eacute;s europ&eacute;ennes. Ce programme se focalise sur les domaines cruciaux de l&rsquo;&eacute;ducation et des m&eacute;dias. Nous travaillons &eacute;galement au lancement d&rsquo;un nouveau projet de transformation des conflits dans le domaine de l&rsquo;action humanitaire, o&ugrave; le manque de collaboration entre diff&eacute;rentes ONGs peuvent d&eacute;savantager les victimes de conflits, devant faire face &agrave; des situations d&eacute;j&agrave; difficiles et souvent tragiques.<\/p>\n<p>Vos dons nous aideraient &eacute;norm&eacute;ment &agrave; poursuivre notre engagement en mati&egrave;re de promotion de la paix visant des soci&eacute;t&eacute;s inclusives et harmonieuses.<\/p>\n<p>Nous vous remercions d&rsquo;avance de votre pr&eacute;cieux soutien et vous adressons nos cordiales salutations.<\/p>\n<p><strong>L&rsquo;&eacute;quipe de la Fondation Cordoue de Gen&egrave;ve<\/strong><\/p>\n<\/div>\n<div style=\"clear: left; width: 100%; max-width: 800px; height: auto margin: 0 0 15px 0; padding: 0 25px 25px;\" align=\"center\">\n<table border=\"0\" style=\"margin: auto;\" cellspacing=\"0\" cellpadding=\"0\" align=\"center\">\n<tbody>\n<tr>\n<td class=\"button-td\" style=\"border-radius: 5px; background: #330033; text-align: center;\"><a href=\"https:\/\/cpi-geneva.org\/fr\/2008\/11\/04\/colloque-sur-lalgerie\/\" class=\"button-a\" style=\"background: #330033; border: 3px solid #330033; font-family: Cambria, 'Hoefler Text', 'Liberation Serif', Times, 'Times New Roman', serif; font-size: 13px; line-height: 2.0; text-align: center; text-decoration: none; display: block; border-radius: 5px; font-weight: bold; text-transform: uppercase;\"> <span class=\"button-link\" style=\"color: #ffffff;\">&nbsp;&nbsp;&nbsp;&nbsp;&nbsp;&nbsp;&nbsp;&nbsp;&nbsp;&nbsp;&nbsp;&nbsp;&nbsp;&nbsp;&nbsp;&nbsp;&nbsp;&nbsp;&nbsp;&nbsp;&nbsp;&nbsp;&nbsp; Faites un don &nbsp;&nbsp;&nbsp;&nbsp;&nbsp;&nbsp;&nbsp;&nbsp;&nbsp;&nbsp;&nbsp;&nbsp;&nbsp;&nbsp;&nbsp;&nbsp;&nbsp;&nbsp;&nbsp;&nbsp;&nbsp;&nbsp;&nbsp;<\/span> <\/a><\/td>\n<\/tr>\n<\/tbody>\n<\/table>\n<\/div>\n<p><!-- THUMB LEFT 1  --- BEGIN --- --><\/p>\n<div style=\"display: inline-block; margin: 0 -2px; max-width: 240px; min-width: 160px; vertical-align: top; width: 100%;\">\n<table border=\"0\" style=\"width: 100%;\" cellspacing=\"0\" cellpadding=\"0\">\n<tbody>\n<tr>\n<td style=\"padding: 0 10px 10px 10px;\"><img decoding=\"async\" class=\" size-full wp-image-769\" src=\"https:\/\/cpi-geneva.org\/fr\/wp-content\/uploads\/sites\/3\/2017\/10\/mauritanie_constitution.jpg\" alt=\"alt_text\" width=\"320\" height=\"\" class=\"center-on-narrow\" style=\"width: 100%; max-width: 320px; height: auto; background: #dddddd; font-family: sans-serif; font-size: 15px; line-height: 20px; color: #555555;\" border=\"0\" srcset=\"https:\/\/cpi-geneva.org\/fr\/wp-content\/uploads\/sites\/3\/2017\/10\/mauritanie_constitution.jpg 632w, https:\/\/cpi-geneva.org\/fr\/wp-content\/uploads\/sites\/3\/2017\/10\/mauritanie_constitution-463x348.jpg 463w, https:\/\/cpi-geneva.org\/fr\/wp-content\/uploads\/sites\/3\/2017\/10\/mauritanie_constitution-400x300.jpg 400w, https:\/\/cpi-geneva.org\/fr\/wp-content\/uploads\/sites\/3\/2017\/10\/mauritanie_constitution-367x275.jpg 367w\" sizes=\"(max-width: 632px) 100vw, 632px\" \/><\/td>\n<\/tr>\n<\/tbody>\n<\/table>\n<\/div>\n<div class=\"stack-column\" style=\"display: inline-block; max-width: 560px; min-width: 320px; vertical-align: top;\">\n<table border=\"0\" style=\"width: 100%;\" cellspacing=\"0\" cellpadding=\"0\">\n<tbody>\n<tr>\n<td>\n<h4>Programme Sahel<\/h4>\n<h2>R&eacute;f&eacute;rendum constitutionnel en Mauritanie : campagne polaris&eacute;e et nouvelles lignes de fractures<\/h2>\n<p style=\"margin: 0 0 1px 0;\">par <strong>Abdoulaye B&acirc;<\/strong><\/p>\n<p><!-- Button : BEGIN --><\/p>\n<table border=\"0\" class=\"center-on-narrow\" style=\"float: left;\" cellspacing=\"0\" cellpadding=\"0\">\n<tbody>\n<tr>\n<td class=\"button-td\" style=\"border-radius: 3px; background: #993333; text-align: center;\"><a href=\"https:\/\/cpi-geneva.org\/fr\/wp-content\/uploads\/sites\/3\/2017\/10\/CFG_CU_2017-10_FR.pdf\" target=\"_blank\" style=\"background: #993333; border: 5px solid #993333; font-size: 12px; line-height: 1.0; text-align: center; text-decoration: none; display: block; border-radius: 3px; font-weight: bold;\" rel=\"noopener\"> <span class=\"button-link\" style=\"color: #ffffff;\">&nbsp;&nbsp;&nbsp;&nbsp;Lire l&rsquo;article&nbsp;&nbsp;&nbsp;&nbsp;<\/span><\/a><\/td>\n<\/tr>\n<\/tbody>\n<\/table>\n<p><!-- Button : END --><\/td>\n<\/tr>\n<\/tbody>\n<\/table>\n<\/div>\n<div style=\"margin-bottom: 15px;\">&nbsp;<\/div>\n<p><!-- THUMB LEFT 1 ---- END ---- \n-- THUMB LEFT 2 --- BEGIN --- --><\/p>\n<div style=\"display: inline-block; margin: 0 -2px; max-width: 240px; min-width: 160px; vertical-align: top; width: 100%;\">\n<table border=\"0\" style=\"width: 100%;\" cellspacing=\"0\" cellpadding=\"0\">\n<tbody>\n<tr>\n<td style=\"padding: 0 10px 10px 10px;\"><img decoding=\"async\" class=\" size-full wp-image-771\" src=\"https:\/\/cpi-geneva.org\/fr\/wp-content\/uploads\/sites\/3\/2017\/10\/Iraqi-Tribal-Actors.jpg\" alt=\"alt_text\" width=\"320\" height=\"\" class=\"center-on-narrow\" style=\"width: 100%; max-width: 320px; height: auto; background: #dddddd; font-family: sans-serif; font-size: 15px; line-height: 20px; color: #555555;\" border=\"0\" srcset=\"https:\/\/cpi-geneva.org\/fr\/wp-content\/uploads\/sites\/3\/2017\/10\/Iraqi-Tribal-Actors.jpg 894w, https:\/\/cpi-geneva.org\/fr\/wp-content\/uploads\/sites\/3\/2017\/10\/Iraqi-Tribal-Actors-768x512.jpg 768w, https:\/\/cpi-geneva.org\/fr\/wp-content\/uploads\/sites\/3\/2017\/10\/Iraqi-Tribal-Actors-640x427.jpg 640w, https:\/\/cpi-geneva.org\/fr\/wp-content\/uploads\/sites\/3\/2017\/10\/Iraqi-Tribal-Actors-400x267.jpg 400w, https:\/\/cpi-geneva.org\/fr\/wp-content\/uploads\/sites\/3\/2017\/10\/Iraqi-Tribal-Actors-367x245.jpg 367w\" sizes=\"(max-width: 894px) 100vw, 894px\" \/><\/td>\n<\/tr>\n<\/tbody>\n<\/table>\n<\/div>\n<div class=\"stack-column\" style=\"display: inline-block; max-width: 560px; min-width: 320px; vertical-align: top;\">\n<table border=\"0\" style=\"width: 100%;\" cellspacing=\"0\" cellpadding=\"0\">\n<tbody>\n<tr>\n<td>\n<h4>Programme Moyen-Orient<\/h4>\n<h2>Processus engageant les acteurs tribaux irakiens dans la consolidation de la paix &ndash; Recension<\/h2>\n<p style=\"margin: 0 0 1px 0;\">par <strong>Kheira Tarif<\/strong><\/p>\n<p><!-- Button : BEGIN --><\/p>\n<table border=\"0\" class=\"center-on-narrow\" style=\"float: left;\" cellspacing=\"0\" cellpadding=\"0\">\n<tbody>\n<tr>\n<td class=\"button-td\" style=\"border-radius: 3px; background: #993333; text-align: center;\"><a href=\"https:\/\/cpi-geneva.org\/fr\/wp-content\/uploads\/sites\/3\/2017\/10\/CFG_CU_2017-10_FR.pdf\" target=\"_blank\" style=\"background: #993333; border: 5px solid #993333; font-size: 12px; line-height: 1.0; text-align: center; text-decoration: none; display: block; border-radius: 3px; font-weight: bold;\" rel=\"noopener\"> <span class=\"button-link\" style=\"color: #ffffff;\">&nbsp;&nbsp;&nbsp;&nbsp;Lire l&rsquo;article&nbsp;&nbsp;&nbsp;&nbsp;<\/span><\/a><\/td>\n<\/tr>\n<\/tbody>\n<\/table>\n<p><!-- Button : END --><\/td>\n<\/tr>\n<\/tbody>\n<\/table>\n<\/div>\n<div style=\"margin-bottom: 15px;\">&nbsp;<\/div>\n<p><!-- THUMB LEFT 2 ---- END ---- --><\/p>\n","protected":false},"excerpt":{"rendered":"<p>\u0627\u0644\u0646\u0633\u062e\u0629 \u0627\u0644\u0639\u0631\u0628\u064a\u0629 English Version &nbsp; Septembre &#8211; Octobre 2017 Cher lecteur, Ch&egrave;re lectrice, Nous sommes ravis de vous pr&eacute;senter la nouvelle version de notre newsletter (The Cordoba Update), et d&rsquo;annoncer le lancement de notre nouveau site web (www.cordoue.ch). Depuis sa cr&eacute;ation en 2002, la Fondation Cordoue de Gen&egrave;ve (FCG) s&rsquo;est d&eacute;di&eacute;e &agrave; la pr&eacute;vention de [&hellip;]<\/p>\n","protected":false},"author":2,"featured_media":773,"comment_status":"open","ping_status":"open","sticky":false,"template":"","format":"standard","meta":{"footnotes":""},"categories":[15],"tags":[],"class_list":["post-778","post","type-post","status-publish","format-standard","has-post-thumbnail","hentry","category-newsletter"],"yoast_head":"<!-- This site is optimized with the Yoast SEO plugin v27.4 - https:\/\/yoast.com\/product\/yoast-seo-wordpress\/ -->\n<title>The Cordoba Update, Septembre - Octobre 2017 - Cordoba Peace Institute | Fran\u00e7ais<\/title>\n<meta name=\"robots\" content=\"index, follow, max-snippet:-1, max-image-preview:large, max-video-preview:-1\" \/>\n<link rel=\"canonical\" href=\"https:\/\/cpi-geneva.org\/fr\/the-cordoba-update-septembre-octobre-2017\/\" \/>\n<meta property=\"og:locale\" content=\"fr_FR\" \/>\n<meta property=\"og:type\" content=\"article\" \/>\n<meta property=\"og:title\" content=\"The Cordoba Update, Septembre - Octobre 2017 - Cordoba Peace Institute | Fran\u00e7ais\" \/>\n<meta property=\"og:description\" content=\"\u0627\u0644\u0646\u0633\u062e\u0629 \u0627\u0644\u0639\u0631\u0628\u064a\u0629 English Version &nbsp; Septembre &#8211; Octobre 2017 Cher lecteur, Ch&egrave;re lectrice, Nous sommes ravis de vous pr&eacute;senter la nouvelle version de notre newsletter (The Cordoba Update), et d&rsquo;annoncer le lancement de notre nouveau site web (www.cordoue.ch). Depuis sa cr&eacute;ation en 2002, la Fondation Cordoue de Gen&egrave;ve (FCG) s&rsquo;est d&eacute;di&eacute;e &agrave; la pr&eacute;vention de [&hellip;]\" \/>\n<meta property=\"og:url\" content=\"https:\/\/cpi-geneva.org\/fr\/the-cordoba-update-septembre-octobre-2017\/\" \/>\n<meta property=\"og:site_name\" content=\"Cordoba Peace Institute | Fran\u00e7ais\" \/>\n<meta property=\"article:published_time\" content=\"2017-10-14T16:43:07+00:00\" \/>\n<meta property=\"article:modified_time\" content=\"2023-04-09T22:51:22+00:00\" \/>\n<meta property=\"og:image\" content=\"https:\/\/cpi-geneva.org\/fr\/wp-content\/uploads\/sites\/3\/2017\/10\/cordoba_bridge_1.jpg\" \/>\n\t<meta property=\"og:image:width\" content=\"1920\" \/>\n\t<meta property=\"og:image:height\" content=\"1080\" \/>\n\t<meta property=\"og:image:type\" content=\"image\/jpeg\" \/>\n<meta name=\"author\" content=\"C\u00f2rdoba Geneva\" \/>\n<meta name=\"twitter:card\" content=\"summary_large_image\" \/>\n<meta name=\"twitter:label1\" content=\"\u00c9crit par\" \/>\n\t<meta name=\"twitter:data1\" content=\"C\u00f2rdoba Geneva\" \/>\n\t<meta name=\"twitter:label2\" content=\"Dur\u00e9e de lecture estim\u00e9e\" \/>\n\t<meta name=\"twitter:data2\" content=\"4 minutes\" \/>\n<script type=\"application\/ld+json\" class=\"yoast-schema-graph\">{\"@context\":\"https:\\\/\\\/schema.org\",\"@graph\":[{\"@type\":\"Article\",\"@id\":\"https:\\\/\\\/cpi-geneva.org\\\/fr\\\/the-cordoba-update-septembre-octobre-2017\\\/#article\",\"isPartOf\":{\"@id\":\"https:\\\/\\\/cpi-geneva.org\\\/fr\\\/the-cordoba-update-septembre-octobre-2017\\\/\"},\"author\":{\"name\":\"C\u00f2rdoba Geneva\",\"@id\":\"https:\\\/\\\/cpi-geneva.org\\\/fr\\\/#\\\/schema\\\/person\\\/1f02a815043284cc1f7aa799e32fb07b\"},\"headline\":\"The Cordoba Update, Septembre &#8211; Octobre 2017\",\"datePublished\":\"2017-10-14T16:43:07+00:00\",\"dateModified\":\"2023-04-09T22:51:22+00:00\",\"mainEntityOfPage\":{\"@id\":\"https:\\\/\\\/cpi-geneva.org\\\/fr\\\/the-cordoba-update-septembre-octobre-2017\\\/\"},\"wordCount\":826,\"commentCount\":0,\"publisher\":{\"@id\":\"https:\\\/\\\/cpi-geneva.org\\\/fr\\\/#organization\"},\"image\":{\"@id\":\"https:\\\/\\\/cpi-geneva.org\\\/fr\\\/the-cordoba-update-septembre-octobre-2017\\\/#primaryimage\"},\"thumbnailUrl\":\"https:\\\/\\\/cpi-geneva.org\\\/fr\\\/wp-content\\\/uploads\\\/sites\\\/3\\\/2017\\\/10\\\/cordoba_bridge_1.jpg\",\"articleSection\":[\"Newsletter\"],\"inLanguage\":\"fr-FR\"},{\"@type\":\"WebPage\",\"@id\":\"https:\\\/\\\/cpi-geneva.org\\\/fr\\\/the-cordoba-update-septembre-octobre-2017\\\/\",\"url\":\"https:\\\/\\\/cpi-geneva.org\\\/fr\\\/the-cordoba-update-septembre-octobre-2017\\\/\",\"name\":\"The Cordoba Update, Septembre - Octobre 2017 - Cordoba Peace Institute | Fran\u00e7ais\",\"isPartOf\":{\"@id\":\"https:\\\/\\\/cpi-geneva.org\\\/fr\\\/#website\"},\"primaryImageOfPage\":{\"@id\":\"https:\\\/\\\/cpi-geneva.org\\\/fr\\\/the-cordoba-update-septembre-octobre-2017\\\/#primaryimage\"},\"image\":{\"@id\":\"https:\\\/\\\/cpi-geneva.org\\\/fr\\\/the-cordoba-update-septembre-octobre-2017\\\/#primaryimage\"},\"thumbnailUrl\":\"https:\\\/\\\/cpi-geneva.org\\\/fr\\\/wp-content\\\/uploads\\\/sites\\\/3\\\/2017\\\/10\\\/cordoba_bridge_1.jpg\",\"datePublished\":\"2017-10-14T16:43:07+00:00\",\"dateModified\":\"2023-04-09T22:51:22+00:00\",\"breadcrumb\":{\"@id\":\"https:\\\/\\\/cpi-geneva.org\\\/fr\\\/the-cordoba-update-septembre-octobre-2017\\\/#breadcrumb\"},\"inLanguage\":\"fr-FR\",\"potentialAction\":[{\"@type\":\"ReadAction\",\"target\":[\"https:\\\/\\\/cpi-geneva.org\\\/fr\\\/the-cordoba-update-septembre-octobre-2017\\\/\"]}]},{\"@type\":\"ImageObject\",\"inLanguage\":\"fr-FR\",\"@id\":\"https:\\\/\\\/cpi-geneva.org\\\/fr\\\/the-cordoba-update-septembre-octobre-2017\\\/#primaryimage\",\"url\":\"https:\\\/\\\/cpi-geneva.org\\\/fr\\\/wp-content\\\/uploads\\\/sites\\\/3\\\/2017\\\/10\\\/cordoba_bridge_1.jpg\",\"contentUrl\":\"https:\\\/\\\/cpi-geneva.org\\\/fr\\\/wp-content\\\/uploads\\\/sites\\\/3\\\/2017\\\/10\\\/cordoba_bridge_1.jpg\",\"width\":1920,\"height\":1080},{\"@type\":\"BreadcrumbList\",\"@id\":\"https:\\\/\\\/cpi-geneva.org\\\/fr\\\/the-cordoba-update-septembre-octobre-2017\\\/#breadcrumb\",\"itemListElement\":[{\"@type\":\"ListItem\",\"position\":1,\"name\":\"Home\",\"item\":\"https:\\\/\\\/cpi-geneva.org\\\/fr\\\/\"},{\"@type\":\"ListItem\",\"position\":2,\"name\":\"The Cordoba Update, Septembre &#8211; Octobre 2017\"}]},{\"@type\":\"WebSite\",\"@id\":\"https:\\\/\\\/cpi-geneva.org\\\/fr\\\/#website\",\"url\":\"https:\\\/\\\/cpi-geneva.org\\\/fr\\\/\",\"name\":\"Cordoba Peace Institute - Gen\u00e8ve CPI\",\"description\":\"CPI Gen\u00e8ve | 20 ans aux service de la paix\",\"publisher\":{\"@id\":\"https:\\\/\\\/cpi-geneva.org\\\/fr\\\/#organization\"},\"potentialAction\":[{\"@type\":\"SearchAction\",\"target\":{\"@type\":\"EntryPoint\",\"urlTemplate\":\"https:\\\/\\\/cpi-geneva.org\\\/fr\\\/?s={search_term_string}\"},\"query-input\":{\"@type\":\"PropertyValueSpecification\",\"valueRequired\":true,\"valueName\":\"search_term_string\"}}],\"inLanguage\":\"fr-FR\"},{\"@type\":\"Organization\",\"@id\":\"https:\\\/\\\/cpi-geneva.org\\\/fr\\\/#organization\",\"name\":\"Cordoba Peace Institute - Gen\u00e8ve CPI\",\"url\":\"https:\\\/\\\/cpi-geneva.org\\\/fr\\\/\",\"logo\":{\"@type\":\"ImageObject\",\"inLanguage\":\"fr-FR\",\"@id\":\"https:\\\/\\\/cpi-geneva.org\\\/fr\\\/#\\\/schema\\\/logo\\\/image\\\/\",\"url\":\"https:\\\/\\\/cpi-geneva.org\\\/fr\\\/wp-content\\\/uploads\\\/sites\\\/3\\\/2025\\\/12\\\/CPI-Geneva.png\",\"contentUrl\":\"https:\\\/\\\/cpi-geneva.org\\\/fr\\\/wp-content\\\/uploads\\\/sites\\\/3\\\/2025\\\/12\\\/CPI-Geneva.png\",\"width\":740,\"height\":740,\"caption\":\"Cordoba Peace Institute - Gen\u00e8ve CPI\"},\"image\":{\"@id\":\"https:\\\/\\\/cpi-geneva.org\\\/fr\\\/#\\\/schema\\\/logo\\\/image\\\/\"}},{\"@type\":\"Person\",\"@id\":\"https:\\\/\\\/cpi-geneva.org\\\/fr\\\/#\\\/schema\\\/person\\\/1f02a815043284cc1f7aa799e32fb07b\",\"name\":\"C\u00f2rdoba Geneva\",\"image\":{\"@type\":\"ImageObject\",\"inLanguage\":\"fr-FR\",\"@id\":\"https:\\\/\\\/secure.gravatar.com\\\/avatar\\\/cf6a4ecb9e914acddd89e4c4cbc3c6fdccfd6614c26ec3023ce0173515d50eff?s=96&d=mm&r=g\",\"url\":\"https:\\\/\\\/secure.gravatar.com\\\/avatar\\\/cf6a4ecb9e914acddd89e4c4cbc3c6fdccfd6614c26ec3023ce0173515d50eff?s=96&d=mm&r=g\",\"contentUrl\":\"https:\\\/\\\/secure.gravatar.com\\\/avatar\\\/cf6a4ecb9e914acddd89e4c4cbc3c6fdccfd6614c26ec3023ce0173515d50eff?s=96&d=mm&r=g\",\"caption\":\"C\u00f2rdoba Geneva\"},\"url\":\"https:\\\/\\\/cpi-geneva.org\\\/fr\\\/author\\\/corwebmaster\\\/\"}]}<\/script>\n<!-- \/ Yoast SEO plugin. -->","yoast_head_json":{"title":"The Cordoba Update, Septembre - Octobre 2017 - Cordoba Peace Institute | Fran\u00e7ais","robots":{"index":"index","follow":"follow","max-snippet":"max-snippet:-1","max-image-preview":"max-image-preview:large","max-video-preview":"max-video-preview:-1"},"canonical":"https:\/\/cpi-geneva.org\/fr\/the-cordoba-update-septembre-octobre-2017\/","og_locale":"fr_FR","og_type":"article","og_title":"The Cordoba Update, Septembre - Octobre 2017 - Cordoba Peace Institute | Fran\u00e7ais","og_description":"\u0627\u0644\u0646\u0633\u062e\u0629 \u0627\u0644\u0639\u0631\u0628\u064a\u0629 English Version &nbsp; Septembre &#8211; Octobre 2017 Cher lecteur, Ch&egrave;re lectrice, Nous sommes ravis de vous pr&eacute;senter la nouvelle version de notre newsletter (The Cordoba Update), et d&rsquo;annoncer le lancement de notre nouveau site web (www.cordoue.ch). Depuis sa cr&eacute;ation en 2002, la Fondation Cordoue de Gen&egrave;ve (FCG) s&rsquo;est d&eacute;di&eacute;e &agrave; la pr&eacute;vention de [&hellip;]","og_url":"https:\/\/cpi-geneva.org\/fr\/the-cordoba-update-septembre-octobre-2017\/","og_site_name":"Cordoba Peace Institute | Fran\u00e7ais","article_published_time":"2017-10-14T16:43:07+00:00","article_modified_time":"2023-04-09T22:51:22+00:00","og_image":[{"width":1920,"height":1080,"url":"https:\/\/cpi-geneva.org\/fr\/wp-content\/uploads\/sites\/3\/2017\/10\/cordoba_bridge_1.jpg","type":"image\/jpeg"}],"author":"C\u00f2rdoba Geneva","twitter_card":"summary_large_image","twitter_misc":{"\u00c9crit par":"C\u00f2rdoba Geneva","Dur\u00e9e de lecture estim\u00e9e":"4 minutes"},"schema":{"@context":"https:\/\/schema.org","@graph":[{"@type":"Article","@id":"https:\/\/cpi-geneva.org\/fr\/the-cordoba-update-septembre-octobre-2017\/#article","isPartOf":{"@id":"https:\/\/cpi-geneva.org\/fr\/the-cordoba-update-septembre-octobre-2017\/"},"author":{"name":"C\u00f2rdoba Geneva","@id":"https:\/\/cpi-geneva.org\/fr\/#\/schema\/person\/1f02a815043284cc1f7aa799e32fb07b"},"headline":"The Cordoba Update, Septembre &#8211; Octobre 2017","datePublished":"2017-10-14T16:43:07+00:00","dateModified":"2023-04-09T22:51:22+00:00","mainEntityOfPage":{"@id":"https:\/\/cpi-geneva.org\/fr\/the-cordoba-update-septembre-octobre-2017\/"},"wordCount":826,"commentCount":0,"publisher":{"@id":"https:\/\/cpi-geneva.org\/fr\/#organization"},"image":{"@id":"https:\/\/cpi-geneva.org\/fr\/the-cordoba-update-septembre-octobre-2017\/#primaryimage"},"thumbnailUrl":"https:\/\/cpi-geneva.org\/fr\/wp-content\/uploads\/sites\/3\/2017\/10\/cordoba_bridge_1.jpg","articleSection":["Newsletter"],"inLanguage":"fr-FR"},{"@type":"WebPage","@id":"https:\/\/cpi-geneva.org\/fr\/the-cordoba-update-septembre-octobre-2017\/","url":"https:\/\/cpi-geneva.org\/fr\/the-cordoba-update-septembre-octobre-2017\/","name":"The Cordoba Update, Septembre - Octobre 2017 - Cordoba Peace Institute | Fran\u00e7ais","isPartOf":{"@id":"https:\/\/cpi-geneva.org\/fr\/#website"},"primaryImageOfPage":{"@id":"https:\/\/cpi-geneva.org\/fr\/the-cordoba-update-septembre-octobre-2017\/#primaryimage"},"image":{"@id":"https:\/\/cpi-geneva.org\/fr\/the-cordoba-update-septembre-octobre-2017\/#primaryimage"},"thumbnailUrl":"https:\/\/cpi-geneva.org\/fr\/wp-content\/uploads\/sites\/3\/2017\/10\/cordoba_bridge_1.jpg","datePublished":"2017-10-14T16:43:07+00:00","dateModified":"2023-04-09T22:51:22+00:00","breadcrumb":{"@id":"https:\/\/cpi-geneva.org\/fr\/the-cordoba-update-septembre-octobre-2017\/#breadcrumb"},"inLanguage":"fr-FR","potentialAction":[{"@type":"ReadAction","target":["https:\/\/cpi-geneva.org\/fr\/the-cordoba-update-septembre-octobre-2017\/"]}]},{"@type":"ImageObject","inLanguage":"fr-FR","@id":"https:\/\/cpi-geneva.org\/fr\/the-cordoba-update-septembre-octobre-2017\/#primaryimage","url":"https:\/\/cpi-geneva.org\/fr\/wp-content\/uploads\/sites\/3\/2017\/10\/cordoba_bridge_1.jpg","contentUrl":"https:\/\/cpi-geneva.org\/fr\/wp-content\/uploads\/sites\/3\/2017\/10\/cordoba_bridge_1.jpg","width":1920,"height":1080},{"@type":"BreadcrumbList","@id":"https:\/\/cpi-geneva.org\/fr\/the-cordoba-update-septembre-octobre-2017\/#breadcrumb","itemListElement":[{"@type":"ListItem","position":1,"name":"Home","item":"https:\/\/cpi-geneva.org\/fr\/"},{"@type":"ListItem","position":2,"name":"The Cordoba Update, Septembre &#8211; Octobre 2017"}]},{"@type":"WebSite","@id":"https:\/\/cpi-geneva.org\/fr\/#website","url":"https:\/\/cpi-geneva.org\/fr\/","name":"Cordoba Peace Institute - Gen\u00e8ve CPI","description":"CPI Gen\u00e8ve | 20 ans aux service de la paix","publisher":{"@id":"https:\/\/cpi-geneva.org\/fr\/#organization"},"potentialAction":[{"@type":"SearchAction","target":{"@type":"EntryPoint","urlTemplate":"https:\/\/cpi-geneva.org\/fr\/?s={search_term_string}"},"query-input":{"@type":"PropertyValueSpecification","valueRequired":true,"valueName":"search_term_string"}}],"inLanguage":"fr-FR"},{"@type":"Organization","@id":"https:\/\/cpi-geneva.org\/fr\/#organization","name":"Cordoba Peace Institute - Gen\u00e8ve CPI","url":"https:\/\/cpi-geneva.org\/fr\/","logo":{"@type":"ImageObject","inLanguage":"fr-FR","@id":"https:\/\/cpi-geneva.org\/fr\/#\/schema\/logo\/image\/","url":"https:\/\/cpi-geneva.org\/fr\/wp-content\/uploads\/sites\/3\/2025\/12\/CPI-Geneva.png","contentUrl":"https:\/\/cpi-geneva.org\/fr\/wp-content\/uploads\/sites\/3\/2025\/12\/CPI-Geneva.png","width":740,"height":740,"caption":"Cordoba Peace Institute - Gen\u00e8ve CPI"},"image":{"@id":"https:\/\/cpi-geneva.org\/fr\/#\/schema\/logo\/image\/"}},{"@type":"Person","@id":"https:\/\/cpi-geneva.org\/fr\/#\/schema\/person\/1f02a815043284cc1f7aa799e32fb07b","name":"C\u00f2rdoba Geneva","image":{"@type":"ImageObject","inLanguage":"fr-FR","@id":"https:\/\/secure.gravatar.com\/avatar\/cf6a4ecb9e914acddd89e4c4cbc3c6fdccfd6614c26ec3023ce0173515d50eff?s=96&d=mm&r=g","url":"https:\/\/secure.gravatar.com\/avatar\/cf6a4ecb9e914acddd89e4c4cbc3c6fdccfd6614c26ec3023ce0173515d50eff?s=96&d=mm&r=g","contentUrl":"https:\/\/secure.gravatar.com\/avatar\/cf6a4ecb9e914acddd89e4c4cbc3c6fdccfd6614c26ec3023ce0173515d50eff?s=96&d=mm&r=g","caption":"C\u00f2rdoba Geneva"},"url":"https:\/\/cpi-geneva.org\/fr\/author\/corwebmaster\/"}]}},"featured_image_src":{"landsacpe":["https:\/\/cpi-geneva.org\/fr\/wp-content\/uploads\/sites\/3\/2017\/10\/cordoba_bridge_1-1140x445.jpg",1140,445,true],"list":["https:\/\/cpi-geneva.org\/fr\/wp-content\/uploads\/sites\/3\/2017\/10\/cordoba_bridge_1-463x348.jpg",463,348,true],"medium":["https:\/\/cpi-geneva.org\/fr\/wp-content\/uploads\/sites\/3\/2017\/10\/cordoba_bridge_1-300x169.jpg",300,169,true],"full":["https:\/\/cpi-geneva.org\/fr\/wp-content\/uploads\/sites\/3\/2017\/10\/cordoba_bridge_1.jpg",1920,1080,false]},"_links":{"self":[{"href":"https:\/\/cpi-geneva.org\/fr\/wp-json\/wp\/v2\/posts\/778","targetHints":{"allow":["GET"]}}],"collection":[{"href":"https:\/\/cpi-geneva.org\/fr\/wp-json\/wp\/v2\/posts"}],"about":[{"href":"https:\/\/cpi-geneva.org\/fr\/wp-json\/wp\/v2\/types\/post"}],"author":[{"embeddable":true,"href":"https:\/\/cpi-geneva.org\/fr\/wp-json\/wp\/v2\/users\/2"}],"replies":[{"embeddable":true,"href":"https:\/\/cpi-geneva.org\/fr\/wp-json\/wp\/v2\/comments?post=778"}],"version-history":[{"count":1,"href":"https:\/\/cpi-geneva.org\/fr\/wp-json\/wp\/v2\/posts\/778\/revisions"}],"predecessor-version":[{"id":1543,"href":"https:\/\/cpi-geneva.org\/fr\/wp-json\/wp\/v2\/posts\/778\/revisions\/1543"}],"wp:featuredmedia":[{"embeddable":true,"href":"https:\/\/cpi-geneva.org\/fr\/wp-json\/wp\/v2\/media\/773"}],"wp:attachment":[{"href":"https:\/\/cpi-geneva.org\/fr\/wp-json\/wp\/v2\/media?parent=778"}],"wp:term":[{"taxonomy":"category","embeddable":true,"href":"https:\/\/cpi-geneva.org\/fr\/wp-json\/wp\/v2\/categories?post=778"},{"taxonomy":"post_tag","embeddable":true,"href":"https:\/\/cpi-geneva.org\/fr\/wp-json\/wp\/v2\/tags?post=778"}],"curies":[{"name":"wp","href":"https:\/\/api.w.org\/{rel}","templated":true}]}}