{"id":713,"date":"2016-08-01T20:03:48","date_gmt":"2016-08-01T19:03:48","guid":{"rendered":"https:\/\/cpi-geneva.org\/fr\/2016\/08\/01\/the-interaction-of-religion-and-politics-in-the-public-sphere\/"},"modified":"2023-05-29T13:53:01","modified_gmt":"2023-05-29T12:53:01","slug":"the-interaction-of-religion-and-politics-in-the-public-sphere-2","status":"publish","type":"post","link":"https:\/\/cpi-geneva.org\/fr\/the-interaction-of-religion-and-politics-in-the-public-sphere-2\/","title":{"rendered":"The Interaction of Religion and Politics in the Public Sphere"},"content":{"rendered":"<div style=\"margin: 0px 0px 0px;\">Contributing to Alleviating Islamist-Secular tensions in North Africa by Promoting Peaceful co-existence among Political Actors with Different Worldviews<em><br \/>\n<\/em><strong>Istanbul, 28 February \u2013 4 March 2016<\/strong><em><br \/>\nAuthors: Kheira Tarif and Lakhdar Ghettas<br \/>\n<\/em><\/div>\n<div class=\"docDownload_lft\">Download the Report<\/div>\n<div class=\"docDownload_lft_lang\"><a href=\"https:\/\/cpi-geneva.org\/fr\/wp-content\/uploads\/sites\/3\/2016\/03\/CFG_CWR_Religion-Politics_EN.pdf\" target=\"_blank\" rel=\"noopener\">EN<\/a><\/div>\n<div class=\"docDownload_lft_lang\"><a href=\"https:\/\/cpi-geneva.org\/fr\/wp-content\/uploads\/sites\/3\/2016\/03\/CFG_CWR_Religion-Politics_AR.pdf\" target=\"_blank\" rel=\"noopener\">AR<\/a><\/div>\n<div class=\"clearfix\">&nbsp;<\/div>\n<p><!--more--><\/p>\n<div class=\"docDownload_lft\">Download the Report<\/div>\n<div class=\"docDownload_lft_lang\"><a href=\"https:\/\/cpi-geneva.org\/fr\/wp-content\/uploads\/sites\/3\/2016\/03\/CFG_CWR_Religion-Politics_EN.pdf\" target=\"_blank\" rel=\"noopener\">EN<\/a><\/div>\n<div class=\"docDownload_lft_lang\"><a href=\"https:\/\/cpi-geneva.org\/fr\/wp-content\/uploads\/sites\/3\/2016\/03\/CFG_CWR_Religion-Politics_AR.pdf\" target=\"_blank\" rel=\"noopener\">AR<\/a><\/div>\n<div class=\"clearfix\">&nbsp;<\/div>\n<div>{pdf}images\/pdf\/workshops\/CFG_CWR_Religion-Politics_EN.pdf{\/pdf}<\/div>\n","protected":false},"excerpt":{"rendered":"<p>Contributing to Alleviating Islamist-Secular tensions in North Africa by Promoting Peaceful co-existence among Political Actors with Different Worldviews Istanbul, 28 February \u2013 4 March 2016 Authors: Kheira Tarif and Lakhdar Ghettas Download the Report EN AR &nbsp;<\/p>\n","protected":false},"author":2,"featured_media":5697,"comment_status":"open","ping_status":"open","sticky":false,"template":"","format":"standard","meta":{"footnotes":""},"categories":[41],"tags":[],"class_list":["post-713","post","type-post","status-publish","format-standard","has-post-thumbnail","hentry","category-regional"],"yoast_head":"<!-- This site is optimized with the Yoast SEO plugin v27.4 - https:\/\/yoast.com\/product\/yoast-seo-wordpress\/ -->\n<title>The Interaction of Religion and Politics in the Public Sphere - Cordoba Peace Institute | Fran\u00e7ais<\/title>\n<meta name=\"robots\" content=\"index, follow, max-snippet:-1, max-image-preview:large, max-video-preview:-1\" \/>\n<link rel=\"canonical\" href=\"https:\/\/cpi-geneva.org\/fr\/the-interaction-of-religion-and-politics-in-the-public-sphere-2\/\" \/>\n<meta property=\"og:locale\" content=\"fr_FR\" \/>\n<meta property=\"og:type\" content=\"article\" \/>\n<meta property=\"og:title\" content=\"The Interaction of Religion and Politics in the Public Sphere - Cordoba Peace Institute | Fran\u00e7ais\" \/>\n<meta property=\"og:description\" content=\"Contributing to Alleviating Islamist-Secular tensions in North Africa by Promoting Peaceful co-existence among Political Actors with Different Worldviews Istanbul, 28 February \u2013 4 March 2016 Authors: Kheira Tarif and Lakhdar Ghettas Download the Report EN AR &nbsp;\" \/>\n<meta property=\"og:url\" content=\"https:\/\/cpi-geneva.org\/fr\/the-interaction-of-religion-and-politics-in-the-public-sphere-2\/\" \/>\n<meta property=\"og:site_name\" content=\"Cordoba Peace Institute | Fran\u00e7ais\" \/>\n<meta property=\"article:published_time\" content=\"2016-08-01T19:03:48+00:00\" \/>\n<meta property=\"article:modified_time\" content=\"2023-05-29T12:53:01+00:00\" \/>\n<meta property=\"og:image\" content=\"https:\/\/cpi-geneva.org\/fr\/wp-content\/uploads\/sites\/3\/2023\/05\/cpi_new-burgundy_cover.png\" \/>\n\t<meta property=\"og:image:width\" content=\"1920\" \/>\n\t<meta property=\"og:image:height\" content=\"600\" \/>\n\t<meta property=\"og:image:type\" content=\"image\/png\" \/>\n<meta name=\"author\" content=\"C\u00f2rdoba Geneva\" \/>\n<meta name=\"twitter:card\" content=\"summary_large_image\" \/>\n<meta name=\"twitter:label1\" content=\"\u00c9crit par\" \/>\n\t<meta name=\"twitter:data1\" content=\"C\u00f2rdoba Geneva\" \/>\n<script type=\"application\/ld+json\" class=\"yoast-schema-graph\">{\"@context\":\"https:\\\/\\\/schema.org\",\"@graph\":[{\"@type\":\"Article\",\"@id\":\"https:\\\/\\\/cpi-geneva.org\\\/fr\\\/the-interaction-of-religion-and-politics-in-the-public-sphere-2\\\/#article\",\"isPartOf\":{\"@id\":\"https:\\\/\\\/cpi-geneva.org\\\/fr\\\/the-interaction-of-religion-and-politics-in-the-public-sphere-2\\\/\"},\"author\":{\"name\":\"C\u00f2rdoba Geneva\",\"@id\":\"https:\\\/\\\/cpi-geneva.org\\\/fr\\\/#\\\/schema\\\/person\\\/1f02a815043284cc1f7aa799e32fb07b\"},\"headline\":\"The Interaction of Religion and Politics in the Public Sphere\",\"datePublished\":\"2016-08-01T19:03:48+00:00\",\"dateModified\":\"2023-05-29T12:53:01+00:00\",\"mainEntityOfPage\":{\"@id\":\"https:\\\/\\\/cpi-geneva.org\\\/fr\\\/the-interaction-of-religion-and-politics-in-the-public-sphere-2\\\/\"},\"wordCount\":59,\"commentCount\":0,\"publisher\":{\"@id\":\"https:\\\/\\\/cpi-geneva.org\\\/fr\\\/#organization\"},\"image\":{\"@id\":\"https:\\\/\\\/cpi-geneva.org\\\/fr\\\/the-interaction-of-religion-and-politics-in-the-public-sphere-2\\\/#primaryimage\"},\"thumbnailUrl\":\"https:\\\/\\\/cpi-geneva.org\\\/fr\\\/wp-content\\\/uploads\\\/sites\\\/3\\\/2023\\\/05\\\/cpi_new-burgundy_cover.png\",\"articleSection\":[\"Regional\"],\"inLanguage\":\"fr-FR\"},{\"@type\":\"WebPage\",\"@id\":\"https:\\\/\\\/cpi-geneva.org\\\/fr\\\/the-interaction-of-religion-and-politics-in-the-public-sphere-2\\\/\",\"url\":\"https:\\\/\\\/cpi-geneva.org\\\/fr\\\/the-interaction-of-religion-and-politics-in-the-public-sphere-2\\\/\",\"name\":\"The Interaction of Religion and Politics in the Public Sphere - Cordoba Peace Institute | Fran\u00e7ais\",\"isPartOf\":{\"@id\":\"https:\\\/\\\/cpi-geneva.org\\\/fr\\\/#website\"},\"primaryImageOfPage\":{\"@id\":\"https:\\\/\\\/cpi-geneva.org\\\/fr\\\/the-interaction-of-religion-and-politics-in-the-public-sphere-2\\\/#primaryimage\"},\"image\":{\"@id\":\"https:\\\/\\\/cpi-geneva.org\\\/fr\\\/the-interaction-of-religion-and-politics-in-the-public-sphere-2\\\/#primaryimage\"},\"thumbnailUrl\":\"https:\\\/\\\/cpi-geneva.org\\\/fr\\\/wp-content\\\/uploads\\\/sites\\\/3\\\/2023\\\/05\\\/cpi_new-burgundy_cover.png\",\"datePublished\":\"2016-08-01T19:03:48+00:00\",\"dateModified\":\"2023-05-29T12:53:01+00:00\",\"breadcrumb\":{\"@id\":\"https:\\\/\\\/cpi-geneva.org\\\/fr\\\/the-interaction-of-religion-and-politics-in-the-public-sphere-2\\\/#breadcrumb\"},\"inLanguage\":\"fr-FR\",\"potentialAction\":[{\"@type\":\"ReadAction\",\"target\":[\"https:\\\/\\\/cpi-geneva.org\\\/fr\\\/the-interaction-of-religion-and-politics-in-the-public-sphere-2\\\/\"]}]},{\"@type\":\"ImageObject\",\"inLanguage\":\"fr-FR\",\"@id\":\"https:\\\/\\\/cpi-geneva.org\\\/fr\\\/the-interaction-of-religion-and-politics-in-the-public-sphere-2\\\/#primaryimage\",\"url\":\"https:\\\/\\\/cpi-geneva.org\\\/fr\\\/wp-content\\\/uploads\\\/sites\\\/3\\\/2023\\\/05\\\/cpi_new-burgundy_cover.png\",\"contentUrl\":\"https:\\\/\\\/cpi-geneva.org\\\/fr\\\/wp-content\\\/uploads\\\/sites\\\/3\\\/2023\\\/05\\\/cpi_new-burgundy_cover.png\",\"width\":1920,\"height\":600},{\"@type\":\"BreadcrumbList\",\"@id\":\"https:\\\/\\\/cpi-geneva.org\\\/fr\\\/the-interaction-of-religion-and-politics-in-the-public-sphere-2\\\/#breadcrumb\",\"itemListElement\":[{\"@type\":\"ListItem\",\"position\":1,\"name\":\"Home\",\"item\":\"https:\\\/\\\/cpi-geneva.org\\\/fr\\\/\"},{\"@type\":\"ListItem\",\"position\":2,\"name\":\"The Interaction of Religion and Politics in the Public Sphere\"}]},{\"@type\":\"WebSite\",\"@id\":\"https:\\\/\\\/cpi-geneva.org\\\/fr\\\/#website\",\"url\":\"https:\\\/\\\/cpi-geneva.org\\\/fr\\\/\",\"name\":\"Cordoba Peace Institute - Gen\u00e8ve CPI\",\"description\":\"CPI Gen\u00e8ve | 20 ans aux service de la paix\",\"publisher\":{\"@id\":\"https:\\\/\\\/cpi-geneva.org\\\/fr\\\/#organization\"},\"potentialAction\":[{\"@type\":\"SearchAction\",\"target\":{\"@type\":\"EntryPoint\",\"urlTemplate\":\"https:\\\/\\\/cpi-geneva.org\\\/fr\\\/?s={search_term_string}\"},\"query-input\":{\"@type\":\"PropertyValueSpecification\",\"valueRequired\":true,\"valueName\":\"search_term_string\"}}],\"inLanguage\":\"fr-FR\"},{\"@type\":\"Organization\",\"@id\":\"https:\\\/\\\/cpi-geneva.org\\\/fr\\\/#organization\",\"name\":\"Cordoba Peace Institute - Gen\u00e8ve CPI\",\"url\":\"https:\\\/\\\/cpi-geneva.org\\\/fr\\\/\",\"logo\":{\"@type\":\"ImageObject\",\"inLanguage\":\"fr-FR\",\"@id\":\"https:\\\/\\\/cpi-geneva.org\\\/fr\\\/#\\\/schema\\\/logo\\\/image\\\/\",\"url\":\"https:\\\/\\\/cpi-geneva.org\\\/fr\\\/wp-content\\\/uploads\\\/sites\\\/3\\\/2025\\\/12\\\/CPI-Geneva.png\",\"contentUrl\":\"https:\\\/\\\/cpi-geneva.org\\\/fr\\\/wp-content\\\/uploads\\\/sites\\\/3\\\/2025\\\/12\\\/CPI-Geneva.png\",\"width\":740,\"height\":740,\"caption\":\"Cordoba Peace Institute - Gen\u00e8ve CPI\"},\"image\":{\"@id\":\"https:\\\/\\\/cpi-geneva.org\\\/fr\\\/#\\\/schema\\\/logo\\\/image\\\/\"}},{\"@type\":\"Person\",\"@id\":\"https:\\\/\\\/cpi-geneva.org\\\/fr\\\/#\\\/schema\\\/person\\\/1f02a815043284cc1f7aa799e32fb07b\",\"name\":\"C\u00f2rdoba Geneva\",\"image\":{\"@type\":\"ImageObject\",\"inLanguage\":\"fr-FR\",\"@id\":\"https:\\\/\\\/secure.gravatar.com\\\/avatar\\\/cf6a4ecb9e914acddd89e4c4cbc3c6fdccfd6614c26ec3023ce0173515d50eff?s=96&d=mm&r=g\",\"url\":\"https:\\\/\\\/secure.gravatar.com\\\/avatar\\\/cf6a4ecb9e914acddd89e4c4cbc3c6fdccfd6614c26ec3023ce0173515d50eff?s=96&d=mm&r=g\",\"contentUrl\":\"https:\\\/\\\/secure.gravatar.com\\\/avatar\\\/cf6a4ecb9e914acddd89e4c4cbc3c6fdccfd6614c26ec3023ce0173515d50eff?s=96&d=mm&r=g\",\"caption\":\"C\u00f2rdoba Geneva\"},\"url\":\"https:\\\/\\\/cpi-geneva.org\\\/fr\\\/author\\\/corwebmaster\\\/\"}]}<\/script>\n<!-- \/ Yoast SEO plugin. -->","yoast_head_json":{"title":"The Interaction of Religion and Politics in the Public Sphere - Cordoba Peace Institute | Fran\u00e7ais","robots":{"index":"index","follow":"follow","max-snippet":"max-snippet:-1","max-image-preview":"max-image-preview:large","max-video-preview":"max-video-preview:-1"},"canonical":"https:\/\/cpi-geneva.org\/fr\/the-interaction-of-religion-and-politics-in-the-public-sphere-2\/","og_locale":"fr_FR","og_type":"article","og_title":"The Interaction of Religion and Politics in the Public Sphere - Cordoba Peace Institute | Fran\u00e7ais","og_description":"Contributing to Alleviating Islamist-Secular tensions in North Africa by Promoting Peaceful co-existence among Political Actors with Different Worldviews Istanbul, 28 February \u2013 4 March 2016 Authors: Kheira Tarif and Lakhdar Ghettas Download the Report EN AR &nbsp;","og_url":"https:\/\/cpi-geneva.org\/fr\/the-interaction-of-religion-and-politics-in-the-public-sphere-2\/","og_site_name":"Cordoba Peace Institute | Fran\u00e7ais","article_published_time":"2016-08-01T19:03:48+00:00","article_modified_time":"2023-05-29T12:53:01+00:00","og_image":[{"width":1920,"height":600,"url":"https:\/\/cpi-geneva.org\/fr\/wp-content\/uploads\/sites\/3\/2023\/05\/cpi_new-burgundy_cover.png","type":"image\/png"}],"author":"C\u00f2rdoba Geneva","twitter_card":"summary_large_image","twitter_misc":{"\u00c9crit par":"C\u00f2rdoba Geneva"},"schema":{"@context":"https:\/\/schema.org","@graph":[{"@type":"Article","@id":"https:\/\/cpi-geneva.org\/fr\/the-interaction-of-religion-and-politics-in-the-public-sphere-2\/#article","isPartOf":{"@id":"https:\/\/cpi-geneva.org\/fr\/the-interaction-of-religion-and-politics-in-the-public-sphere-2\/"},"author":{"name":"C\u00f2rdoba Geneva","@id":"https:\/\/cpi-geneva.org\/fr\/#\/schema\/person\/1f02a815043284cc1f7aa799e32fb07b"},"headline":"The Interaction of Religion and Politics in the Public Sphere","datePublished":"2016-08-01T19:03:48+00:00","dateModified":"2023-05-29T12:53:01+00:00","mainEntityOfPage":{"@id":"https:\/\/cpi-geneva.org\/fr\/the-interaction-of-religion-and-politics-in-the-public-sphere-2\/"},"wordCount":59,"commentCount":0,"publisher":{"@id":"https:\/\/cpi-geneva.org\/fr\/#organization"},"image":{"@id":"https:\/\/cpi-geneva.org\/fr\/the-interaction-of-religion-and-politics-in-the-public-sphere-2\/#primaryimage"},"thumbnailUrl":"https:\/\/cpi-geneva.org\/fr\/wp-content\/uploads\/sites\/3\/2023\/05\/cpi_new-burgundy_cover.png","articleSection":["Regional"],"inLanguage":"fr-FR"},{"@type":"WebPage","@id":"https:\/\/cpi-geneva.org\/fr\/the-interaction-of-religion-and-politics-in-the-public-sphere-2\/","url":"https:\/\/cpi-geneva.org\/fr\/the-interaction-of-religion-and-politics-in-the-public-sphere-2\/","name":"The Interaction of Religion and Politics in the Public Sphere - Cordoba Peace Institute | Fran\u00e7ais","isPartOf":{"@id":"https:\/\/cpi-geneva.org\/fr\/#website"},"primaryImageOfPage":{"@id":"https:\/\/cpi-geneva.org\/fr\/the-interaction-of-religion-and-politics-in-the-public-sphere-2\/#primaryimage"},"image":{"@id":"https:\/\/cpi-geneva.org\/fr\/the-interaction-of-religion-and-politics-in-the-public-sphere-2\/#primaryimage"},"thumbnailUrl":"https:\/\/cpi-geneva.org\/fr\/wp-content\/uploads\/sites\/3\/2023\/05\/cpi_new-burgundy_cover.png","datePublished":"2016-08-01T19:03:48+00:00","dateModified":"2023-05-29T12:53:01+00:00","breadcrumb":{"@id":"https:\/\/cpi-geneva.org\/fr\/the-interaction-of-religion-and-politics-in-the-public-sphere-2\/#breadcrumb"},"inLanguage":"fr-FR","potentialAction":[{"@type":"ReadAction","target":["https:\/\/cpi-geneva.org\/fr\/the-interaction-of-religion-and-politics-in-the-public-sphere-2\/"]}]},{"@type":"ImageObject","inLanguage":"fr-FR","@id":"https:\/\/cpi-geneva.org\/fr\/the-interaction-of-religion-and-politics-in-the-public-sphere-2\/#primaryimage","url":"https:\/\/cpi-geneva.org\/fr\/wp-content\/uploads\/sites\/3\/2023\/05\/cpi_new-burgundy_cover.png","contentUrl":"https:\/\/cpi-geneva.org\/fr\/wp-content\/uploads\/sites\/3\/2023\/05\/cpi_new-burgundy_cover.png","width":1920,"height":600},{"@type":"BreadcrumbList","@id":"https:\/\/cpi-geneva.org\/fr\/the-interaction-of-religion-and-politics-in-the-public-sphere-2\/#breadcrumb","itemListElement":[{"@type":"ListItem","position":1,"name":"Home","item":"https:\/\/cpi-geneva.org\/fr\/"},{"@type":"ListItem","position":2,"name":"The Interaction of Religion and Politics in the Public Sphere"}]},{"@type":"WebSite","@id":"https:\/\/cpi-geneva.org\/fr\/#website","url":"https:\/\/cpi-geneva.org\/fr\/","name":"Cordoba Peace Institute - Gen\u00e8ve CPI","description":"CPI Gen\u00e8ve | 20 ans aux service de la paix","publisher":{"@id":"https:\/\/cpi-geneva.org\/fr\/#organization"},"potentialAction":[{"@type":"SearchAction","target":{"@type":"EntryPoint","urlTemplate":"https:\/\/cpi-geneva.org\/fr\/?s={search_term_string}"},"query-input":{"@type":"PropertyValueSpecification","valueRequired":true,"valueName":"search_term_string"}}],"inLanguage":"fr-FR"},{"@type":"Organization","@id":"https:\/\/cpi-geneva.org\/fr\/#organization","name":"Cordoba Peace Institute - Gen\u00e8ve CPI","url":"https:\/\/cpi-geneva.org\/fr\/","logo":{"@type":"ImageObject","inLanguage":"fr-FR","@id":"https:\/\/cpi-geneva.org\/fr\/#\/schema\/logo\/image\/","url":"https:\/\/cpi-geneva.org\/fr\/wp-content\/uploads\/sites\/3\/2025\/12\/CPI-Geneva.png","contentUrl":"https:\/\/cpi-geneva.org\/fr\/wp-content\/uploads\/sites\/3\/2025\/12\/CPI-Geneva.png","width":740,"height":740,"caption":"Cordoba Peace Institute - Gen\u00e8ve CPI"},"image":{"@id":"https:\/\/cpi-geneva.org\/fr\/#\/schema\/logo\/image\/"}},{"@type":"Person","@id":"https:\/\/cpi-geneva.org\/fr\/#\/schema\/person\/1f02a815043284cc1f7aa799e32fb07b","name":"C\u00f2rdoba Geneva","image":{"@type":"ImageObject","inLanguage":"fr-FR","@id":"https:\/\/secure.gravatar.com\/avatar\/cf6a4ecb9e914acddd89e4c4cbc3c6fdccfd6614c26ec3023ce0173515d50eff?s=96&d=mm&r=g","url":"https:\/\/secure.gravatar.com\/avatar\/cf6a4ecb9e914acddd89e4c4cbc3c6fdccfd6614c26ec3023ce0173515d50eff?s=96&d=mm&r=g","contentUrl":"https:\/\/secure.gravatar.com\/avatar\/cf6a4ecb9e914acddd89e4c4cbc3c6fdccfd6614c26ec3023ce0173515d50eff?s=96&d=mm&r=g","caption":"C\u00f2rdoba Geneva"},"url":"https:\/\/cpi-geneva.org\/fr\/author\/corwebmaster\/"}]}},"featured_image_src":{"landsacpe":["https:\/\/cpi-geneva.org\/fr\/wp-content\/uploads\/sites\/3\/2023\/05\/cpi_new-burgundy_cover-1140x445.png",1140,445,true],"list":["https:\/\/cpi-geneva.org\/fr\/wp-content\/uploads\/sites\/3\/2023\/05\/cpi_new-burgundy_cover-463x348.png",463,348,true],"medium":["https:\/\/cpi-geneva.org\/fr\/wp-content\/uploads\/sites\/3\/2023\/05\/cpi_new-burgundy_cover-300x94.png",300,94,true],"full":["https:\/\/cpi-geneva.org\/fr\/wp-content\/uploads\/sites\/3\/2023\/05\/cpi_new-burgundy_cover.png",1920,600,false]},"_links":{"self":[{"href":"https:\/\/cpi-geneva.org\/fr\/wp-json\/wp\/v2\/posts\/713","targetHints":{"allow":["GET"]}}],"collection":[{"href":"https:\/\/cpi-geneva.org\/fr\/wp-json\/wp\/v2\/posts"}],"about":[{"href":"https:\/\/cpi-geneva.org\/fr\/wp-json\/wp\/v2\/types\/post"}],"author":[{"embeddable":true,"href":"https:\/\/cpi-geneva.org\/fr\/wp-json\/wp\/v2\/users\/2"}],"replies":[{"embeddable":true,"href":"https:\/\/cpi-geneva.org\/fr\/wp-json\/wp\/v2\/comments?post=713"}],"version-history":[{"count":1,"href":"https:\/\/cpi-geneva.org\/fr\/wp-json\/wp\/v2\/posts\/713\/revisions"}],"predecessor-version":[{"id":5746,"href":"https:\/\/cpi-geneva.org\/fr\/wp-json\/wp\/v2\/posts\/713\/revisions\/5746"}],"wp:featuredmedia":[{"embeddable":true,"href":"https:\/\/cpi-geneva.org\/fr\/wp-json\/wp\/v2\/media\/5697"}],"wp:attachment":[{"href":"https:\/\/cpi-geneva.org\/fr\/wp-json\/wp\/v2\/media?parent=713"}],"wp:term":[{"taxonomy":"category","embeddable":true,"href":"https:\/\/cpi-geneva.org\/fr\/wp-json\/wp\/v2\/categories?post=713"},{"taxonomy":"post_tag","embeddable":true,"href":"https:\/\/cpi-geneva.org\/fr\/wp-json\/wp\/v2\/tags?post=713"}],"curies":[{"name":"wp","href":"https:\/\/api.w.org\/{rel}","templated":true}]}}