{"id":684,"date":"2017-03-18T18:43:00","date_gmt":"2017-03-18T18:43:00","guid":{"rendered":"https:\/\/cpi-geneva.org\/fr\/2017\/03\/18\/experts-conclusions-memorandum-towards-a-common-action-space\/"},"modified":"2023-05-29T22:31:07","modified_gmt":"2023-05-29T21:31:07","slug":"experts-conclusions-memorandum-towards-a-common-action-space","status":"publish","type":"post","link":"https:\/\/cpi-geneva.org\/fr\/experts-conclusions-memorandum-towards-a-common-action-space\/","title":{"rendered":"Experts\u2019 Conclusions Memorandum: Towards a Common Action Space"},"content":{"rendered":"<div style=\"margin: 0px 0px 0px;\"><strong>Religion and Politics in the Public Sphere<br \/>\n<\/strong>Promoting Peaceful Co-existence among Political Actors with Different Worldviews<strong><em><br style=\"margin: 0px 0px 0px;\"><\/em><\/strong><span style=\"color: #902323;\">Istanbul, 17 March 201<em>7<br \/>\n<\/em><\/span><em>Editor: Alistair Davison<span style=\"color: #902323;\"><br \/>\n<\/span><\/em><\/div>\n<div class=\"docDownload_lft\">Download the Report<\/div>\n<div class=\"docDownload_lft_lang\"><a href=\"https:\/\/cpi-geneva.org\/fr\/wp-content\/uploads\/sites\/3\/2017\/03\/CFG_ExpertSecularityDiscuss_032017.pdf\" target=\"_blank\" rel=\"noopener\">EN<\/a><\/div>\n<div class=\"clearfix\">&nbsp;<\/div>\n<p><!--more--><\/p>\n<div class=\"docDownload_lft\">Download the Report<\/div>\n<div class=\"docDownload_lft_lang\"><a href=\"https:\/\/cpi-geneva.org\/fr\/wp-content\/uploads\/sites\/3\/2017\/03\/CFG_ExpertSecularityDiscuss_032017.pdf\" target=\"_blank\" rel=\"noopener\">EN<\/a><\/div>\n<div class=\"clearfix\">&nbsp;<\/div>\n<div>{pdf}images\/pdf\/istanbul-march2017\/CFG_ExpertSecularityDiscuss_032017.pdf{\/pdf}<\/div>\n","protected":false},"excerpt":{"rendered":"<p>Religion and Politics in the Public Sphere Promoting Peaceful Co-existence among Political Actors with Different WorldviewsIstanbul, 17 March 2017 Editor: Alistair Davison Download the Report EN &nbsp;<\/p>\n","protected":false},"author":2,"featured_media":5698,"comment_status":"open","ping_status":"open","sticky":false,"template":"","format":"standard","meta":{"footnotes":""},"categories":[41],"tags":[],"class_list":["post-684","post","type-post","status-publish","format-standard","has-post-thumbnail","hentry","category-regional"],"yoast_head":"<!-- This site is optimized with the Yoast SEO plugin v27.4 - https:\/\/yoast.com\/product\/yoast-seo-wordpress\/ -->\n<title>Experts\u2019 Conclusions Memorandum: Towards a Common Action Space - Cordoba Peace Institute | Fran\u00e7ais<\/title>\n<meta name=\"robots\" content=\"index, follow, max-snippet:-1, max-image-preview:large, max-video-preview:-1\" \/>\n<link rel=\"canonical\" href=\"https:\/\/cpi-geneva.org\/fr\/experts-conclusions-memorandum-towards-a-common-action-space\/\" \/>\n<meta property=\"og:locale\" content=\"fr_FR\" \/>\n<meta property=\"og:type\" content=\"article\" \/>\n<meta property=\"og:title\" content=\"Experts\u2019 Conclusions Memorandum: Towards a Common Action Space - Cordoba Peace Institute | Fran\u00e7ais\" \/>\n<meta property=\"og:description\" content=\"Religion and Politics in the Public Sphere Promoting Peaceful Co-existence among Political Actors with Different WorldviewsIstanbul, 17 March 2017 Editor: Alistair Davison Download the Report EN &nbsp;\" \/>\n<meta property=\"og:url\" content=\"https:\/\/cpi-geneva.org\/fr\/experts-conclusions-memorandum-towards-a-common-action-space\/\" \/>\n<meta property=\"og:site_name\" content=\"Cordoba Peace Institute | Fran\u00e7ais\" \/>\n<meta property=\"article:published_time\" content=\"2017-03-18T18:43:00+00:00\" \/>\n<meta property=\"article:modified_time\" content=\"2023-05-29T21:31:07+00:00\" \/>\n<meta property=\"og:image\" content=\"https:\/\/cpi-geneva.org\/fr\/wp-content\/uploads\/sites\/3\/2023\/05\/cpi_burgundy_cover.png\" \/>\n\t<meta property=\"og:image:width\" content=\"1920\" \/>\n\t<meta property=\"og:image:height\" content=\"600\" \/>\n\t<meta property=\"og:image:type\" content=\"image\/png\" \/>\n<meta name=\"author\" content=\"C\u00f2rdoba Geneva\" \/>\n<meta name=\"twitter:card\" content=\"summary_large_image\" \/>\n<meta name=\"twitter:label1\" content=\"\u00c9crit par\" \/>\n\t<meta name=\"twitter:data1\" content=\"C\u00f2rdoba Geneva\" \/>\n<script type=\"application\/ld+json\" class=\"yoast-schema-graph\">{\"@context\":\"https:\\\/\\\/schema.org\",\"@graph\":[{\"@type\":\"Article\",\"@id\":\"https:\\\/\\\/cpi-geneva.org\\\/fr\\\/experts-conclusions-memorandum-towards-a-common-action-space\\\/#article\",\"isPartOf\":{\"@id\":\"https:\\\/\\\/cpi-geneva.org\\\/fr\\\/experts-conclusions-memorandum-towards-a-common-action-space\\\/\"},\"author\":{\"name\":\"C\u00f2rdoba Geneva\",\"@id\":\"https:\\\/\\\/cpi-geneva.org\\\/fr\\\/#\\\/schema\\\/person\\\/1f02a815043284cc1f7aa799e32fb07b\"},\"headline\":\"Experts\u2019 Conclusions Memorandum: Towards a Common Action Space\",\"datePublished\":\"2017-03-18T18:43:00+00:00\",\"dateModified\":\"2023-05-29T21:31:07+00:00\",\"mainEntityOfPage\":{\"@id\":\"https:\\\/\\\/cpi-geneva.org\\\/fr\\\/experts-conclusions-memorandum-towards-a-common-action-space\\\/\"},\"wordCount\":47,\"commentCount\":0,\"publisher\":{\"@id\":\"https:\\\/\\\/cpi-geneva.org\\\/fr\\\/#organization\"},\"image\":{\"@id\":\"https:\\\/\\\/cpi-geneva.org\\\/fr\\\/experts-conclusions-memorandum-towards-a-common-action-space\\\/#primaryimage\"},\"thumbnailUrl\":\"https:\\\/\\\/cpi-geneva.org\\\/fr\\\/wp-content\\\/uploads\\\/sites\\\/3\\\/2023\\\/05\\\/cpi_burgundy_cover.png\",\"articleSection\":[\"Regional\"],\"inLanguage\":\"fr-FR\"},{\"@type\":\"WebPage\",\"@id\":\"https:\\\/\\\/cpi-geneva.org\\\/fr\\\/experts-conclusions-memorandum-towards-a-common-action-space\\\/\",\"url\":\"https:\\\/\\\/cpi-geneva.org\\\/fr\\\/experts-conclusions-memorandum-towards-a-common-action-space\\\/\",\"name\":\"Experts\u2019 Conclusions Memorandum: Towards a Common Action Space - Cordoba Peace Institute | Fran\u00e7ais\",\"isPartOf\":{\"@id\":\"https:\\\/\\\/cpi-geneva.org\\\/fr\\\/#website\"},\"primaryImageOfPage\":{\"@id\":\"https:\\\/\\\/cpi-geneva.org\\\/fr\\\/experts-conclusions-memorandum-towards-a-common-action-space\\\/#primaryimage\"},\"image\":{\"@id\":\"https:\\\/\\\/cpi-geneva.org\\\/fr\\\/experts-conclusions-memorandum-towards-a-common-action-space\\\/#primaryimage\"},\"thumbnailUrl\":\"https:\\\/\\\/cpi-geneva.org\\\/fr\\\/wp-content\\\/uploads\\\/sites\\\/3\\\/2023\\\/05\\\/cpi_burgundy_cover.png\",\"datePublished\":\"2017-03-18T18:43:00+00:00\",\"dateModified\":\"2023-05-29T21:31:07+00:00\",\"breadcrumb\":{\"@id\":\"https:\\\/\\\/cpi-geneva.org\\\/fr\\\/experts-conclusions-memorandum-towards-a-common-action-space\\\/#breadcrumb\"},\"inLanguage\":\"fr-FR\",\"potentialAction\":[{\"@type\":\"ReadAction\",\"target\":[\"https:\\\/\\\/cpi-geneva.org\\\/fr\\\/experts-conclusions-memorandum-towards-a-common-action-space\\\/\"]}]},{\"@type\":\"ImageObject\",\"inLanguage\":\"fr-FR\",\"@id\":\"https:\\\/\\\/cpi-geneva.org\\\/fr\\\/experts-conclusions-memorandum-towards-a-common-action-space\\\/#primaryimage\",\"url\":\"https:\\\/\\\/cpi-geneva.org\\\/fr\\\/wp-content\\\/uploads\\\/sites\\\/3\\\/2023\\\/05\\\/cpi_burgundy_cover.png\",\"contentUrl\":\"https:\\\/\\\/cpi-geneva.org\\\/fr\\\/wp-content\\\/uploads\\\/sites\\\/3\\\/2023\\\/05\\\/cpi_burgundy_cover.png\",\"width\":1920,\"height\":600},{\"@type\":\"BreadcrumbList\",\"@id\":\"https:\\\/\\\/cpi-geneva.org\\\/fr\\\/experts-conclusions-memorandum-towards-a-common-action-space\\\/#breadcrumb\",\"itemListElement\":[{\"@type\":\"ListItem\",\"position\":1,\"name\":\"Home\",\"item\":\"https:\\\/\\\/cpi-geneva.org\\\/fr\\\/\"},{\"@type\":\"ListItem\",\"position\":2,\"name\":\"Experts\u2019 Conclusions Memorandum: Towards a Common Action Space\"}]},{\"@type\":\"WebSite\",\"@id\":\"https:\\\/\\\/cpi-geneva.org\\\/fr\\\/#website\",\"url\":\"https:\\\/\\\/cpi-geneva.org\\\/fr\\\/\",\"name\":\"Cordoba Peace Institute - Gen\u00e8ve CPI\",\"description\":\"CPI Gen\u00e8ve | 20 ans aux service de la paix\",\"publisher\":{\"@id\":\"https:\\\/\\\/cpi-geneva.org\\\/fr\\\/#organization\"},\"potentialAction\":[{\"@type\":\"SearchAction\",\"target\":{\"@type\":\"EntryPoint\",\"urlTemplate\":\"https:\\\/\\\/cpi-geneva.org\\\/fr\\\/?s={search_term_string}\"},\"query-input\":{\"@type\":\"PropertyValueSpecification\",\"valueRequired\":true,\"valueName\":\"search_term_string\"}}],\"inLanguage\":\"fr-FR\"},{\"@type\":\"Organization\",\"@id\":\"https:\\\/\\\/cpi-geneva.org\\\/fr\\\/#organization\",\"name\":\"Cordoba Peace Institute - Gen\u00e8ve CPI\",\"url\":\"https:\\\/\\\/cpi-geneva.org\\\/fr\\\/\",\"logo\":{\"@type\":\"ImageObject\",\"inLanguage\":\"fr-FR\",\"@id\":\"https:\\\/\\\/cpi-geneva.org\\\/fr\\\/#\\\/schema\\\/logo\\\/image\\\/\",\"url\":\"https:\\\/\\\/cpi-geneva.org\\\/fr\\\/wp-content\\\/uploads\\\/sites\\\/3\\\/2025\\\/12\\\/CPI-Geneva.png\",\"contentUrl\":\"https:\\\/\\\/cpi-geneva.org\\\/fr\\\/wp-content\\\/uploads\\\/sites\\\/3\\\/2025\\\/12\\\/CPI-Geneva.png\",\"width\":740,\"height\":740,\"caption\":\"Cordoba Peace Institute - Gen\u00e8ve CPI\"},\"image\":{\"@id\":\"https:\\\/\\\/cpi-geneva.org\\\/fr\\\/#\\\/schema\\\/logo\\\/image\\\/\"}},{\"@type\":\"Person\",\"@id\":\"https:\\\/\\\/cpi-geneva.org\\\/fr\\\/#\\\/schema\\\/person\\\/1f02a815043284cc1f7aa799e32fb07b\",\"name\":\"C\u00f2rdoba Geneva\",\"image\":{\"@type\":\"ImageObject\",\"inLanguage\":\"fr-FR\",\"@id\":\"https:\\\/\\\/secure.gravatar.com\\\/avatar\\\/cf6a4ecb9e914acddd89e4c4cbc3c6fdccfd6614c26ec3023ce0173515d50eff?s=96&d=mm&r=g\",\"url\":\"https:\\\/\\\/secure.gravatar.com\\\/avatar\\\/cf6a4ecb9e914acddd89e4c4cbc3c6fdccfd6614c26ec3023ce0173515d50eff?s=96&d=mm&r=g\",\"contentUrl\":\"https:\\\/\\\/secure.gravatar.com\\\/avatar\\\/cf6a4ecb9e914acddd89e4c4cbc3c6fdccfd6614c26ec3023ce0173515d50eff?s=96&d=mm&r=g\",\"caption\":\"C\u00f2rdoba Geneva\"},\"url\":\"https:\\\/\\\/cpi-geneva.org\\\/fr\\\/author\\\/corwebmaster\\\/\"}]}<\/script>\n<!-- \/ Yoast SEO plugin. -->","yoast_head_json":{"title":"Experts\u2019 Conclusions Memorandum: Towards a Common Action Space - Cordoba Peace Institute | Fran\u00e7ais","robots":{"index":"index","follow":"follow","max-snippet":"max-snippet:-1","max-image-preview":"max-image-preview:large","max-video-preview":"max-video-preview:-1"},"canonical":"https:\/\/cpi-geneva.org\/fr\/experts-conclusions-memorandum-towards-a-common-action-space\/","og_locale":"fr_FR","og_type":"article","og_title":"Experts\u2019 Conclusions Memorandum: Towards a Common Action Space - Cordoba Peace Institute | Fran\u00e7ais","og_description":"Religion and Politics in the Public Sphere Promoting Peaceful Co-existence among Political Actors with Different WorldviewsIstanbul, 17 March 2017 Editor: Alistair Davison Download the Report EN &nbsp;","og_url":"https:\/\/cpi-geneva.org\/fr\/experts-conclusions-memorandum-towards-a-common-action-space\/","og_site_name":"Cordoba Peace Institute | Fran\u00e7ais","article_published_time":"2017-03-18T18:43:00+00:00","article_modified_time":"2023-05-29T21:31:07+00:00","og_image":[{"width":1920,"height":600,"url":"https:\/\/cpi-geneva.org\/fr\/wp-content\/uploads\/sites\/3\/2023\/05\/cpi_burgundy_cover.png","type":"image\/png"}],"author":"C\u00f2rdoba Geneva","twitter_card":"summary_large_image","twitter_misc":{"\u00c9crit par":"C\u00f2rdoba Geneva"},"schema":{"@context":"https:\/\/schema.org","@graph":[{"@type":"Article","@id":"https:\/\/cpi-geneva.org\/fr\/experts-conclusions-memorandum-towards-a-common-action-space\/#article","isPartOf":{"@id":"https:\/\/cpi-geneva.org\/fr\/experts-conclusions-memorandum-towards-a-common-action-space\/"},"author":{"name":"C\u00f2rdoba Geneva","@id":"https:\/\/cpi-geneva.org\/fr\/#\/schema\/person\/1f02a815043284cc1f7aa799e32fb07b"},"headline":"Experts\u2019 Conclusions Memorandum: Towards a Common Action Space","datePublished":"2017-03-18T18:43:00+00:00","dateModified":"2023-05-29T21:31:07+00:00","mainEntityOfPage":{"@id":"https:\/\/cpi-geneva.org\/fr\/experts-conclusions-memorandum-towards-a-common-action-space\/"},"wordCount":47,"commentCount":0,"publisher":{"@id":"https:\/\/cpi-geneva.org\/fr\/#organization"},"image":{"@id":"https:\/\/cpi-geneva.org\/fr\/experts-conclusions-memorandum-towards-a-common-action-space\/#primaryimage"},"thumbnailUrl":"https:\/\/cpi-geneva.org\/fr\/wp-content\/uploads\/sites\/3\/2023\/05\/cpi_burgundy_cover.png","articleSection":["Regional"],"inLanguage":"fr-FR"},{"@type":"WebPage","@id":"https:\/\/cpi-geneva.org\/fr\/experts-conclusions-memorandum-towards-a-common-action-space\/","url":"https:\/\/cpi-geneva.org\/fr\/experts-conclusions-memorandum-towards-a-common-action-space\/","name":"Experts\u2019 Conclusions Memorandum: Towards a Common Action Space - Cordoba Peace Institute | Fran\u00e7ais","isPartOf":{"@id":"https:\/\/cpi-geneva.org\/fr\/#website"},"primaryImageOfPage":{"@id":"https:\/\/cpi-geneva.org\/fr\/experts-conclusions-memorandum-towards-a-common-action-space\/#primaryimage"},"image":{"@id":"https:\/\/cpi-geneva.org\/fr\/experts-conclusions-memorandum-towards-a-common-action-space\/#primaryimage"},"thumbnailUrl":"https:\/\/cpi-geneva.org\/fr\/wp-content\/uploads\/sites\/3\/2023\/05\/cpi_burgundy_cover.png","datePublished":"2017-03-18T18:43:00+00:00","dateModified":"2023-05-29T21:31:07+00:00","breadcrumb":{"@id":"https:\/\/cpi-geneva.org\/fr\/experts-conclusions-memorandum-towards-a-common-action-space\/#breadcrumb"},"inLanguage":"fr-FR","potentialAction":[{"@type":"ReadAction","target":["https:\/\/cpi-geneva.org\/fr\/experts-conclusions-memorandum-towards-a-common-action-space\/"]}]},{"@type":"ImageObject","inLanguage":"fr-FR","@id":"https:\/\/cpi-geneva.org\/fr\/experts-conclusions-memorandum-towards-a-common-action-space\/#primaryimage","url":"https:\/\/cpi-geneva.org\/fr\/wp-content\/uploads\/sites\/3\/2023\/05\/cpi_burgundy_cover.png","contentUrl":"https:\/\/cpi-geneva.org\/fr\/wp-content\/uploads\/sites\/3\/2023\/05\/cpi_burgundy_cover.png","width":1920,"height":600},{"@type":"BreadcrumbList","@id":"https:\/\/cpi-geneva.org\/fr\/experts-conclusions-memorandum-towards-a-common-action-space\/#breadcrumb","itemListElement":[{"@type":"ListItem","position":1,"name":"Home","item":"https:\/\/cpi-geneva.org\/fr\/"},{"@type":"ListItem","position":2,"name":"Experts\u2019 Conclusions Memorandum: Towards a Common Action Space"}]},{"@type":"WebSite","@id":"https:\/\/cpi-geneva.org\/fr\/#website","url":"https:\/\/cpi-geneva.org\/fr\/","name":"Cordoba Peace Institute - Gen\u00e8ve CPI","description":"CPI Gen\u00e8ve | 20 ans aux service de la paix","publisher":{"@id":"https:\/\/cpi-geneva.org\/fr\/#organization"},"potentialAction":[{"@type":"SearchAction","target":{"@type":"EntryPoint","urlTemplate":"https:\/\/cpi-geneva.org\/fr\/?s={search_term_string}"},"query-input":{"@type":"PropertyValueSpecification","valueRequired":true,"valueName":"search_term_string"}}],"inLanguage":"fr-FR"},{"@type":"Organization","@id":"https:\/\/cpi-geneva.org\/fr\/#organization","name":"Cordoba Peace Institute - Gen\u00e8ve CPI","url":"https:\/\/cpi-geneva.org\/fr\/","logo":{"@type":"ImageObject","inLanguage":"fr-FR","@id":"https:\/\/cpi-geneva.org\/fr\/#\/schema\/logo\/image\/","url":"https:\/\/cpi-geneva.org\/fr\/wp-content\/uploads\/sites\/3\/2025\/12\/CPI-Geneva.png","contentUrl":"https:\/\/cpi-geneva.org\/fr\/wp-content\/uploads\/sites\/3\/2025\/12\/CPI-Geneva.png","width":740,"height":740,"caption":"Cordoba Peace Institute - Gen\u00e8ve CPI"},"image":{"@id":"https:\/\/cpi-geneva.org\/fr\/#\/schema\/logo\/image\/"}},{"@type":"Person","@id":"https:\/\/cpi-geneva.org\/fr\/#\/schema\/person\/1f02a815043284cc1f7aa799e32fb07b","name":"C\u00f2rdoba Geneva","image":{"@type":"ImageObject","inLanguage":"fr-FR","@id":"https:\/\/secure.gravatar.com\/avatar\/cf6a4ecb9e914acddd89e4c4cbc3c6fdccfd6614c26ec3023ce0173515d50eff?s=96&d=mm&r=g","url":"https:\/\/secure.gravatar.com\/avatar\/cf6a4ecb9e914acddd89e4c4cbc3c6fdccfd6614c26ec3023ce0173515d50eff?s=96&d=mm&r=g","contentUrl":"https:\/\/secure.gravatar.com\/avatar\/cf6a4ecb9e914acddd89e4c4cbc3c6fdccfd6614c26ec3023ce0173515d50eff?s=96&d=mm&r=g","caption":"C\u00f2rdoba Geneva"},"url":"https:\/\/cpi-geneva.org\/fr\/author\/corwebmaster\/"}]}},"featured_image_src":{"landsacpe":["https:\/\/cpi-geneva.org\/fr\/wp-content\/uploads\/sites\/3\/2023\/05\/cpi_burgundy_cover-1140x445.png",1140,445,true],"list":["https:\/\/cpi-geneva.org\/fr\/wp-content\/uploads\/sites\/3\/2023\/05\/cpi_burgundy_cover-463x348.png",463,348,true],"medium":["https:\/\/cpi-geneva.org\/fr\/wp-content\/uploads\/sites\/3\/2023\/05\/cpi_burgundy_cover-300x94.png",300,94,true],"full":["https:\/\/cpi-geneva.org\/fr\/wp-content\/uploads\/sites\/3\/2023\/05\/cpi_burgundy_cover.png",1920,600,false]},"_links":{"self":[{"href":"https:\/\/cpi-geneva.org\/fr\/wp-json\/wp\/v2\/posts\/684","targetHints":{"allow":["GET"]}}],"collection":[{"href":"https:\/\/cpi-geneva.org\/fr\/wp-json\/wp\/v2\/posts"}],"about":[{"href":"https:\/\/cpi-geneva.org\/fr\/wp-json\/wp\/v2\/types\/post"}],"author":[{"embeddable":true,"href":"https:\/\/cpi-geneva.org\/fr\/wp-json\/wp\/v2\/users\/2"}],"replies":[{"embeddable":true,"href":"https:\/\/cpi-geneva.org\/fr\/wp-json\/wp\/v2\/comments?post=684"}],"version-history":[{"count":1,"href":"https:\/\/cpi-geneva.org\/fr\/wp-json\/wp\/v2\/posts\/684\/revisions"}],"predecessor-version":[{"id":5856,"href":"https:\/\/cpi-geneva.org\/fr\/wp-json\/wp\/v2\/posts\/684\/revisions\/5856"}],"wp:featuredmedia":[{"embeddable":true,"href":"https:\/\/cpi-geneva.org\/fr\/wp-json\/wp\/v2\/media\/5698"}],"wp:attachment":[{"href":"https:\/\/cpi-geneva.org\/fr\/wp-json\/wp\/v2\/media?parent=684"}],"wp:term":[{"taxonomy":"category","embeddable":true,"href":"https:\/\/cpi-geneva.org\/fr\/wp-json\/wp\/v2\/categories?post=684"},{"taxonomy":"post_tag","embeddable":true,"href":"https:\/\/cpi-geneva.org\/fr\/wp-json\/wp\/v2\/tags?post=684"}],"curies":[{"name":"wp","href":"https:\/\/api.w.org\/{rel}","templated":true}]}}