{"id":6696,"date":"2024-12-06T11:30:02","date_gmt":"2024-12-06T11:30:02","guid":{"rendered":"https:\/\/cpi-geneva.org\/fr\/?p=6696"},"modified":"2024-12-06T14:21:17","modified_gmt":"2024-12-06T14:21:17","slug":"les-sentiers-fiqhis-role-des-juristes-islamiques-dans-le-faconnement-du-comportement-des-groupes-armes","status":"publish","type":"post","link":"https:\/\/cpi-geneva.org\/fr\/les-sentiers-fiqhis-role-des-juristes-islamiques-dans-le-faconnement-du-comportement-des-groupes-armes\/","title":{"rendered":"Les sentiers fiqhis : R\u00f4le des juristes islamiques dans le fa\u00e7onnement du comportement des groupes arm\u00e9s"},"content":{"rendered":"\n<p><a href=\"https:\/\/cpi-geneva.org\/fiqhi-pathways-the-role-of-islamic-jurists-in-shaping-armed-group-behavior\/\">English<\/a> | <a href=\"https:\/\/cpi-geneva.org\/ar\/\u0645\u0633\u0627\u0631\u0627\u062a-\u0641\u0642\u0647\u064a\u0629-\u062f\u0648\u0631-\u0641\u0642\u0647\u0627\u0621-\u0627\u0644\u0625\u0633\u0644\u0627\u0645-\u0641\u064a-\u0628\u0644\u0648\u0631\/\">\u0639\u0631\u0628\u064a<\/a><\/p>\n\n\n\n<p><\/p>\n\n\n\n<p>Par Lakhdar Ghettas<br><br><em>La note de projet suivante de Cordoba Peace Institute \u2013 Geneva (CPI), soutenu par le Programme Culture and Religion in Mediation (CARIM) : Center for Security Studies, ETH Z\u00fcrich (CSS ETH), pr\u00e9sente les r\u00e9sultats d\u2019un projet de recherche pilote men\u00e9 par CPI en 2022. Le projet a \u00e9t\u00e9 soutenu par la Templeton Charity Foundation Switzerland (TCFS) et le D\u00e9partement f\u00e9d\u00e9ral des affaires \u00e9trang\u00e8res suisse (DFAE). Les id\u00e9es et les concepts pr\u00e9sent\u00e9s dans cette publication sont des travaux en cours et ne repr\u00e9sentent pas n\u00e9cessairement les points de vue des organisations ou des donateurs impliqu\u00e9s.<br><br><\/em><em>Un projet de recherche compl\u00e9mentaire de deux ans intitul\u00e9 \u00ab&nbsp;<a href=\"https:\/\/cpi-geneva.org\/engaging-across-religious-difference\/\">Engaging Across Religious Difference : Evidence-Based Research on Islamic Jurists Shaping the Actions of Armed Groups and their Ability to Craft Practical Solutions to Conflict<\/a>&nbsp;\u00bb a \u00e9t\u00e9 lanc\u00e9 par CPI en partenariat avec le&nbsp;<a href=\"https:\/\/css.ethz.ch\/en\/think-tank\/themes\/mediation-support-and-peace-promotion\/religion-and-mediation\/engaging-across-religious-difference.html\">CSS ETH<\/a>, en f\u00e9vrier 2023, avec le soutien du Templeton Religion Trust (TRT) et du DFAE suisse.<\/em><\/p>\n\n\n\n<p><\/p>\n\n\n\n<p><strong>Objectif<\/strong><\/p>\n\n\n\n<p>Ce projet de recherche vise \u00e0 comprendre les structures et les r\u00f4les des juristes islamiques dans le fa\u00e7onnement du comportement des groupes arm\u00e9s dans les r\u00e9gions MENA et du Sahel.<\/p>\n\n\n\n<p><\/p>\n\n\n\n<p><strong>Contexte<\/strong><\/p>\n\n\n\n<p>Des groupes arm\u00e9s ayant des r\u00e9f\u00e9rences islamiques sont actifs dans divers conflits dans les r\u00e9gions MENA du Sahel. En outre, souvent ils gouvernent des populations dans les zones o\u00f9 les gouvernements \u00e9tatiques sont limit\u00e9s. Ces acteurs, comme par exemple les groupes arm\u00e9s salafistes djihadistes, ont tendance \u00e0 op\u00e9rer en dehors du cadre juridique et normatif de l\u2019\u00c9tat-nation. Dans le m\u00eame temps, il y a des juristes islamiques travaillant \u00e0 l\u2019int\u00e9rieur ou \u00e0 proximit\u00e9 de ces groupes qui ont la capacit\u00e9 et l\u2019autorit\u00e9 de pratiquer le&nbsp;<em>fiqh<\/em>, \u00e0 savoir l\u2019interpr\u00e9tation l\u00e9gitime des sources textuelles islamiques (Coran et traditions proph\u00e9tiques), afin de faire des recommandations et d\u2019orienter les actions dans le pr\u00e9sent. Cela fa\u00e7onne potentiellement les activit\u00e9s de conflit, de n\u00e9gociation et de gouvernance de ces groupes arm\u00e9s.<\/p>\n\n\n\n<p><\/p>\n\n\n\n<p><strong>Pertinence<\/strong><\/p>\n\n\n\n<p>\u00c0 l\u2019\u00e9chelle mondiale, environ 52% des conflits arm\u00e9s impliquent des acteurs dont au moins une partie a fait des revendications islamistes autoproclam\u00e9es<sup data-fn=\"781c7691-3002-42c3-b9b6-6eac099f58db\" class=\"fn\"><a href=\"#781c7691-3002-42c3-b9b6-6eac099f58db\" id=\"781c7691-3002-42c3-b9b6-6eac099f58db-link\">1<\/a><\/sup>. Si les avantages potentiels d\u2019un engagement avec ces groupes ont \u00e9t\u00e9 mis en \u00e9vidence<sup data-fn=\"5103f5de-6af2-4a6d-a754-ef59f986b167\" class=\"fn\"><a href=\"#5103f5de-6af2-4a6d-a754-ef59f986b167\" id=\"5103f5de-6af2-4a6d-a754-ef59f986b167-link\">2<\/a><\/sup>, la recherche sur la mani\u00e8re de le faire efficacement reste lacunaire. La pr\u00e9sente recherche aide \u00e0 combler cette lacune, pr\u00e9cis\u00e9ment en contribuant \u00e0 une meilleure compr\u00e9hension de la mani\u00e8re dont les juristes islamiques fa\u00e7onnent le comportement des groupes arm\u00e9s. Cette compr\u00e9hension devrait \u00e0 terme contribuer \u00e0 atteindre deux objectifs plus larges :<\/p>\n\n\n\n<p>\uffed Premi\u00e8rement, \u00e0 la&nbsp;<em>flexibilit\u00e9 de n\u00e9gociation<\/em>&nbsp;des groupes arm\u00e9s non \u00e9tatiques (GANE) d\u2019inspiration religieuse dans un processus de paix. L\u2019une des raisons pour lesquelles les n\u00e9gociations de paix peuvent \u00eatre bloqu\u00e9es est que ces groupes peuvent dire \u00ab non \u00bb \u00e0 tout compromis s\u2019il n\u2019est pas consid\u00e9r\u00e9 comme l\u00e9gitime dans leur cadre religieux. Ces groupes sont engag\u00e9s dans un double processus : avec l\u2019autre parie, par exemple le gouvernement ; et avec leur propre partie, en d\u2019autres termes avec leurs gardiens respectifs, souvent religieux, de ce qui est consid\u00e9r\u00e9 comme l\u00e9gitime. Cette recherche peut am\u00e9liorer notre compr\u00e9hension de la fa\u00e7on dont les groupes arm\u00e9s non \u00e9tatiques d\u2019inspiration religieuse se pr\u00e9parent aux n\u00e9gociations de paix, ou accro\u00eetre leur flexibilit\u00e9 de n\u00e9gociation pendant les n\u00e9gociations de paix.<\/p>\n\n\n\n<p>\uffed Deuxi\u00e8mement, pour des\u00a0<em>m\u00e9canismes de gouvernance plus responsables<\/em>\u00a0des groupes arm\u00e9s non \u00e9tatiques d\u2019inspiration religieuse. La compr\u00e9hension de ces m\u00e9canismes de responsabilit\u00e9 offre des possibilit\u00e9s d\u2019engagement constructif, par exemple \u00e0 court terme pour l\u2019action humanitaire, \u00e0 moyen terme pour d\u00e9velopper des formes hybrides de gouvernance \u00e9tatique et non \u00e9tatique, et \u00e0 long terme pour travailler \u00e0 des formes de gouvernance l\u00e9gitime et efficace telles que per\u00e7ues par les populations vivant dans ces territoires<sup data-fn=\"d722d752-4bef-4469-aa32-bd0ac29d6320\" class=\"fn\"><a href=\"#d722d752-4bef-4469-aa32-bd0ac29d6320\" id=\"d722d752-4bef-4469-aa32-bd0ac29d6320-link\">3<\/a><\/sup>.<\/p>\n\n\n\n<p><\/p>\n\n\n\n<p><strong>M\u00e9thodologie<\/strong><br>La principale question de recherche est la suivante : \u00ab Quelles sont les structures et le r\u00f4le des juristes islamiques externes et internes<sup data-fn=\"1acf3d26-881a-4e74-9ee9-6767cfeffa9f\" class=\"fn\"><a href=\"#1acf3d26-881a-4e74-9ee9-6767cfeffa9f\" id=\"1acf3d26-881a-4e74-9ee9-6767cfeffa9f-link\">4<\/a><\/sup> [4] dans le fa\u00e7onnement du comportement des groupes arm\u00e9s ? \u00bb. Les hypoth\u00e8ses et questions de recherche sont les suivantes :<\/p>\n\n\n\n<p><em>\uffed Source de l\u00e9gitimit\u00e9<\/em>&nbsp;: Les juristes et les oul\u00e9mas islamiques font partie des structures de gouvernance des groupes arm\u00e9s non \u00e9tatiques d\u2019inspiration religieuse. Ils font office de gardiens et d\u2019interpr\u00e8tes du cadre de l\u00e9gitimit\u00e9 dans lequel ces groupes arm\u00e9s op\u00e8rent. L\u2019adh\u00e9sion \u00e0 la r\u00e9f\u00e9rence islamique et la l\u00e9gitimit\u00e9 du comportement du groupe arm\u00e9 sont vitales pour ce dernier, tant sur le plan interne, pour sa coh\u00e9rence, que sur le plan externe, dans le cadre des relations de concurrence ou de coop\u00e9ration avec d\u2019autres acteurs. Les juristes islamiques peuvent \u00eatre consid\u00e9r\u00e9s comme l\u2019organe judiciaire du pouvoir ex\u00e9cutif de ces groupes. Quelle est la relation entre les organes \u00ab judiciaire\/l\u00e9gislatif \u00bb et \u201cex\u00e9cutif\u201d de ces groupes ?<\/p>\n\n\n\n<p><em>\uffed Processus d\u2019interpr\u00e9tation<\/em>\u00a0: Le processus d\u2019interpr\u00e9tation islamique<sup data-fn=\"a9851fd3-e87e-47ab-9694-f8e08e24861b\" class=\"fn\"><a href=\"#a9851fd3-e87e-47ab-9694-f8e08e24861b\" id=\"a9851fd3-e87e-47ab-9694-f8e08e24861b-link\">5<\/a><\/sup>consiste \u00e0 maintenir l\u2019orthodoxie par rapport aux \u00ab sources \u00bb tout en donnant un sens aux contextes concrets et en s\u2019y adaptant au fur et \u00e0 mesure de leur \u00e9volution. Il implique \u00e0 la fois la continuit\u00e9 et la flexibilit\u00e9. Comment se d\u00e9roule ce processus d\u2019interpr\u00e9tation et qui y est impliqu\u00e9 ?<\/p>\n\n\n\n<p>Pour explorer ces hypoth\u00e8ses et commencer \u00e0 r\u00e9pondre \u00e0 ces questions, CPI a men\u00e9 des \u00e9tudes pilotes sur diff\u00e9rents groupes islamiques en Syrie (<em>Hay\u2019at Tahrir al-Sham<\/em>&nbsp;(HTS) et&nbsp;<em>Huras Ed-Din<\/em>&nbsp;et au Mali&nbsp;<em>Jama\u2019at Nusrat al-Islam wal Muslimeen<\/em>&nbsp;(JNIM)). En outre, un atelier d\u2019\u00e9valuation par les pairs a \u00e9t\u00e9 organis\u00e9 pour discuter et am\u00e9liorer les articles avec une vingtaine d\u2019oul\u00e9mas islamiques de Syrie, d\u2019Irak, d\u2019\u00c9gypte, de Mauritanie, du Mali et du Burkina Faso.<\/p>\n\n\n\n<p><\/p>\n\n\n\n<p><strong>R\u00e9sultats pr\u00e9liminaires<\/strong><\/p>\n\n\n\n<p>Les r\u00e9sultats pr\u00e9liminaires de la recherche sugg\u00e8rent que les juristes islamiques jouent un r\u00f4le important dans les groupes arm\u00e9s d\u2019inspiration religieuse. Ils veillent \u00e0 la l\u00e9gitimit\u00e9 islamique des actions des groupes arm\u00e9s, fa\u00e7onnant ainsi leur comportement. Ils fournissent des orientations et des conseils au pouvoir ex\u00e9cutif du groupe sur des questions allant de la validation du fiqh quant \u00e0 l\u2019utilisation de la force arm\u00e9e aux questions de gouvernance li\u00e9es au traitement des questions soci\u00e9tales des communaut\u00e9s sous la mainmise du groupe arm\u00e9 (par exemple, la fiscalit\u00e9, la r\u00e9solution des conflits locaux, etc.) Les juristes sont impliqu\u00e9s dans le renforcement de la coh\u00e9rence au sein des rangs du GANE d\u2019inspiration religieuse, mais aussi \u00e0 maintenir sa r\u00e9putation et sa position aux yeux des groupes arm\u00e9s rivaux et des autorit\u00e9s et r\u00e9f\u00e9rences religieuses ext\u00e9rieures. L\u2019influence de ces juristes varie en fonction d\u2019au moins quatre facteurs :<\/p>\n\n\n\n<p><em>\uffed Position diff\u00e9rente des juristes dans la structure de pouvoir du groupe arm\u00e9<\/em>&nbsp;: Les juristes, qui, en plus de leur r\u00f4le classique, assument la responsabilit\u00e9 de portefeuilles cl\u00e9s au sein du groupe, notamment en rendant la justice (tribunaux de la charia), et le recrutement exercent une plus grande influence sur la branche ex\u00e9cutive du groupe arm\u00e9. De m\u00eame, les chefs ex\u00e9cutifs qui sont \u00e9galement des oul\u00e9mas de la jurisprudence islamique contrebalancent les points de vue des juristes, ce qui permet une multiplicit\u00e9 d\u2019interpr\u00e9tations de la jurisprudence islamique sur une question donn\u00e9e au sein du groupe. Ainsi, les \u00e9tudes de cas ont montr\u00e9 que trois types de relations entre le \u00ab l\u00e9gislatif \u00bb et l\u2019\u00ab ex\u00e9cutif \u00bb peuvent \u00eatre identifi\u00e9s : 1) une s\u00e9paration, avec des oul\u00e9mas islamiques si\u00e9geant dans le \u00ab l\u00e9gislatif \u00bb et fa\u00e7onnant l\u2019\u00ab ex\u00e9cutif \u00bb ; 2) une s\u00e9paration, mais avec des oul\u00e9mas islamiques si\u00e9geant dans les deux organes, et leurs interactions fa\u00e7onnant les d\u00e9cisions ; 3) une fusion du \u00ab l\u00e9gislatif \u00bb et de l\u2019\u00ab ex\u00e9cutif \u00bb, avec des oul\u00e9mas islamiques fa\u00e7onnant les d\u00e9cisions \u00e9tant donn\u00e9 qu\u2019ils sont dans l\u2019organe d\u00e9cisionnel fusionn\u00e9. Une quatri\u00e8me structure plausible d\u2019une interface est celle d\u2019une fusion du \u00ab l\u00e9gislatif \u00bb et de l\u2019\u00ab ex\u00e9cutif \u00bb, mais avec un faible r\u00f4le pour les oul\u00e9mas musulmans, comme on peut l\u2019observer dans certains groupes affili\u00e9s \u00e0 l\u2019\u00c9tat islamique (EI), m\u00eame si cela n\u2019a pas \u00e9t\u00e9 abord\u00e9 par les \u00e9tudes de cas.<\/p>\n\n\n\n<p><em>\uffed Gouvernance vs. responsabilit\u00e9s militaires et politiques<\/em>&nbsp;: Les oul\u00e9mas musulmans des groupes arm\u00e9s qui ont des responsabilit\u00e9s en mati\u00e8re de gouvernance de la population sur un territoire donn\u00e9 sont souvent confront\u00e9s \u00e0 des d\u00e9fis soci\u00e9taux urgents qui n\u00e9cessitent d\u2019\u00eatre trait\u00e9s de mani\u00e8re plus rapide que les questions li\u00e9es \u00e0 la conduite des hostilit\u00e9s et \u00e0 l\u2019interaction avec les autres parties au conflit. Ces d\u00e9fis obligent \u00e0 une division du travail et \u00e0 une sp\u00e9cialisation des juristes du groupe arm\u00e9, certains juristes s\u2019occupant des questions de gouvernance, tandis que d\u2019autres, plus proches du pouvoir ex\u00e9cutif, se focalisent davantage sur les positions militaires et politiques du groupe arm\u00e9. Ainsi, il peut y avoir non seulement une s\u00e9paration entre le \u00ab l\u00e9gislatif \u00bb et l\u2019\u00ab ex\u00e9cutif \u00bb mais \u00e9galement entre diff\u00e9rents organes du \u00ab l\u00e9gislatif \u00bb. Les groupes qui ont des probl\u00e8mes de gouvernance semblent susceptibles d\u2019accorder plus d\u2019espace aux juristes qui sont enracin\u00e9s dans le territoire qu\u2019ils contr\u00f4lent qu\u2019aux oul\u00e9mas et juristes \u00ab \u00e9trangers \u00bb. Par ailleurs, en faisant preuve d\u2019une bonne gouvernance par l\u2019adaptation aux coutumes et aux autorit\u00e9s locales, ils peuvent \u00e9galement rechercher une reconnaissance internationale (par exemple, radiation des listes de terroristes, une place \u00e0 la table des n\u00e9gociations, etc.).<\/p>\n\n\n\n<p><em>\uffed L\u2019influence et le r\u00f4le des juristes varient en fonction de la trajectoire historique et de la taille du groupe arm\u00e9<\/em>&nbsp;: Dans les groupes relativement petits (quelques milliers), les oul\u00e9mas sont souvent eux-m\u00eames les fondateurs du groupe et assument \u00e0 la fois des r\u00f4les judiciaires et ex\u00e9cutifs dans la structure du groupe. Les deux r\u00f4les sont non seulement flous mais fusionn\u00e9s et repr\u00e9sent\u00e9s par une poign\u00e9e de personnes s\u2019occupant \u00e0 la fois des r\u00f4les militaires et judicaires. Dans les groupes plus importants (quelques 10\u2019000) et plus tard dans l\u2019\u00e9volution du groupe, on peut parfois identifier une plus grande s\u00e9paration et clart\u00e9 des diff\u00e9rents r\u00f4les. En outre, certains oul\u00e9mas de premier plan, souvent des oul\u00e9mas chevronn\u00e9s et des v\u00e9t\u00e9rans du Jihad mondial, exercent une influence transnationale sur les opinions des oul\u00e9mas de certains groupes arm\u00e9s et sur la conduite de l\u2019ex\u00e9cutif.<\/p>\n\n\n\n<p><em>\uffed L\u2019affiliation doctrinale d\u00e9termine le r\u00f4le des sp\u00e9cialistes de l\u2019islam<\/em>&nbsp;: L\u2019affiliation doctrinale du groupe arm\u00e9 \u00e0 Al-Qa\u00efda (AQ) ou \u00e0 l\u2019EI d\u00e9termine la structure et le r\u00f4le des oul\u00e9mas islamiques. AQ reconna\u00eet les fronti\u00e8res des \u00c9tats-nations et cherche \u00e0 changer la gouvernance et \u00e0 \u00e9tablir la loi islamique par la violence et la n\u00e9gociation. EI nie l\u2019ordre politique mondial actuel et est engag\u00e9 dans une campagne sanglante contre tous les r\u00e9gimes et les civils pour \u00e9tablir une sorte d\u2019union de la nation musulmane. Les juristes des groupes affili\u00e9s \u00e0 AQ semblent avoir plus de poids au sein de leurs groupes que les juristes des groupes affili\u00e9s \u00e0 EI. Les groupes arm\u00e9s affili\u00e9s ou anciennement affili\u00e9s \u00e0 AQ semblent avoir utilis\u00e9 diff\u00e9rents moyens pour tirer parti des r\u00e9f\u00e9rences et des autorit\u00e9s religieuses nationales et coutumi\u00e8res afin de se distinguer totalement ou partiellement de l\u2019autorit\u00e9 religieuse centrale d\u2019AQ.<\/p>\n\n\n\n<p><\/p>\n\n\n\n<p><strong>Perspectives<\/strong><br>La n\u00e9cessit\u00e9 d\u2019un dialogue avec les groupes arm\u00e9s non \u00e9tatiques d\u2019inspiration religieuse est reconnue, car ils contr\u00f4lent de vastes territoires (p. ex. au Mali), fa\u00e7onnent des \u00c9tats (p. ex. en Irak et en Afghanistan), n\u00e9gocient avec d\u2019autres acteurs (p. ex. en Syrie) et assument des r\u00f4les de gouvernance. Cependant, pour \u00eatre efficace et \u00e9viter de nuire, ce dialogue doit \u00eatre bas\u00e9 sur une compr\u00e9hension solide. Cette recherche vise \u00e0 contribuer \u00e0 cet objectif. Des recherches suppl\u00e9mentaires seront n\u00e9cessaires sur les points suivants : 1) Quelle est la relation entre les dynamiques transnationales et locales qui fa\u00e7onnent le comportement des groupes arm\u00e9s d\u2019inspiration religieuse ? 2) Comment les diff\u00e9rents acteurs, par exemple ceux de l\u2019humanitaire, de la consolidation de la paix, de la m\u00e9diation, de la gouvernance, peuvent-ils utiliser ces r\u00e9sultats pour am\u00e9liorer la fa\u00e7on dont ils s\u2019engagent dans de tels contextes et \u00e9viter de faire du tort au cours du processus ? 3) Dans quelle mesure les \u00e9coles de jurisprudence islamique (sunnite\/chiite) influencent-elles le r\u00f4le des autorit\u00e9s religieuses sur la conduite des groupes arm\u00e9s non \u00e9tatiques ?<\/p>\n\n\n\n<p><\/p>\n\n\n\n<p><strong>R\u00e9f\u00e9rences<\/strong><\/p>\n\n\n<ol class=\"wp-block-footnotes\"><li id=\"781c7691-3002-42c3-b9b6-6eac099f58db\">Les conflits arm\u00e9s islamistes : un nouveau d\u00e9fi pour la r\u00e9solution des conflits ? Isak Svensson &amp; Desir\u00e9e Nilsson. D\u00e9partement de recherche sur la paix et les conflits, Universit\u00e9 d\u2019Uppsala, Dialogue FBA Recherche-Politique sur la r\u00e9solution des conflits arm\u00e9s islamistes. Octobre 2021, Stockholm. <a href=\"#781c7691-3002-42c3-b9b6-6eac099f58db-link\" aria-label=\"Aller \u00e0 la note de bas de page 1\">\u21a9\ufe0e<\/a><\/li><li id=\"5103f5de-6af2-4a6d-a754-ef59f986b167\">D\u00e9fis et opportunit\u00e9s pour la r\u00e9solution des conflits avec les groupes arm\u00e9s salafistes djihadistes. V\u00e9ronique Dudouet et Karin G\u00f6ldner-Ebenthal. Note d\u2019orientation n\u00b0 10. Fondation Berghof. Mars 2020. <a href=\"#5103f5de-6af2-4a6d-a754-ef59f986b167-link\" aria-label=\"Aller \u00e0 la note de bas de page 2\">\u21a9\ufe0e<\/a><\/li><li id=\"d722d752-4bef-4469-aa32-bd0ac29d6320\">Pour une conceptualisation de la fa\u00e7on de lier la m\u00e9diation et la gouvernance, voir M\u00e9diation et gouvernance dans des contextes fragiles : petits pas vers la paix. Dekha Ibrahim Abdi et Simon Mason. Lynne Rienner 2019. <a href=\"#d722d752-4bef-4469-aa32-bd0ac29d6320-link\" aria-label=\"Aller \u00e0 la note de bas de page 3\">\u21a9\ufe0e<\/a><\/li><li id=\"1acf3d26-881a-4e74-9ee9-6767cfeffa9f\">\u00ab Externe \u00bb se rapporte aux juristes et aux oul\u00e9mas islamiques ayant une sph\u00e8re d\u2019influence r\u00e9gionale, tandis que \u00ab interne \u00bb se rapporte aux juristes et aux oul\u00e9mas islamiques au sein ou \u00e0 proximit\u00e9 de groupes arm\u00e9s sp\u00e9cifiques dans un contexte sp\u00e9cifique. <a href=\"#1acf3d26-881a-4e74-9ee9-6767cfeffa9f-link\" aria-label=\"Aller \u00e0 la note de bas de page 4\">\u21a9\ufe0e<\/a><\/li><li id=\"a9851fd3-e87e-47ab-9694-f8e08e24861b\">Le r\u00f4le des syst\u00e8mes de valeurs dans R\u00e9solution de conflit. Abbas Aroua, Jean-Nicolas Bitter et Simon Mason. CSS Policy Perspective. Novembre 2021. <a href=\"#a9851fd3-e87e-47ab-9694-f8e08e24861b-link\" aria-label=\"Aller \u00e0 la note de bas de page 5\">\u21a9\ufe0e<\/a><\/li><\/ol>","protected":false},"excerpt":{"rendered":"<p>English | \u0639\u0631\u0628\u064a Par Lakhdar Ghettas La note de projet suivante de Cordoba Peace Institute \u2013 Geneva (CPI), soutenu par le Programme Culture and Religion in Mediation (CARIM) : Center for Security Studies, ETH Z\u00fcrich (CSS ETH), pr\u00e9sente les r\u00e9sultats d\u2019un projet de recherche pilote men\u00e9 par CPI en 2022. Le projet a \u00e9t\u00e9 soutenu [&hellip;]<\/p>\n","protected":false},"author":1,"featured_media":6706,"comment_status":"closed","ping_status":"closed","sticky":false,"template":"","format":"standard","meta":{"footnotes":"[{\"content\":\"Les conflits arm\u00e9s islamistes : un nouveau d\u00e9fi pour la r\u00e9solution des conflits ? Isak Svensson &amp; Desir\u00e9e Nilsson. D\u00e9partement de recherche sur la paix et les conflits, Universit\u00e9 d\u2019Uppsala, Dialogue FBA Recherche-Politique sur la r\u00e9solution des conflits arm\u00e9s islamistes. Octobre 2021, Stockholm.\",\"id\":\"781c7691-3002-42c3-b9b6-6eac099f58db\"},{\"content\":\"D\u00e9fis et opportunit\u00e9s pour la r\u00e9solution des conflits avec les groupes arm\u00e9s salafistes djihadistes. V\u00e9ronique Dudouet et Karin G\u00f6ldner-Ebenthal. Note d\u2019orientation n\u00b0 10. Fondation Berghof. Mars 2020.\",\"id\":\"5103f5de-6af2-4a6d-a754-ef59f986b167\"},{\"content\":\"Pour une conceptualisation de la fa\u00e7on de lier la m\u00e9diation et la gouvernance, voir M\u00e9diation et gouvernance dans des contextes fragiles : petits pas vers la paix. Dekha Ibrahim Abdi et Simon Mason. Lynne Rienner 2019.\",\"id\":\"d722d752-4bef-4469-aa32-bd0ac29d6320\"},{\"content\":\"\u00ab Externe \u00bb se rapporte aux juristes et aux oul\u00e9mas islamiques ayant une sph\u00e8re d\u2019influence r\u00e9gionale, tandis que \u00ab interne \u00bb se rapporte aux juristes et aux oul\u00e9mas islamiques au sein ou \u00e0 proximit\u00e9 de groupes arm\u00e9s sp\u00e9cifiques dans un contexte sp\u00e9cifique.\",\"id\":\"1acf3d26-881a-4e74-9ee9-6767cfeffa9f\"},{\"content\":\"Le r\u00f4le des syst\u00e8mes de valeurs dans R\u00e9solution de conflit. Abbas Aroua, Jean-Nicolas Bitter et Simon Mason. CSS Policy Perspective. Novembre 2021.\",\"id\":\"a9851fd3-e87e-47ab-9694-f8e08e24861b\"}]"},"categories":[17],"tags":[143,144,145,151,146,147,148,149,150],"class_list":["post-6696","post","type-post","status-publish","format-standard","has-post-thumbnail","hentry","category-research-papers","tag-comportement-des-groupes-armes","tag-conduite-des-hostilites","tag-dialogue","tag-etablissement-de-la-paix-dans-les-societes-islamiques","tag-gouvernance","tag-initiative-sentiers-fiqhis","tag-jurisprudence-islamique","tag-mediation","tag-resolution-des-conflits"],"yoast_head":"<!-- This site is optimized with the Yoast SEO plugin v27.4 - https:\/\/yoast.com\/product\/yoast-seo-wordpress\/ -->\n<title>Les sentiers fiqhis : R\u00f4le des juristes islamiques dans le fa\u00e7onnement du comportement des groupes arm\u00e9s - Cordoba Peace Institute | Fran\u00e7ais<\/title>\n<meta name=\"robots\" content=\"index, follow, max-snippet:-1, max-image-preview:large, max-video-preview:-1\" \/>\n<link rel=\"canonical\" href=\"https:\/\/cpi-geneva.org\/fr\/les-sentiers-fiqhis-role-des-juristes-islamiques-dans-le-faconnement-du-comportement-des-groupes-armes\/\" \/>\n<meta property=\"og:locale\" content=\"fr_FR\" \/>\n<meta property=\"og:type\" content=\"article\" \/>\n<meta property=\"og:title\" content=\"Les sentiers fiqhis : R\u00f4le des juristes islamiques dans le fa\u00e7onnement du comportement des groupes arm\u00e9s - Cordoba Peace Institute | Fran\u00e7ais\" \/>\n<meta property=\"og:description\" content=\"English | \u0639\u0631\u0628\u064a Par Lakhdar Ghettas La note de projet suivante de Cordoba Peace Institute \u2013 Geneva (CPI), soutenu par le Programme Culture and Religion in Mediation (CARIM) : Center for Security Studies, ETH Z\u00fcrich (CSS ETH), pr\u00e9sente les r\u00e9sultats d\u2019un projet de recherche pilote men\u00e9 par CPI en 2022. Le projet a \u00e9t\u00e9 soutenu [&hellip;]\" \/>\n<meta property=\"og:url\" content=\"https:\/\/cpi-geneva.org\/fr\/les-sentiers-fiqhis-role-des-juristes-islamiques-dans-le-faconnement-du-comportement-des-groupes-armes\/\" \/>\n<meta property=\"og:site_name\" content=\"Cordoba Peace Institute | Fran\u00e7ais\" \/>\n<meta property=\"article:published_time\" content=\"2024-12-06T11:30:02+00:00\" \/>\n<meta property=\"article:modified_time\" content=\"2024-12-06T14:21:17+00:00\" \/>\n<meta property=\"og:image\" content=\"https:\/\/cpi-geneva.org\/fr\/wp-content\/uploads\/sites\/3\/2024\/12\/citadel_aleppo_.jpg\" \/>\n\t<meta property=\"og:image:width\" content=\"2000\" \/>\n\t<meta property=\"og:image:height\" content=\"739\" \/>\n\t<meta property=\"og:image:type\" content=\"image\/jpeg\" \/>\n<meta name=\"author\" content=\"cpi@geneva\" \/>\n<meta name=\"twitter:card\" content=\"summary_large_image\" \/>\n<meta name=\"twitter:label1\" content=\"\u00c9crit par\" \/>\n\t<meta name=\"twitter:data1\" content=\"cpi@geneva\" \/>\n\t<meta name=\"twitter:label2\" content=\"Dur\u00e9e de lecture estim\u00e9e\" \/>\n\t<meta name=\"twitter:data2\" content=\"11 minutes\" \/>\n<script type=\"application\/ld+json\" class=\"yoast-schema-graph\">{\"@context\":\"https:\\\/\\\/schema.org\",\"@graph\":[{\"@type\":\"Article\",\"@id\":\"https:\\\/\\\/cpi-geneva.org\\\/fr\\\/les-sentiers-fiqhis-role-des-juristes-islamiques-dans-le-faconnement-du-comportement-des-groupes-armes\\\/#article\",\"isPartOf\":{\"@id\":\"https:\\\/\\\/cpi-geneva.org\\\/fr\\\/les-sentiers-fiqhis-role-des-juristes-islamiques-dans-le-faconnement-du-comportement-des-groupes-armes\\\/\"},\"author\":{\"name\":\"cpi@geneva\",\"@id\":\"https:\\\/\\\/cpi-geneva.org\\\/fr\\\/#\\\/schema\\\/person\\\/f21fa3823554591bbd477a60ddd8f24e\"},\"headline\":\"Les sentiers fiqhis : R\u00f4le des juristes islamiques dans le fa\u00e7onnement du comportement des groupes arm\u00e9s\",\"datePublished\":\"2024-12-06T11:30:02+00:00\",\"dateModified\":\"2024-12-06T14:21:17+00:00\",\"mainEntityOfPage\":{\"@id\":\"https:\\\/\\\/cpi-geneva.org\\\/fr\\\/les-sentiers-fiqhis-role-des-juristes-islamiques-dans-le-faconnement-du-comportement-des-groupes-armes\\\/\"},\"wordCount\":2208,\"publisher\":{\"@id\":\"https:\\\/\\\/cpi-geneva.org\\\/fr\\\/#organization\"},\"image\":{\"@id\":\"https:\\\/\\\/cpi-geneva.org\\\/fr\\\/les-sentiers-fiqhis-role-des-juristes-islamiques-dans-le-faconnement-du-comportement-des-groupes-armes\\\/#primaryimage\"},\"thumbnailUrl\":\"https:\\\/\\\/cpi-geneva.org\\\/fr\\\/wp-content\\\/uploads\\\/sites\\\/3\\\/2024\\\/12\\\/citadel_aleppo_.jpg\",\"keywords\":[\"Comportement des groupes arm\u00e9s\",\"Conduite des hostilit\u00e9s\",\"Dialogue\",\"\u00e9tablissement de la paix dans les soci\u00e9t\u00e9s islamiques\",\"Gouvernance\",\"Initiative Sentiers Fiqhis\",\"Jurisprudence islamique\",\"M\u00e9diation\",\"R\u00e9solution des conflits\"],\"articleSection\":[\"Research Papers\"],\"inLanguage\":\"fr-FR\"},{\"@type\":\"WebPage\",\"@id\":\"https:\\\/\\\/cpi-geneva.org\\\/fr\\\/les-sentiers-fiqhis-role-des-juristes-islamiques-dans-le-faconnement-du-comportement-des-groupes-armes\\\/\",\"url\":\"https:\\\/\\\/cpi-geneva.org\\\/fr\\\/les-sentiers-fiqhis-role-des-juristes-islamiques-dans-le-faconnement-du-comportement-des-groupes-armes\\\/\",\"name\":\"Les sentiers fiqhis : R\u00f4le des juristes islamiques dans le fa\u00e7onnement du comportement des groupes arm\u00e9s - Cordoba Peace Institute | Fran\u00e7ais\",\"isPartOf\":{\"@id\":\"https:\\\/\\\/cpi-geneva.org\\\/fr\\\/#website\"},\"primaryImageOfPage\":{\"@id\":\"https:\\\/\\\/cpi-geneva.org\\\/fr\\\/les-sentiers-fiqhis-role-des-juristes-islamiques-dans-le-faconnement-du-comportement-des-groupes-armes\\\/#primaryimage\"},\"image\":{\"@id\":\"https:\\\/\\\/cpi-geneva.org\\\/fr\\\/les-sentiers-fiqhis-role-des-juristes-islamiques-dans-le-faconnement-du-comportement-des-groupes-armes\\\/#primaryimage\"},\"thumbnailUrl\":\"https:\\\/\\\/cpi-geneva.org\\\/fr\\\/wp-content\\\/uploads\\\/sites\\\/3\\\/2024\\\/12\\\/citadel_aleppo_.jpg\",\"datePublished\":\"2024-12-06T11:30:02+00:00\",\"dateModified\":\"2024-12-06T14:21:17+00:00\",\"breadcrumb\":{\"@id\":\"https:\\\/\\\/cpi-geneva.org\\\/fr\\\/les-sentiers-fiqhis-role-des-juristes-islamiques-dans-le-faconnement-du-comportement-des-groupes-armes\\\/#breadcrumb\"},\"inLanguage\":\"fr-FR\",\"potentialAction\":[{\"@type\":\"ReadAction\",\"target\":[\"https:\\\/\\\/cpi-geneva.org\\\/fr\\\/les-sentiers-fiqhis-role-des-juristes-islamiques-dans-le-faconnement-du-comportement-des-groupes-armes\\\/\"]}]},{\"@type\":\"ImageObject\",\"inLanguage\":\"fr-FR\",\"@id\":\"https:\\\/\\\/cpi-geneva.org\\\/fr\\\/les-sentiers-fiqhis-role-des-juristes-islamiques-dans-le-faconnement-du-comportement-des-groupes-armes\\\/#primaryimage\",\"url\":\"https:\\\/\\\/cpi-geneva.org\\\/fr\\\/wp-content\\\/uploads\\\/sites\\\/3\\\/2024\\\/12\\\/citadel_aleppo_.jpg\",\"contentUrl\":\"https:\\\/\\\/cpi-geneva.org\\\/fr\\\/wp-content\\\/uploads\\\/sites\\\/3\\\/2024\\\/12\\\/citadel_aleppo_.jpg\",\"width\":2000,\"height\":739},{\"@type\":\"BreadcrumbList\",\"@id\":\"https:\\\/\\\/cpi-geneva.org\\\/fr\\\/les-sentiers-fiqhis-role-des-juristes-islamiques-dans-le-faconnement-du-comportement-des-groupes-armes\\\/#breadcrumb\",\"itemListElement\":[{\"@type\":\"ListItem\",\"position\":1,\"name\":\"Home\",\"item\":\"https:\\\/\\\/cpi-geneva.org\\\/fr\\\/\"},{\"@type\":\"ListItem\",\"position\":2,\"name\":\"Les sentiers fiqhis : R\u00f4le des juristes islamiques dans le fa\u00e7onnement du comportement des groupes arm\u00e9s\"}]},{\"@type\":\"WebSite\",\"@id\":\"https:\\\/\\\/cpi-geneva.org\\\/fr\\\/#website\",\"url\":\"https:\\\/\\\/cpi-geneva.org\\\/fr\\\/\",\"name\":\"Cordoba Peace Institute - Gen\u00e8ve CPI\",\"description\":\"CPI Gen\u00e8ve | 20 ans aux service de la paix\",\"publisher\":{\"@id\":\"https:\\\/\\\/cpi-geneva.org\\\/fr\\\/#organization\"},\"potentialAction\":[{\"@type\":\"SearchAction\",\"target\":{\"@type\":\"EntryPoint\",\"urlTemplate\":\"https:\\\/\\\/cpi-geneva.org\\\/fr\\\/?s={search_term_string}\"},\"query-input\":{\"@type\":\"PropertyValueSpecification\",\"valueRequired\":true,\"valueName\":\"search_term_string\"}}],\"inLanguage\":\"fr-FR\"},{\"@type\":\"Organization\",\"@id\":\"https:\\\/\\\/cpi-geneva.org\\\/fr\\\/#organization\",\"name\":\"Cordoba Peace Institute - Gen\u00e8ve CPI\",\"url\":\"https:\\\/\\\/cpi-geneva.org\\\/fr\\\/\",\"logo\":{\"@type\":\"ImageObject\",\"inLanguage\":\"fr-FR\",\"@id\":\"https:\\\/\\\/cpi-geneva.org\\\/fr\\\/#\\\/schema\\\/logo\\\/image\\\/\",\"url\":\"https:\\\/\\\/cpi-geneva.org\\\/fr\\\/wp-content\\\/uploads\\\/sites\\\/3\\\/2025\\\/12\\\/CPI-Geneva.png\",\"contentUrl\":\"https:\\\/\\\/cpi-geneva.org\\\/fr\\\/wp-content\\\/uploads\\\/sites\\\/3\\\/2025\\\/12\\\/CPI-Geneva.png\",\"width\":740,\"height\":740,\"caption\":\"Cordoba Peace Institute - Gen\u00e8ve CPI\"},\"image\":{\"@id\":\"https:\\\/\\\/cpi-geneva.org\\\/fr\\\/#\\\/schema\\\/logo\\\/image\\\/\"}},{\"@type\":\"Person\",\"@id\":\"https:\\\/\\\/cpi-geneva.org\\\/fr\\\/#\\\/schema\\\/person\\\/f21fa3823554591bbd477a60ddd8f24e\",\"name\":\"cpi@geneva\",\"image\":{\"@type\":\"ImageObject\",\"inLanguage\":\"fr-FR\",\"@id\":\"https:\\\/\\\/secure.gravatar.com\\\/avatar\\\/97fc073408b371a6055c0d5d9055f356408db9e9c76f1ba9eaf17cde3446275c?s=96&d=mm&r=g\",\"url\":\"https:\\\/\\\/secure.gravatar.com\\\/avatar\\\/97fc073408b371a6055c0d5d9055f356408db9e9c76f1ba9eaf17cde3446275c?s=96&d=mm&r=g\",\"contentUrl\":\"https:\\\/\\\/secure.gravatar.com\\\/avatar\\\/97fc073408b371a6055c0d5d9055f356408db9e9c76f1ba9eaf17cde3446275c?s=96&d=mm&r=g\",\"caption\":\"cpi@geneva\"},\"sameAs\":[\"https:\\\/\\\/cpi-geneva.org\"],\"url\":\"https:\\\/\\\/cpi-geneva.org\\\/fr\\\/author\\\/cpigeneva\\\/\"}]}<\/script>\n<!-- \/ Yoast SEO plugin. -->","yoast_head_json":{"title":"Les sentiers fiqhis : R\u00f4le des juristes islamiques dans le fa\u00e7onnement du comportement des groupes arm\u00e9s - Cordoba Peace Institute | Fran\u00e7ais","robots":{"index":"index","follow":"follow","max-snippet":"max-snippet:-1","max-image-preview":"max-image-preview:large","max-video-preview":"max-video-preview:-1"},"canonical":"https:\/\/cpi-geneva.org\/fr\/les-sentiers-fiqhis-role-des-juristes-islamiques-dans-le-faconnement-du-comportement-des-groupes-armes\/","og_locale":"fr_FR","og_type":"article","og_title":"Les sentiers fiqhis : R\u00f4le des juristes islamiques dans le fa\u00e7onnement du comportement des groupes arm\u00e9s - Cordoba Peace Institute | Fran\u00e7ais","og_description":"English | \u0639\u0631\u0628\u064a Par Lakhdar Ghettas La note de projet suivante de Cordoba Peace Institute \u2013 Geneva (CPI), soutenu par le Programme Culture and Religion in Mediation (CARIM) : Center for Security Studies, ETH Z\u00fcrich (CSS ETH), pr\u00e9sente les r\u00e9sultats d\u2019un projet de recherche pilote men\u00e9 par CPI en 2022. Le projet a \u00e9t\u00e9 soutenu [&hellip;]","og_url":"https:\/\/cpi-geneva.org\/fr\/les-sentiers-fiqhis-role-des-juristes-islamiques-dans-le-faconnement-du-comportement-des-groupes-armes\/","og_site_name":"Cordoba Peace Institute | Fran\u00e7ais","article_published_time":"2024-12-06T11:30:02+00:00","article_modified_time":"2024-12-06T14:21:17+00:00","og_image":[{"width":2000,"height":739,"url":"https:\/\/cpi-geneva.org\/fr\/wp-content\/uploads\/sites\/3\/2024\/12\/citadel_aleppo_.jpg","type":"image\/jpeg"}],"author":"cpi@geneva","twitter_card":"summary_large_image","twitter_misc":{"\u00c9crit par":"cpi@geneva","Dur\u00e9e de lecture estim\u00e9e":"11 minutes"},"schema":{"@context":"https:\/\/schema.org","@graph":[{"@type":"Article","@id":"https:\/\/cpi-geneva.org\/fr\/les-sentiers-fiqhis-role-des-juristes-islamiques-dans-le-faconnement-du-comportement-des-groupes-armes\/#article","isPartOf":{"@id":"https:\/\/cpi-geneva.org\/fr\/les-sentiers-fiqhis-role-des-juristes-islamiques-dans-le-faconnement-du-comportement-des-groupes-armes\/"},"author":{"name":"cpi@geneva","@id":"https:\/\/cpi-geneva.org\/fr\/#\/schema\/person\/f21fa3823554591bbd477a60ddd8f24e"},"headline":"Les sentiers fiqhis : R\u00f4le des juristes islamiques dans le fa\u00e7onnement du comportement des groupes arm\u00e9s","datePublished":"2024-12-06T11:30:02+00:00","dateModified":"2024-12-06T14:21:17+00:00","mainEntityOfPage":{"@id":"https:\/\/cpi-geneva.org\/fr\/les-sentiers-fiqhis-role-des-juristes-islamiques-dans-le-faconnement-du-comportement-des-groupes-armes\/"},"wordCount":2208,"publisher":{"@id":"https:\/\/cpi-geneva.org\/fr\/#organization"},"image":{"@id":"https:\/\/cpi-geneva.org\/fr\/les-sentiers-fiqhis-role-des-juristes-islamiques-dans-le-faconnement-du-comportement-des-groupes-armes\/#primaryimage"},"thumbnailUrl":"https:\/\/cpi-geneva.org\/fr\/wp-content\/uploads\/sites\/3\/2024\/12\/citadel_aleppo_.jpg","keywords":["Comportement des groupes arm\u00e9s","Conduite des hostilit\u00e9s","Dialogue","\u00e9tablissement de la paix dans les soci\u00e9t\u00e9s islamiques","Gouvernance","Initiative Sentiers Fiqhis","Jurisprudence islamique","M\u00e9diation","R\u00e9solution des conflits"],"articleSection":["Research Papers"],"inLanguage":"fr-FR"},{"@type":"WebPage","@id":"https:\/\/cpi-geneva.org\/fr\/les-sentiers-fiqhis-role-des-juristes-islamiques-dans-le-faconnement-du-comportement-des-groupes-armes\/","url":"https:\/\/cpi-geneva.org\/fr\/les-sentiers-fiqhis-role-des-juristes-islamiques-dans-le-faconnement-du-comportement-des-groupes-armes\/","name":"Les sentiers fiqhis : R\u00f4le des juristes islamiques dans le fa\u00e7onnement du comportement des groupes arm\u00e9s - Cordoba Peace Institute | Fran\u00e7ais","isPartOf":{"@id":"https:\/\/cpi-geneva.org\/fr\/#website"},"primaryImageOfPage":{"@id":"https:\/\/cpi-geneva.org\/fr\/les-sentiers-fiqhis-role-des-juristes-islamiques-dans-le-faconnement-du-comportement-des-groupes-armes\/#primaryimage"},"image":{"@id":"https:\/\/cpi-geneva.org\/fr\/les-sentiers-fiqhis-role-des-juristes-islamiques-dans-le-faconnement-du-comportement-des-groupes-armes\/#primaryimage"},"thumbnailUrl":"https:\/\/cpi-geneva.org\/fr\/wp-content\/uploads\/sites\/3\/2024\/12\/citadel_aleppo_.jpg","datePublished":"2024-12-06T11:30:02+00:00","dateModified":"2024-12-06T14:21:17+00:00","breadcrumb":{"@id":"https:\/\/cpi-geneva.org\/fr\/les-sentiers-fiqhis-role-des-juristes-islamiques-dans-le-faconnement-du-comportement-des-groupes-armes\/#breadcrumb"},"inLanguage":"fr-FR","potentialAction":[{"@type":"ReadAction","target":["https:\/\/cpi-geneva.org\/fr\/les-sentiers-fiqhis-role-des-juristes-islamiques-dans-le-faconnement-du-comportement-des-groupes-armes\/"]}]},{"@type":"ImageObject","inLanguage":"fr-FR","@id":"https:\/\/cpi-geneva.org\/fr\/les-sentiers-fiqhis-role-des-juristes-islamiques-dans-le-faconnement-du-comportement-des-groupes-armes\/#primaryimage","url":"https:\/\/cpi-geneva.org\/fr\/wp-content\/uploads\/sites\/3\/2024\/12\/citadel_aleppo_.jpg","contentUrl":"https:\/\/cpi-geneva.org\/fr\/wp-content\/uploads\/sites\/3\/2024\/12\/citadel_aleppo_.jpg","width":2000,"height":739},{"@type":"BreadcrumbList","@id":"https:\/\/cpi-geneva.org\/fr\/les-sentiers-fiqhis-role-des-juristes-islamiques-dans-le-faconnement-du-comportement-des-groupes-armes\/#breadcrumb","itemListElement":[{"@type":"ListItem","position":1,"name":"Home","item":"https:\/\/cpi-geneva.org\/fr\/"},{"@type":"ListItem","position":2,"name":"Les sentiers fiqhis : R\u00f4le des juristes islamiques dans le fa\u00e7onnement du comportement des groupes arm\u00e9s"}]},{"@type":"WebSite","@id":"https:\/\/cpi-geneva.org\/fr\/#website","url":"https:\/\/cpi-geneva.org\/fr\/","name":"Cordoba Peace Institute - Gen\u00e8ve CPI","description":"CPI Gen\u00e8ve | 20 ans aux service de la paix","publisher":{"@id":"https:\/\/cpi-geneva.org\/fr\/#organization"},"potentialAction":[{"@type":"SearchAction","target":{"@type":"EntryPoint","urlTemplate":"https:\/\/cpi-geneva.org\/fr\/?s={search_term_string}"},"query-input":{"@type":"PropertyValueSpecification","valueRequired":true,"valueName":"search_term_string"}}],"inLanguage":"fr-FR"},{"@type":"Organization","@id":"https:\/\/cpi-geneva.org\/fr\/#organization","name":"Cordoba Peace Institute - Gen\u00e8ve CPI","url":"https:\/\/cpi-geneva.org\/fr\/","logo":{"@type":"ImageObject","inLanguage":"fr-FR","@id":"https:\/\/cpi-geneva.org\/fr\/#\/schema\/logo\/image\/","url":"https:\/\/cpi-geneva.org\/fr\/wp-content\/uploads\/sites\/3\/2025\/12\/CPI-Geneva.png","contentUrl":"https:\/\/cpi-geneva.org\/fr\/wp-content\/uploads\/sites\/3\/2025\/12\/CPI-Geneva.png","width":740,"height":740,"caption":"Cordoba Peace Institute - Gen\u00e8ve CPI"},"image":{"@id":"https:\/\/cpi-geneva.org\/fr\/#\/schema\/logo\/image\/"}},{"@type":"Person","@id":"https:\/\/cpi-geneva.org\/fr\/#\/schema\/person\/f21fa3823554591bbd477a60ddd8f24e","name":"cpi@geneva","image":{"@type":"ImageObject","inLanguage":"fr-FR","@id":"https:\/\/secure.gravatar.com\/avatar\/97fc073408b371a6055c0d5d9055f356408db9e9c76f1ba9eaf17cde3446275c?s=96&d=mm&r=g","url":"https:\/\/secure.gravatar.com\/avatar\/97fc073408b371a6055c0d5d9055f356408db9e9c76f1ba9eaf17cde3446275c?s=96&d=mm&r=g","contentUrl":"https:\/\/secure.gravatar.com\/avatar\/97fc073408b371a6055c0d5d9055f356408db9e9c76f1ba9eaf17cde3446275c?s=96&d=mm&r=g","caption":"cpi@geneva"},"sameAs":["https:\/\/cpi-geneva.org"],"url":"https:\/\/cpi-geneva.org\/fr\/author\/cpigeneva\/"}]}},"featured_image_src":{"landsacpe":["https:\/\/cpi-geneva.org\/fr\/wp-content\/uploads\/sites\/3\/2024\/12\/citadel_aleppo_-1140x445.jpg",1140,445,true],"list":["https:\/\/cpi-geneva.org\/fr\/wp-content\/uploads\/sites\/3\/2024\/12\/citadel_aleppo_-463x348.jpg",463,348,true],"medium":["https:\/\/cpi-geneva.org\/fr\/wp-content\/uploads\/sites\/3\/2024\/12\/citadel_aleppo_-300x111.jpg",300,111,true],"full":["https:\/\/cpi-geneva.org\/fr\/wp-content\/uploads\/sites\/3\/2024\/12\/citadel_aleppo_.jpg",2000,739,false]},"_links":{"self":[{"href":"https:\/\/cpi-geneva.org\/fr\/wp-json\/wp\/v2\/posts\/6696","targetHints":{"allow":["GET"]}}],"collection":[{"href":"https:\/\/cpi-geneva.org\/fr\/wp-json\/wp\/v2\/posts"}],"about":[{"href":"https:\/\/cpi-geneva.org\/fr\/wp-json\/wp\/v2\/types\/post"}],"author":[{"embeddable":true,"href":"https:\/\/cpi-geneva.org\/fr\/wp-json\/wp\/v2\/users\/1"}],"replies":[{"embeddable":true,"href":"https:\/\/cpi-geneva.org\/fr\/wp-json\/wp\/v2\/comments?post=6696"}],"version-history":[{"count":1,"href":"https:\/\/cpi-geneva.org\/fr\/wp-json\/wp\/v2\/posts\/6696\/revisions"}],"predecessor-version":[{"id":6697,"href":"https:\/\/cpi-geneva.org\/fr\/wp-json\/wp\/v2\/posts\/6696\/revisions\/6697"}],"wp:featuredmedia":[{"embeddable":true,"href":"https:\/\/cpi-geneva.org\/fr\/wp-json\/wp\/v2\/media\/6706"}],"wp:attachment":[{"href":"https:\/\/cpi-geneva.org\/fr\/wp-json\/wp\/v2\/media?parent=6696"}],"wp:term":[{"taxonomy":"category","embeddable":true,"href":"https:\/\/cpi-geneva.org\/fr\/wp-json\/wp\/v2\/categories?post=6696"},{"taxonomy":"post_tag","embeddable":true,"href":"https:\/\/cpi-geneva.org\/fr\/wp-json\/wp\/v2\/tags?post=6696"}],"curies":[{"name":"wp","href":"https:\/\/api.w.org\/{rel}","templated":true}]}}