{"id":6692,"date":"2023-02-28T11:29:00","date_gmt":"2023-02-28T11:29:00","guid":{"rendered":"https:\/\/cpi-geneva.org\/fr\/?p=6692"},"modified":"2024-11-21T11:43:15","modified_gmt":"2024-11-21T11:43:15","slug":"dialoguer-a-travers-les-differences-religieuses","status":"publish","type":"post","link":"https:\/\/cpi-geneva.org\/fr\/dialoguer-a-travers-les-differences-religieuses\/","title":{"rendered":"Dialoguer \u00e0 travers les diff\u00e9rences religieuses"},"content":{"rendered":"\n<p><a href=\"https:\/\/cpi-geneva.org\/engaging-across-religious-difference\/\">English<\/a> | <a href=\"https:\/\/cpi-geneva.org\/ar\/\u0627\u0644\u062a\u0648\u0627\u0635\u0644-\u0639\u0628\u0631-\u0627\u0644\u0627\u062e\u062a\u0644\u0627\u0641\u0627\u062a-\u0627\u0644\u062f\u064a\u0646\u064a\u0629\/\">\u0639\u0631\u0628\u064a<\/a><\/p>\n\n\n\n<p><\/p>\n\n\n\n<p>En f\u00e9vrier 2023, le CPI a lanc\u00e9, en partenariat avec le Centre d&rsquo;\u00e9tudes de s\u00e9curit\u00e9 de l&rsquo;ETH Zurich (CSS), un projet de recherche de deux ans intitul\u00e9 \u00ab\u00a0L&rsquo;engagement \u00e0 travers les diff\u00e9rences religieuses : recherche fond\u00e9e sur des preuves concernant l&rsquo;influence des juristes islamiques sur les actions des groupes arm\u00e9s et leur capacit\u00e9 \u00e0 \u00e9laborer des solutions pratiques aux conflits\u00a0\u00bb. Ce projet, financ\u00e9 par le Templeton Religion Trust (TRT), vise \u00e0 explorer dans cinq contextes diff\u00e9rents comment divers juristes islamiques interpr\u00e8tent les \u00c9critures pour influencer le comportement des groupes arm\u00e9s, et quels types de dialogue permettent \u00e0 ces juristes de d\u00e9velopper, soutenir ou l\u00e9gitimer des solutions pratiques aux conflits au niveau de la gouvernance, de la conduite des hostilit\u00e9s ou des processus de n\u00e9gociation.<\/p>\n\n\n\n<p><\/p>\n\n\n\n<p>Ce projet examine le r\u00f4le des juristes islamiques dans cinq groupes arm\u00e9s sunnites et chiites \u00e0 travers diff\u00e9rents conflits. Comment les diff\u00e9rents juristes islamiques interpr\u00e8tent-ils les \u00c9critures pour fa\u00e7onner le comportement des groupes arm\u00e9s ? Quels types de dialogue permettent \u00e0 ces juristes de d\u00e9velopper, soutenir ou l\u00e9gitimer des solutions pratiques aux conflits en mati\u00e8re de gouvernance, de conduite des hostilit\u00e9s ou de processus de n\u00e9gociation ? En adoptant une perspective de r\u00e9solution des conflits sur la prise de d\u00e9cision interne de ces groupes et sur les moyens constructifs d&rsquo;engagement, ce projet offre aux d\u00e9cideurs politiques un cadre fond\u00e9 sur des preuves pour d\u00e9terminer si, quand et comment s&rsquo;engager avec les groupes arm\u00e9s. Cela cr\u00e9e la possibilit\u00e9 de les r\u00e9int\u00e9grer dans la sph\u00e8re publique (par exemple en participant \u00e0 des dialogues politiques ou \u00e0 des n\u00e9gociations), o\u00f9 ils pourraient contribuer de mani\u00e8re constructive sous certaines conditions. Les r\u00e9sultats alimenteront directement des projets de dialogue parall\u00e8les soutenus par le gouvernement suisse.<\/p>\n\n\n\n<p><\/p>\n\n\n\n<p>Cette recherche novatrice contribue au domaine en d\u00e9pla\u00e7ant la conversation dans les cercles politiques et universitaires des r\u00e9f\u00e9rences th\u00e9ologiques de ces groupes vers des m\u00e9thodes d&rsquo;engagement efficace \u2013 d&rsquo;un probl\u00e8me th\u00e9ologique \u00e0 d\u00e9battre vers un probl\u00e8me technique \u00e0 r\u00e9soudre. L&rsquo;accent est mis sur les juristes islamiques qui ont la confiance des groupes arm\u00e9s car cela \u00e9claire la prise de d\u00e9cision et la compr\u00e9hension de soi de ces groupes. Bien que tr\u00e8s contest\u00e9s dans le monde entier, ces juristes sont en position de d\u00e9finir ce que leurs groupes consid\u00e8rent comme l\u00e9gitime. Comprendre leur r\u00f4le est essentiel pour un engagement constructif et une litt\u00e9ratie religieuse interculturelle \u2013 deux conditions n\u00e9cessaires au Pluralisme Conventionnel. En d\u00e9veloppant une compr\u00e9hension fond\u00e9e sur des preuves des juristes islamiques proches des groupes arm\u00e9s, nous commen\u00e7ons \u00e9galement \u00e0 r\u00e9pondre \u00e0 la question de Sir John Templeton : les \u00ab\u00a0guerres religieuses\u00a0\u00bb pourraient-elles \u00ab\u00a0dispara\u00eetre si 90 % des informations spirituelles provenaient\u00a0\u00bb de recherches scientifiques v\u00e9rifiables.<\/p>\n\n\n\n<p><\/p>\n","protected":false},"excerpt":{"rendered":"<p>English | \u0639\u0631\u0628\u064a En f\u00e9vrier 2023, le CPI a lanc\u00e9, en partenariat avec le Centre d&rsquo;\u00e9tudes de s\u00e9curit\u00e9 de l&rsquo;ETH Zurich (CSS), un projet de recherche de deux ans intitul\u00e9 \u00ab\u00a0L&rsquo;engagement \u00e0 travers les diff\u00e9rences religieuses : recherche fond\u00e9e sur des preuves concernant l&rsquo;influence des juristes islamiques sur les actions des groupes arm\u00e9s et leur [&hellip;]<\/p>\n","protected":false},"author":1,"featured_media":89,"comment_status":"closed","ping_status":"closed","sticky":false,"template":"","format":"standard","meta":{"footnotes":""},"categories":[142],"tags":[],"class_list":["post-6692","post","type-post","status-publish","format-standard","has-post-thumbnail","hentry","category-role-des-leaders-religieux-dans-la-paix"],"yoast_head":"<!-- This site is optimized with the Yoast SEO plugin v27.4 - https:\/\/yoast.com\/product\/yoast-seo-wordpress\/ -->\n<title>Dialoguer \u00e0 travers les diff\u00e9rences religieuses - Cordoba Peace Institute | Fran\u00e7ais<\/title>\n<meta name=\"robots\" content=\"index, follow, max-snippet:-1, max-image-preview:large, max-video-preview:-1\" \/>\n<link rel=\"canonical\" href=\"https:\/\/cpi-geneva.org\/fr\/dialoguer-a-travers-les-differences-religieuses\/\" \/>\n<meta property=\"og:locale\" content=\"fr_FR\" \/>\n<meta property=\"og:type\" content=\"article\" \/>\n<meta property=\"og:title\" content=\"Dialoguer \u00e0 travers les diff\u00e9rences religieuses - Cordoba Peace Institute | Fran\u00e7ais\" \/>\n<meta property=\"og:description\" content=\"English | \u0639\u0631\u0628\u064a En f\u00e9vrier 2023, le CPI a lanc\u00e9, en partenariat avec le Centre d&rsquo;\u00e9tudes de s\u00e9curit\u00e9 de l&rsquo;ETH Zurich (CSS), un projet de recherche de deux ans intitul\u00e9 \u00ab\u00a0L&rsquo;engagement \u00e0 travers les diff\u00e9rences religieuses : recherche fond\u00e9e sur des preuves concernant l&rsquo;influence des juristes islamiques sur les actions des groupes arm\u00e9s et leur [&hellip;]\" \/>\n<meta property=\"og:url\" content=\"https:\/\/cpi-geneva.org\/fr\/dialoguer-a-travers-les-differences-religieuses\/\" \/>\n<meta property=\"og:site_name\" content=\"Cordoba Peace Institute | Fran\u00e7ais\" \/>\n<meta property=\"article:published_time\" content=\"2023-02-28T11:29:00+00:00\" \/>\n<meta property=\"article:modified_time\" content=\"2024-11-21T11:43:15+00:00\" \/>\n<meta property=\"og:image\" content=\"https:\/\/cpi-geneva.org\/fr\/wp-content\/uploads\/sites\/3\/2004\/02\/CFG_reports_red.jpg\" \/>\n\t<meta property=\"og:image:width\" content=\"359\" \/>\n\t<meta property=\"og:image:height\" content=\"270\" \/>\n\t<meta property=\"og:image:type\" content=\"image\/jpeg\" \/>\n<meta name=\"author\" content=\"cpi@geneva\" \/>\n<meta name=\"twitter:card\" content=\"summary_large_image\" \/>\n<meta name=\"twitter:label1\" content=\"\u00c9crit par\" \/>\n\t<meta name=\"twitter:data1\" content=\"cpi@geneva\" \/>\n\t<meta name=\"twitter:label2\" content=\"Dur\u00e9e de lecture estim\u00e9e\" \/>\n\t<meta name=\"twitter:data2\" content=\"2 minutes\" \/>\n<script type=\"application\/ld+json\" class=\"yoast-schema-graph\">{\"@context\":\"https:\\\/\\\/schema.org\",\"@graph\":[{\"@type\":\"Article\",\"@id\":\"https:\\\/\\\/cpi-geneva.org\\\/fr\\\/dialoguer-a-travers-les-differences-religieuses\\\/#article\",\"isPartOf\":{\"@id\":\"https:\\\/\\\/cpi-geneva.org\\\/fr\\\/dialoguer-a-travers-les-differences-religieuses\\\/\"},\"author\":{\"name\":\"cpi@geneva\",\"@id\":\"https:\\\/\\\/cpi-geneva.org\\\/fr\\\/#\\\/schema\\\/person\\\/f21fa3823554591bbd477a60ddd8f24e\"},\"headline\":\"Dialoguer \u00e0 travers les diff\u00e9rences religieuses\",\"datePublished\":\"2023-02-28T11:29:00+00:00\",\"dateModified\":\"2024-11-21T11:43:15+00:00\",\"mainEntityOfPage\":{\"@id\":\"https:\\\/\\\/cpi-geneva.org\\\/fr\\\/dialoguer-a-travers-les-differences-religieuses\\\/\"},\"wordCount\":501,\"publisher\":{\"@id\":\"https:\\\/\\\/cpi-geneva.org\\\/fr\\\/#organization\"},\"image\":{\"@id\":\"https:\\\/\\\/cpi-geneva.org\\\/fr\\\/dialoguer-a-travers-les-differences-religieuses\\\/#primaryimage\"},\"thumbnailUrl\":\"https:\\\/\\\/cpi-geneva.org\\\/fr\\\/wp-content\\\/uploads\\\/sites\\\/3\\\/2004\\\/02\\\/CFG_reports_red.jpg\",\"articleSection\":[\"R\u00f4le des leaders religieux dans la paix\"],\"inLanguage\":\"fr-FR\"},{\"@type\":\"WebPage\",\"@id\":\"https:\\\/\\\/cpi-geneva.org\\\/fr\\\/dialoguer-a-travers-les-differences-religieuses\\\/\",\"url\":\"https:\\\/\\\/cpi-geneva.org\\\/fr\\\/dialoguer-a-travers-les-differences-religieuses\\\/\",\"name\":\"Dialoguer \u00e0 travers les diff\u00e9rences religieuses - Cordoba Peace Institute | Fran\u00e7ais\",\"isPartOf\":{\"@id\":\"https:\\\/\\\/cpi-geneva.org\\\/fr\\\/#website\"},\"primaryImageOfPage\":{\"@id\":\"https:\\\/\\\/cpi-geneva.org\\\/fr\\\/dialoguer-a-travers-les-differences-religieuses\\\/#primaryimage\"},\"image\":{\"@id\":\"https:\\\/\\\/cpi-geneva.org\\\/fr\\\/dialoguer-a-travers-les-differences-religieuses\\\/#primaryimage\"},\"thumbnailUrl\":\"https:\\\/\\\/cpi-geneva.org\\\/fr\\\/wp-content\\\/uploads\\\/sites\\\/3\\\/2004\\\/02\\\/CFG_reports_red.jpg\",\"datePublished\":\"2023-02-28T11:29:00+00:00\",\"dateModified\":\"2024-11-21T11:43:15+00:00\",\"breadcrumb\":{\"@id\":\"https:\\\/\\\/cpi-geneva.org\\\/fr\\\/dialoguer-a-travers-les-differences-religieuses\\\/#breadcrumb\"},\"inLanguage\":\"fr-FR\",\"potentialAction\":[{\"@type\":\"ReadAction\",\"target\":[\"https:\\\/\\\/cpi-geneva.org\\\/fr\\\/dialoguer-a-travers-les-differences-religieuses\\\/\"]}]},{\"@type\":\"ImageObject\",\"inLanguage\":\"fr-FR\",\"@id\":\"https:\\\/\\\/cpi-geneva.org\\\/fr\\\/dialoguer-a-travers-les-differences-religieuses\\\/#primaryimage\",\"url\":\"https:\\\/\\\/cpi-geneva.org\\\/fr\\\/wp-content\\\/uploads\\\/sites\\\/3\\\/2004\\\/02\\\/CFG_reports_red.jpg\",\"contentUrl\":\"https:\\\/\\\/cpi-geneva.org\\\/fr\\\/wp-content\\\/uploads\\\/sites\\\/3\\\/2004\\\/02\\\/CFG_reports_red.jpg\",\"width\":359,\"height\":270},{\"@type\":\"BreadcrumbList\",\"@id\":\"https:\\\/\\\/cpi-geneva.org\\\/fr\\\/dialoguer-a-travers-les-differences-religieuses\\\/#breadcrumb\",\"itemListElement\":[{\"@type\":\"ListItem\",\"position\":1,\"name\":\"Home\",\"item\":\"https:\\\/\\\/cpi-geneva.org\\\/fr\\\/\"},{\"@type\":\"ListItem\",\"position\":2,\"name\":\"Dialoguer \u00e0 travers les diff\u00e9rences religieuses\"}]},{\"@type\":\"WebSite\",\"@id\":\"https:\\\/\\\/cpi-geneva.org\\\/fr\\\/#website\",\"url\":\"https:\\\/\\\/cpi-geneva.org\\\/fr\\\/\",\"name\":\"Cordoba Peace Institute - Gen\u00e8ve CPI\",\"description\":\"CPI Gen\u00e8ve | 20 ans aux service de la paix\",\"publisher\":{\"@id\":\"https:\\\/\\\/cpi-geneva.org\\\/fr\\\/#organization\"},\"potentialAction\":[{\"@type\":\"SearchAction\",\"target\":{\"@type\":\"EntryPoint\",\"urlTemplate\":\"https:\\\/\\\/cpi-geneva.org\\\/fr\\\/?s={search_term_string}\"},\"query-input\":{\"@type\":\"PropertyValueSpecification\",\"valueRequired\":true,\"valueName\":\"search_term_string\"}}],\"inLanguage\":\"fr-FR\"},{\"@type\":\"Organization\",\"@id\":\"https:\\\/\\\/cpi-geneva.org\\\/fr\\\/#organization\",\"name\":\"Cordoba Peace Institute - Gen\u00e8ve CPI\",\"url\":\"https:\\\/\\\/cpi-geneva.org\\\/fr\\\/\",\"logo\":{\"@type\":\"ImageObject\",\"inLanguage\":\"fr-FR\",\"@id\":\"https:\\\/\\\/cpi-geneva.org\\\/fr\\\/#\\\/schema\\\/logo\\\/image\\\/\",\"url\":\"https:\\\/\\\/cpi-geneva.org\\\/fr\\\/wp-content\\\/uploads\\\/sites\\\/3\\\/2025\\\/12\\\/CPI-Geneva.png\",\"contentUrl\":\"https:\\\/\\\/cpi-geneva.org\\\/fr\\\/wp-content\\\/uploads\\\/sites\\\/3\\\/2025\\\/12\\\/CPI-Geneva.png\",\"width\":740,\"height\":740,\"caption\":\"Cordoba Peace Institute - Gen\u00e8ve CPI\"},\"image\":{\"@id\":\"https:\\\/\\\/cpi-geneva.org\\\/fr\\\/#\\\/schema\\\/logo\\\/image\\\/\"}},{\"@type\":\"Person\",\"@id\":\"https:\\\/\\\/cpi-geneva.org\\\/fr\\\/#\\\/schema\\\/person\\\/f21fa3823554591bbd477a60ddd8f24e\",\"name\":\"cpi@geneva\",\"image\":{\"@type\":\"ImageObject\",\"inLanguage\":\"fr-FR\",\"@id\":\"https:\\\/\\\/secure.gravatar.com\\\/avatar\\\/97fc073408b371a6055c0d5d9055f356408db9e9c76f1ba9eaf17cde3446275c?s=96&d=mm&r=g\",\"url\":\"https:\\\/\\\/secure.gravatar.com\\\/avatar\\\/97fc073408b371a6055c0d5d9055f356408db9e9c76f1ba9eaf17cde3446275c?s=96&d=mm&r=g\",\"contentUrl\":\"https:\\\/\\\/secure.gravatar.com\\\/avatar\\\/97fc073408b371a6055c0d5d9055f356408db9e9c76f1ba9eaf17cde3446275c?s=96&d=mm&r=g\",\"caption\":\"cpi@geneva\"},\"sameAs\":[\"https:\\\/\\\/cpi-geneva.org\"],\"url\":\"https:\\\/\\\/cpi-geneva.org\\\/fr\\\/author\\\/cpigeneva\\\/\"}]}<\/script>\n<!-- \/ Yoast SEO plugin. -->","yoast_head_json":{"title":"Dialoguer \u00e0 travers les diff\u00e9rences religieuses - Cordoba Peace Institute | Fran\u00e7ais","robots":{"index":"index","follow":"follow","max-snippet":"max-snippet:-1","max-image-preview":"max-image-preview:large","max-video-preview":"max-video-preview:-1"},"canonical":"https:\/\/cpi-geneva.org\/fr\/dialoguer-a-travers-les-differences-religieuses\/","og_locale":"fr_FR","og_type":"article","og_title":"Dialoguer \u00e0 travers les diff\u00e9rences religieuses - Cordoba Peace Institute | Fran\u00e7ais","og_description":"English | \u0639\u0631\u0628\u064a En f\u00e9vrier 2023, le CPI a lanc\u00e9, en partenariat avec le Centre d&rsquo;\u00e9tudes de s\u00e9curit\u00e9 de l&rsquo;ETH Zurich (CSS), un projet de recherche de deux ans intitul\u00e9 \u00ab\u00a0L&rsquo;engagement \u00e0 travers les diff\u00e9rences religieuses : recherche fond\u00e9e sur des preuves concernant l&rsquo;influence des juristes islamiques sur les actions des groupes arm\u00e9s et leur [&hellip;]","og_url":"https:\/\/cpi-geneva.org\/fr\/dialoguer-a-travers-les-differences-religieuses\/","og_site_name":"Cordoba Peace Institute | Fran\u00e7ais","article_published_time":"2023-02-28T11:29:00+00:00","article_modified_time":"2024-11-21T11:43:15+00:00","og_image":[{"width":359,"height":270,"url":"https:\/\/cpi-geneva.org\/fr\/wp-content\/uploads\/sites\/3\/2004\/02\/CFG_reports_red.jpg","type":"image\/jpeg"}],"author":"cpi@geneva","twitter_card":"summary_large_image","twitter_misc":{"\u00c9crit par":"cpi@geneva","Dur\u00e9e de lecture estim\u00e9e":"2 minutes"},"schema":{"@context":"https:\/\/schema.org","@graph":[{"@type":"Article","@id":"https:\/\/cpi-geneva.org\/fr\/dialoguer-a-travers-les-differences-religieuses\/#article","isPartOf":{"@id":"https:\/\/cpi-geneva.org\/fr\/dialoguer-a-travers-les-differences-religieuses\/"},"author":{"name":"cpi@geneva","@id":"https:\/\/cpi-geneva.org\/fr\/#\/schema\/person\/f21fa3823554591bbd477a60ddd8f24e"},"headline":"Dialoguer \u00e0 travers les diff\u00e9rences religieuses","datePublished":"2023-02-28T11:29:00+00:00","dateModified":"2024-11-21T11:43:15+00:00","mainEntityOfPage":{"@id":"https:\/\/cpi-geneva.org\/fr\/dialoguer-a-travers-les-differences-religieuses\/"},"wordCount":501,"publisher":{"@id":"https:\/\/cpi-geneva.org\/fr\/#organization"},"image":{"@id":"https:\/\/cpi-geneva.org\/fr\/dialoguer-a-travers-les-differences-religieuses\/#primaryimage"},"thumbnailUrl":"https:\/\/cpi-geneva.org\/fr\/wp-content\/uploads\/sites\/3\/2004\/02\/CFG_reports_red.jpg","articleSection":["R\u00f4le des leaders religieux dans la paix"],"inLanguage":"fr-FR"},{"@type":"WebPage","@id":"https:\/\/cpi-geneva.org\/fr\/dialoguer-a-travers-les-differences-religieuses\/","url":"https:\/\/cpi-geneva.org\/fr\/dialoguer-a-travers-les-differences-religieuses\/","name":"Dialoguer \u00e0 travers les diff\u00e9rences religieuses - Cordoba Peace Institute | Fran\u00e7ais","isPartOf":{"@id":"https:\/\/cpi-geneva.org\/fr\/#website"},"primaryImageOfPage":{"@id":"https:\/\/cpi-geneva.org\/fr\/dialoguer-a-travers-les-differences-religieuses\/#primaryimage"},"image":{"@id":"https:\/\/cpi-geneva.org\/fr\/dialoguer-a-travers-les-differences-religieuses\/#primaryimage"},"thumbnailUrl":"https:\/\/cpi-geneva.org\/fr\/wp-content\/uploads\/sites\/3\/2004\/02\/CFG_reports_red.jpg","datePublished":"2023-02-28T11:29:00+00:00","dateModified":"2024-11-21T11:43:15+00:00","breadcrumb":{"@id":"https:\/\/cpi-geneva.org\/fr\/dialoguer-a-travers-les-differences-religieuses\/#breadcrumb"},"inLanguage":"fr-FR","potentialAction":[{"@type":"ReadAction","target":["https:\/\/cpi-geneva.org\/fr\/dialoguer-a-travers-les-differences-religieuses\/"]}]},{"@type":"ImageObject","inLanguage":"fr-FR","@id":"https:\/\/cpi-geneva.org\/fr\/dialoguer-a-travers-les-differences-religieuses\/#primaryimage","url":"https:\/\/cpi-geneva.org\/fr\/wp-content\/uploads\/sites\/3\/2004\/02\/CFG_reports_red.jpg","contentUrl":"https:\/\/cpi-geneva.org\/fr\/wp-content\/uploads\/sites\/3\/2004\/02\/CFG_reports_red.jpg","width":359,"height":270},{"@type":"BreadcrumbList","@id":"https:\/\/cpi-geneva.org\/fr\/dialoguer-a-travers-les-differences-religieuses\/#breadcrumb","itemListElement":[{"@type":"ListItem","position":1,"name":"Home","item":"https:\/\/cpi-geneva.org\/fr\/"},{"@type":"ListItem","position":2,"name":"Dialoguer \u00e0 travers les diff\u00e9rences religieuses"}]},{"@type":"WebSite","@id":"https:\/\/cpi-geneva.org\/fr\/#website","url":"https:\/\/cpi-geneva.org\/fr\/","name":"Cordoba Peace Institute - Gen\u00e8ve CPI","description":"CPI Gen\u00e8ve | 20 ans aux service de la paix","publisher":{"@id":"https:\/\/cpi-geneva.org\/fr\/#organization"},"potentialAction":[{"@type":"SearchAction","target":{"@type":"EntryPoint","urlTemplate":"https:\/\/cpi-geneva.org\/fr\/?s={search_term_string}"},"query-input":{"@type":"PropertyValueSpecification","valueRequired":true,"valueName":"search_term_string"}}],"inLanguage":"fr-FR"},{"@type":"Organization","@id":"https:\/\/cpi-geneva.org\/fr\/#organization","name":"Cordoba Peace Institute - Gen\u00e8ve CPI","url":"https:\/\/cpi-geneva.org\/fr\/","logo":{"@type":"ImageObject","inLanguage":"fr-FR","@id":"https:\/\/cpi-geneva.org\/fr\/#\/schema\/logo\/image\/","url":"https:\/\/cpi-geneva.org\/fr\/wp-content\/uploads\/sites\/3\/2025\/12\/CPI-Geneva.png","contentUrl":"https:\/\/cpi-geneva.org\/fr\/wp-content\/uploads\/sites\/3\/2025\/12\/CPI-Geneva.png","width":740,"height":740,"caption":"Cordoba Peace Institute - Gen\u00e8ve CPI"},"image":{"@id":"https:\/\/cpi-geneva.org\/fr\/#\/schema\/logo\/image\/"}},{"@type":"Person","@id":"https:\/\/cpi-geneva.org\/fr\/#\/schema\/person\/f21fa3823554591bbd477a60ddd8f24e","name":"cpi@geneva","image":{"@type":"ImageObject","inLanguage":"fr-FR","@id":"https:\/\/secure.gravatar.com\/avatar\/97fc073408b371a6055c0d5d9055f356408db9e9c76f1ba9eaf17cde3446275c?s=96&d=mm&r=g","url":"https:\/\/secure.gravatar.com\/avatar\/97fc073408b371a6055c0d5d9055f356408db9e9c76f1ba9eaf17cde3446275c?s=96&d=mm&r=g","contentUrl":"https:\/\/secure.gravatar.com\/avatar\/97fc073408b371a6055c0d5d9055f356408db9e9c76f1ba9eaf17cde3446275c?s=96&d=mm&r=g","caption":"cpi@geneva"},"sameAs":["https:\/\/cpi-geneva.org"],"url":"https:\/\/cpi-geneva.org\/fr\/author\/cpigeneva\/"}]}},"featured_image_src":{"landsacpe":["https:\/\/cpi-geneva.org\/fr\/wp-content\/uploads\/sites\/3\/2004\/02\/CFG_reports_red.jpg",359,270,false],"list":["https:\/\/cpi-geneva.org\/fr\/wp-content\/uploads\/sites\/3\/2004\/02\/CFG_reports_red.jpg",359,270,false],"medium":["https:\/\/cpi-geneva.org\/fr\/wp-content\/uploads\/sites\/3\/2004\/02\/CFG_reports_red-300x226.jpg",300,226,true],"full":["https:\/\/cpi-geneva.org\/fr\/wp-content\/uploads\/sites\/3\/2004\/02\/CFG_reports_red.jpg",359,270,false]},"_links":{"self":[{"href":"https:\/\/cpi-geneva.org\/fr\/wp-json\/wp\/v2\/posts\/6692","targetHints":{"allow":["GET"]}}],"collection":[{"href":"https:\/\/cpi-geneva.org\/fr\/wp-json\/wp\/v2\/posts"}],"about":[{"href":"https:\/\/cpi-geneva.org\/fr\/wp-json\/wp\/v2\/types\/post"}],"author":[{"embeddable":true,"href":"https:\/\/cpi-geneva.org\/fr\/wp-json\/wp\/v2\/users\/1"}],"replies":[{"embeddable":true,"href":"https:\/\/cpi-geneva.org\/fr\/wp-json\/wp\/v2\/comments?post=6692"}],"version-history":[{"count":2,"href":"https:\/\/cpi-geneva.org\/fr\/wp-json\/wp\/v2\/posts\/6692\/revisions"}],"predecessor-version":[{"id":6695,"href":"https:\/\/cpi-geneva.org\/fr\/wp-json\/wp\/v2\/posts\/6692\/revisions\/6695"}],"wp:featuredmedia":[{"embeddable":true,"href":"https:\/\/cpi-geneva.org\/fr\/wp-json\/wp\/v2\/media\/89"}],"wp:attachment":[{"href":"https:\/\/cpi-geneva.org\/fr\/wp-json\/wp\/v2\/media?parent=6692"}],"wp:term":[{"taxonomy":"category","embeddable":true,"href":"https:\/\/cpi-geneva.org\/fr\/wp-json\/wp\/v2\/categories?post=6692"},{"taxonomy":"post_tag","embeddable":true,"href":"https:\/\/cpi-geneva.org\/fr\/wp-json\/wp\/v2\/tags?post=6692"}],"curies":[{"name":"wp","href":"https:\/\/api.w.org\/{rel}","templated":true}]}}