{"id":603,"date":"2016-09-20T19:02:42","date_gmt":"2016-09-20T18:02:42","guid":{"rendered":"https:\/\/cpi-geneva.org\/fr\/2016\/09\/20\/atelier-l-interaction-entre-le-religieux-et-le-politique-dans-la-sphere-publique\/"},"modified":"2016-09-20T19:02:42","modified_gmt":"2016-09-20T18:02:42","slug":"atelier-l-interaction-entre-le-religieux-et-le-politique-dans-la-sphere-publique","status":"publish","type":"post","link":"https:\/\/cpi-geneva.org\/fr\/atelier-l-interaction-entre-le-religieux-et-le-politique-dans-la-sphere-publique\/","title":{"rendered":"Atelier: L&rsquo;interaction entre le religieux et le politique dans la sph\u00e8re publique"},"content":{"rendered":"<div>Doha, Qatar<br \/><em>21 &ndash;22 septembre 2016<\/em><\/div>\n<p><!--more--><\/p>\n<p><strong>L&rsquo;interaction entre le religieux et le politique dans la sph&egrave;re publique<br \/><\/strong><em><em><em>21 &ndash;22 septembre 2016 &#8211; Doha, Qatar<\/em><\/em> <\/em><\/p>\n<p><a href=\"https:\/\/cpi-geneva.org\/fr\/wp-content\/uploads\/sites\/3\/2016\/09\/doha-museum-of-islamic-art.jpg\" target=\"_blank\" rel=\"title[Doha::Museum of Islamic Art] noopener\" type=\"image\" class=\"jcepopup\"><img fetchpriority=\"high\" decoding=\"async\" src=\"https:\/\/cpi-geneva.org\/fr\/wp-content\/uploads\/sites\/3\/2016\/09\/doha-museum-of-islamic-art.jpg\" alt=\"Doha Museum of Islamic Art\" width=\"321\" height=\"240\" class=\"jcepopup\" style=\"display: block; margin: 0px 0px 0px 10px; float: right;\" \/><\/a>Le mercredi 21 septembre et le jeudi 22 septembre un atelier d&rsquo;experts sur l&rsquo;interaction entre le religieux et le politique et la promotion de la coexistence pacifique entre acteurs politiques avec diff&eacute;rentes visions du monde, s&rsquo;est tenu &agrave; Doha (Qatar). Cette rencontre organis&eacute;e par la Fondation Cordoue de Gen&egrave;ve (FCG) en partenariat avec le D&eacute;partement f&eacute;d&eacute;ral des affaires &eacute;trang&egrave;res Suisse (DFAE), a r&eacute;uni des experts venus du Maroc, de Syrie, d&rsquo;Alg&eacute;rie et de Tunisie, d&rsquo;Egypte, et du Golfe. Les discussions qui se sont tenues, sous la r&egrave;gle de Chatham House, ont &eacute;t&eacute; riches et ont permis de d&eacute;gager des pistes pour de nouvelles rencontres et de futures collaborations.<\/p>\n<p>&nbsp;<\/p>\n<p>Une premi&egrave;re rencontre s&rsquo;est tenue au mois de mars 2016, pour plus d&rsquo;informations voir le rapport ci-dessous (EN,AR):<\/p>\n<p><a href=\"http:\/\/cordoue.ch\/workshop-reports\/item\/479-workshop-report-the-interaction-of-religion-and-politics-in-the-public-sphere\">http:\/\/cordoue.ch\/workshop-reports\/item\/479-workshop-report-the-interaction-of-religion-and-politics-in-the-public-sphere<\/a><br \/><a href=\"http:\/\/cordoue.ch\/workshop-reports\/item\/480\">http:\/\/cordoue.ch\/workshop-reports\/item\/480<\/a><\/p>\n","protected":false},"excerpt":{"rendered":"<p>Doha, Qatar21 &ndash;22 septembre 2016<\/p>\n","protected":false},"author":2,"featured_media":602,"comment_status":"open","ping_status":"open","sticky":false,"template":"","format":"standard","meta":{"footnotes":""},"categories":[41],"tags":[],"class_list":["post-603","post","type-post","status-publish","format-standard","has-post-thumbnail","hentry","category-regional"],"yoast_head":"<!-- This site is optimized with the Yoast SEO plugin v27.4 - https:\/\/yoast.com\/product\/yoast-seo-wordpress\/ -->\n<title>Atelier: L&#039;interaction entre le religieux et le politique dans la sph\u00e8re publique - Cordoba Peace Institute | Fran\u00e7ais<\/title>\n<meta name=\"robots\" content=\"index, follow, max-snippet:-1, max-image-preview:large, max-video-preview:-1\" \/>\n<link rel=\"canonical\" href=\"https:\/\/cpi-geneva.org\/fr\/atelier-l-interaction-entre-le-religieux-et-le-politique-dans-la-sphere-publique\/\" \/>\n<meta property=\"og:locale\" content=\"fr_FR\" \/>\n<meta property=\"og:type\" content=\"article\" \/>\n<meta property=\"og:title\" content=\"Atelier: L&#039;interaction entre le religieux et le politique dans la sph\u00e8re publique - Cordoba Peace Institute | Fran\u00e7ais\" \/>\n<meta property=\"og:description\" content=\"Doha, Qatar21 &ndash;22 septembre 2016\" \/>\n<meta property=\"og:url\" content=\"https:\/\/cpi-geneva.org\/fr\/atelier-l-interaction-entre-le-religieux-et-le-politique-dans-la-sphere-publique\/\" \/>\n<meta property=\"og:site_name\" content=\"Cordoba Peace Institute | Fran\u00e7ais\" \/>\n<meta property=\"article:published_time\" content=\"2016-09-20T18:02:42+00:00\" \/>\n<meta property=\"og:image\" content=\"https:\/\/cpi-geneva.org\/fr\/wp-content\/uploads\/sites\/3\/2016\/09\/doha-museum-of-islamic-art.jpg\" \/>\n\t<meta property=\"og:image:width\" content=\"1024\" \/>\n\t<meta property=\"og:image:height\" content=\"768\" \/>\n\t<meta property=\"og:image:type\" content=\"image\/jpeg\" \/>\n<meta name=\"author\" content=\"C\u00f2rdoba Geneva\" \/>\n<meta name=\"twitter:card\" content=\"summary_large_image\" \/>\n<meta name=\"twitter:label1\" content=\"\u00c9crit par\" \/>\n\t<meta name=\"twitter:data1\" content=\"C\u00f2rdoba Geneva\" \/>\n\t<meta name=\"twitter:label2\" content=\"Dur\u00e9e de lecture estim\u00e9e\" \/>\n\t<meta name=\"twitter:data2\" content=\"1 minute\" \/>\n<script type=\"application\/ld+json\" class=\"yoast-schema-graph\">{\"@context\":\"https:\\\/\\\/schema.org\",\"@graph\":[{\"@type\":\"Article\",\"@id\":\"https:\\\/\\\/cpi-geneva.org\\\/fr\\\/atelier-l-interaction-entre-le-religieux-et-le-politique-dans-la-sphere-publique\\\/#article\",\"isPartOf\":{\"@id\":\"https:\\\/\\\/cpi-geneva.org\\\/fr\\\/atelier-l-interaction-entre-le-religieux-et-le-politique-dans-la-sphere-publique\\\/\"},\"author\":{\"name\":\"C\u00f2rdoba Geneva\",\"@id\":\"https:\\\/\\\/cpi-geneva.org\\\/fr\\\/#\\\/schema\\\/person\\\/1f02a815043284cc1f7aa799e32fb07b\"},\"headline\":\"Atelier: L&rsquo;interaction entre le religieux et le politique dans la sph\u00e8re publique\",\"datePublished\":\"2016-09-20T18:02:42+00:00\",\"mainEntityOfPage\":{\"@id\":\"https:\\\/\\\/cpi-geneva.org\\\/fr\\\/atelier-l-interaction-entre-le-religieux-et-le-politique-dans-la-sphere-publique\\\/\"},\"wordCount\":207,\"commentCount\":0,\"publisher\":{\"@id\":\"https:\\\/\\\/cpi-geneva.org\\\/fr\\\/#organization\"},\"image\":{\"@id\":\"https:\\\/\\\/cpi-geneva.org\\\/fr\\\/atelier-l-interaction-entre-le-religieux-et-le-politique-dans-la-sphere-publique\\\/#primaryimage\"},\"thumbnailUrl\":\"https:\\\/\\\/cpi-geneva.org\\\/fr\\\/wp-content\\\/uploads\\\/sites\\\/3\\\/2016\\\/09\\\/doha-museum-of-islamic-art.jpg\",\"articleSection\":[\"Regional\"],\"inLanguage\":\"fr-FR\"},{\"@type\":\"WebPage\",\"@id\":\"https:\\\/\\\/cpi-geneva.org\\\/fr\\\/atelier-l-interaction-entre-le-religieux-et-le-politique-dans-la-sphere-publique\\\/\",\"url\":\"https:\\\/\\\/cpi-geneva.org\\\/fr\\\/atelier-l-interaction-entre-le-religieux-et-le-politique-dans-la-sphere-publique\\\/\",\"name\":\"Atelier: L'interaction entre le religieux et le politique dans la sph\u00e8re publique - Cordoba Peace Institute | Fran\u00e7ais\",\"isPartOf\":{\"@id\":\"https:\\\/\\\/cpi-geneva.org\\\/fr\\\/#website\"},\"primaryImageOfPage\":{\"@id\":\"https:\\\/\\\/cpi-geneva.org\\\/fr\\\/atelier-l-interaction-entre-le-religieux-et-le-politique-dans-la-sphere-publique\\\/#primaryimage\"},\"image\":{\"@id\":\"https:\\\/\\\/cpi-geneva.org\\\/fr\\\/atelier-l-interaction-entre-le-religieux-et-le-politique-dans-la-sphere-publique\\\/#primaryimage\"},\"thumbnailUrl\":\"https:\\\/\\\/cpi-geneva.org\\\/fr\\\/wp-content\\\/uploads\\\/sites\\\/3\\\/2016\\\/09\\\/doha-museum-of-islamic-art.jpg\",\"datePublished\":\"2016-09-20T18:02:42+00:00\",\"breadcrumb\":{\"@id\":\"https:\\\/\\\/cpi-geneva.org\\\/fr\\\/atelier-l-interaction-entre-le-religieux-et-le-politique-dans-la-sphere-publique\\\/#breadcrumb\"},\"inLanguage\":\"fr-FR\",\"potentialAction\":[{\"@type\":\"ReadAction\",\"target\":[\"https:\\\/\\\/cpi-geneva.org\\\/fr\\\/atelier-l-interaction-entre-le-religieux-et-le-politique-dans-la-sphere-publique\\\/\"]}]},{\"@type\":\"ImageObject\",\"inLanguage\":\"fr-FR\",\"@id\":\"https:\\\/\\\/cpi-geneva.org\\\/fr\\\/atelier-l-interaction-entre-le-religieux-et-le-politique-dans-la-sphere-publique\\\/#primaryimage\",\"url\":\"https:\\\/\\\/cpi-geneva.org\\\/fr\\\/wp-content\\\/uploads\\\/sites\\\/3\\\/2016\\\/09\\\/doha-museum-of-islamic-art.jpg\",\"contentUrl\":\"https:\\\/\\\/cpi-geneva.org\\\/fr\\\/wp-content\\\/uploads\\\/sites\\\/3\\\/2016\\\/09\\\/doha-museum-of-islamic-art.jpg\",\"width\":1024,\"height\":768},{\"@type\":\"BreadcrumbList\",\"@id\":\"https:\\\/\\\/cpi-geneva.org\\\/fr\\\/atelier-l-interaction-entre-le-religieux-et-le-politique-dans-la-sphere-publique\\\/#breadcrumb\",\"itemListElement\":[{\"@type\":\"ListItem\",\"position\":1,\"name\":\"Home\",\"item\":\"https:\\\/\\\/cpi-geneva.org\\\/fr\\\/\"},{\"@type\":\"ListItem\",\"position\":2,\"name\":\"Atelier: L&rsquo;interaction entre le religieux et le politique dans la sph\u00e8re publique\"}]},{\"@type\":\"WebSite\",\"@id\":\"https:\\\/\\\/cpi-geneva.org\\\/fr\\\/#website\",\"url\":\"https:\\\/\\\/cpi-geneva.org\\\/fr\\\/\",\"name\":\"Cordoba Peace Institute - Gen\u00e8ve CPI\",\"description\":\"CPI Gen\u00e8ve | 20 ans aux service de la paix\",\"publisher\":{\"@id\":\"https:\\\/\\\/cpi-geneva.org\\\/fr\\\/#organization\"},\"potentialAction\":[{\"@type\":\"SearchAction\",\"target\":{\"@type\":\"EntryPoint\",\"urlTemplate\":\"https:\\\/\\\/cpi-geneva.org\\\/fr\\\/?s={search_term_string}\"},\"query-input\":{\"@type\":\"PropertyValueSpecification\",\"valueRequired\":true,\"valueName\":\"search_term_string\"}}],\"inLanguage\":\"fr-FR\"},{\"@type\":\"Organization\",\"@id\":\"https:\\\/\\\/cpi-geneva.org\\\/fr\\\/#organization\",\"name\":\"Cordoba Peace Institute - Gen\u00e8ve CPI\",\"url\":\"https:\\\/\\\/cpi-geneva.org\\\/fr\\\/\",\"logo\":{\"@type\":\"ImageObject\",\"inLanguage\":\"fr-FR\",\"@id\":\"https:\\\/\\\/cpi-geneva.org\\\/fr\\\/#\\\/schema\\\/logo\\\/image\\\/\",\"url\":\"https:\\\/\\\/cpi-geneva.org\\\/fr\\\/wp-content\\\/uploads\\\/sites\\\/3\\\/2025\\\/12\\\/CPI-Geneva.png\",\"contentUrl\":\"https:\\\/\\\/cpi-geneva.org\\\/fr\\\/wp-content\\\/uploads\\\/sites\\\/3\\\/2025\\\/12\\\/CPI-Geneva.png\",\"width\":740,\"height\":740,\"caption\":\"Cordoba Peace Institute - Gen\u00e8ve CPI\"},\"image\":{\"@id\":\"https:\\\/\\\/cpi-geneva.org\\\/fr\\\/#\\\/schema\\\/logo\\\/image\\\/\"}},{\"@type\":\"Person\",\"@id\":\"https:\\\/\\\/cpi-geneva.org\\\/fr\\\/#\\\/schema\\\/person\\\/1f02a815043284cc1f7aa799e32fb07b\",\"name\":\"C\u00f2rdoba Geneva\",\"image\":{\"@type\":\"ImageObject\",\"inLanguage\":\"fr-FR\",\"@id\":\"https:\\\/\\\/secure.gravatar.com\\\/avatar\\\/cf6a4ecb9e914acddd89e4c4cbc3c6fdccfd6614c26ec3023ce0173515d50eff?s=96&d=mm&r=g\",\"url\":\"https:\\\/\\\/secure.gravatar.com\\\/avatar\\\/cf6a4ecb9e914acddd89e4c4cbc3c6fdccfd6614c26ec3023ce0173515d50eff?s=96&d=mm&r=g\",\"contentUrl\":\"https:\\\/\\\/secure.gravatar.com\\\/avatar\\\/cf6a4ecb9e914acddd89e4c4cbc3c6fdccfd6614c26ec3023ce0173515d50eff?s=96&d=mm&r=g\",\"caption\":\"C\u00f2rdoba Geneva\"},\"url\":\"https:\\\/\\\/cpi-geneva.org\\\/fr\\\/author\\\/corwebmaster\\\/\"}]}<\/script>\n<!-- \/ Yoast SEO plugin. -->","yoast_head_json":{"title":"Atelier: L'interaction entre le religieux et le politique dans la sph\u00e8re publique - Cordoba Peace Institute | Fran\u00e7ais","robots":{"index":"index","follow":"follow","max-snippet":"max-snippet:-1","max-image-preview":"max-image-preview:large","max-video-preview":"max-video-preview:-1"},"canonical":"https:\/\/cpi-geneva.org\/fr\/atelier-l-interaction-entre-le-religieux-et-le-politique-dans-la-sphere-publique\/","og_locale":"fr_FR","og_type":"article","og_title":"Atelier: L'interaction entre le religieux et le politique dans la sph\u00e8re publique - Cordoba Peace Institute | Fran\u00e7ais","og_description":"Doha, Qatar21 &ndash;22 septembre 2016","og_url":"https:\/\/cpi-geneva.org\/fr\/atelier-l-interaction-entre-le-religieux-et-le-politique-dans-la-sphere-publique\/","og_site_name":"Cordoba Peace Institute | Fran\u00e7ais","article_published_time":"2016-09-20T18:02:42+00:00","og_image":[{"width":1024,"height":768,"url":"https:\/\/cpi-geneva.org\/fr\/wp-content\/uploads\/sites\/3\/2016\/09\/doha-museum-of-islamic-art.jpg","type":"image\/jpeg"}],"author":"C\u00f2rdoba Geneva","twitter_card":"summary_large_image","twitter_misc":{"\u00c9crit par":"C\u00f2rdoba Geneva","Dur\u00e9e de lecture estim\u00e9e":"1 minute"},"schema":{"@context":"https:\/\/schema.org","@graph":[{"@type":"Article","@id":"https:\/\/cpi-geneva.org\/fr\/atelier-l-interaction-entre-le-religieux-et-le-politique-dans-la-sphere-publique\/#article","isPartOf":{"@id":"https:\/\/cpi-geneva.org\/fr\/atelier-l-interaction-entre-le-religieux-et-le-politique-dans-la-sphere-publique\/"},"author":{"name":"C\u00f2rdoba Geneva","@id":"https:\/\/cpi-geneva.org\/fr\/#\/schema\/person\/1f02a815043284cc1f7aa799e32fb07b"},"headline":"Atelier: L&rsquo;interaction entre le religieux et le politique dans la sph\u00e8re publique","datePublished":"2016-09-20T18:02:42+00:00","mainEntityOfPage":{"@id":"https:\/\/cpi-geneva.org\/fr\/atelier-l-interaction-entre-le-religieux-et-le-politique-dans-la-sphere-publique\/"},"wordCount":207,"commentCount":0,"publisher":{"@id":"https:\/\/cpi-geneva.org\/fr\/#organization"},"image":{"@id":"https:\/\/cpi-geneva.org\/fr\/atelier-l-interaction-entre-le-religieux-et-le-politique-dans-la-sphere-publique\/#primaryimage"},"thumbnailUrl":"https:\/\/cpi-geneva.org\/fr\/wp-content\/uploads\/sites\/3\/2016\/09\/doha-museum-of-islamic-art.jpg","articleSection":["Regional"],"inLanguage":"fr-FR"},{"@type":"WebPage","@id":"https:\/\/cpi-geneva.org\/fr\/atelier-l-interaction-entre-le-religieux-et-le-politique-dans-la-sphere-publique\/","url":"https:\/\/cpi-geneva.org\/fr\/atelier-l-interaction-entre-le-religieux-et-le-politique-dans-la-sphere-publique\/","name":"Atelier: L'interaction entre le religieux et le politique dans la sph\u00e8re publique - Cordoba Peace Institute | Fran\u00e7ais","isPartOf":{"@id":"https:\/\/cpi-geneva.org\/fr\/#website"},"primaryImageOfPage":{"@id":"https:\/\/cpi-geneva.org\/fr\/atelier-l-interaction-entre-le-religieux-et-le-politique-dans-la-sphere-publique\/#primaryimage"},"image":{"@id":"https:\/\/cpi-geneva.org\/fr\/atelier-l-interaction-entre-le-religieux-et-le-politique-dans-la-sphere-publique\/#primaryimage"},"thumbnailUrl":"https:\/\/cpi-geneva.org\/fr\/wp-content\/uploads\/sites\/3\/2016\/09\/doha-museum-of-islamic-art.jpg","datePublished":"2016-09-20T18:02:42+00:00","breadcrumb":{"@id":"https:\/\/cpi-geneva.org\/fr\/atelier-l-interaction-entre-le-religieux-et-le-politique-dans-la-sphere-publique\/#breadcrumb"},"inLanguage":"fr-FR","potentialAction":[{"@type":"ReadAction","target":["https:\/\/cpi-geneva.org\/fr\/atelier-l-interaction-entre-le-religieux-et-le-politique-dans-la-sphere-publique\/"]}]},{"@type":"ImageObject","inLanguage":"fr-FR","@id":"https:\/\/cpi-geneva.org\/fr\/atelier-l-interaction-entre-le-religieux-et-le-politique-dans-la-sphere-publique\/#primaryimage","url":"https:\/\/cpi-geneva.org\/fr\/wp-content\/uploads\/sites\/3\/2016\/09\/doha-museum-of-islamic-art.jpg","contentUrl":"https:\/\/cpi-geneva.org\/fr\/wp-content\/uploads\/sites\/3\/2016\/09\/doha-museum-of-islamic-art.jpg","width":1024,"height":768},{"@type":"BreadcrumbList","@id":"https:\/\/cpi-geneva.org\/fr\/atelier-l-interaction-entre-le-religieux-et-le-politique-dans-la-sphere-publique\/#breadcrumb","itemListElement":[{"@type":"ListItem","position":1,"name":"Home","item":"https:\/\/cpi-geneva.org\/fr\/"},{"@type":"ListItem","position":2,"name":"Atelier: L&rsquo;interaction entre le religieux et le politique dans la sph\u00e8re publique"}]},{"@type":"WebSite","@id":"https:\/\/cpi-geneva.org\/fr\/#website","url":"https:\/\/cpi-geneva.org\/fr\/","name":"Cordoba Peace Institute - Gen\u00e8ve CPI","description":"CPI Gen\u00e8ve | 20 ans aux service de la paix","publisher":{"@id":"https:\/\/cpi-geneva.org\/fr\/#organization"},"potentialAction":[{"@type":"SearchAction","target":{"@type":"EntryPoint","urlTemplate":"https:\/\/cpi-geneva.org\/fr\/?s={search_term_string}"},"query-input":{"@type":"PropertyValueSpecification","valueRequired":true,"valueName":"search_term_string"}}],"inLanguage":"fr-FR"},{"@type":"Organization","@id":"https:\/\/cpi-geneva.org\/fr\/#organization","name":"Cordoba Peace Institute - Gen\u00e8ve CPI","url":"https:\/\/cpi-geneva.org\/fr\/","logo":{"@type":"ImageObject","inLanguage":"fr-FR","@id":"https:\/\/cpi-geneva.org\/fr\/#\/schema\/logo\/image\/","url":"https:\/\/cpi-geneva.org\/fr\/wp-content\/uploads\/sites\/3\/2025\/12\/CPI-Geneva.png","contentUrl":"https:\/\/cpi-geneva.org\/fr\/wp-content\/uploads\/sites\/3\/2025\/12\/CPI-Geneva.png","width":740,"height":740,"caption":"Cordoba Peace Institute - Gen\u00e8ve CPI"},"image":{"@id":"https:\/\/cpi-geneva.org\/fr\/#\/schema\/logo\/image\/"}},{"@type":"Person","@id":"https:\/\/cpi-geneva.org\/fr\/#\/schema\/person\/1f02a815043284cc1f7aa799e32fb07b","name":"C\u00f2rdoba Geneva","image":{"@type":"ImageObject","inLanguage":"fr-FR","@id":"https:\/\/secure.gravatar.com\/avatar\/cf6a4ecb9e914acddd89e4c4cbc3c6fdccfd6614c26ec3023ce0173515d50eff?s=96&d=mm&r=g","url":"https:\/\/secure.gravatar.com\/avatar\/cf6a4ecb9e914acddd89e4c4cbc3c6fdccfd6614c26ec3023ce0173515d50eff?s=96&d=mm&r=g","contentUrl":"https:\/\/secure.gravatar.com\/avatar\/cf6a4ecb9e914acddd89e4c4cbc3c6fdccfd6614c26ec3023ce0173515d50eff?s=96&d=mm&r=g","caption":"C\u00f2rdoba Geneva"},"url":"https:\/\/cpi-geneva.org\/fr\/author\/corwebmaster\/"}]}},"featured_image_src":{"landsacpe":["https:\/\/cpi-geneva.org\/fr\/wp-content\/uploads\/sites\/3\/2016\/09\/doha-museum-of-islamic-art-1024x445.jpg",1024,445,true],"list":["https:\/\/cpi-geneva.org\/fr\/wp-content\/uploads\/sites\/3\/2016\/09\/doha-museum-of-islamic-art-463x348.jpg",463,348,true],"medium":["https:\/\/cpi-geneva.org\/fr\/wp-content\/uploads\/sites\/3\/2016\/09\/doha-museum-of-islamic-art-300x225.jpg",300,225,true],"full":["https:\/\/cpi-geneva.org\/fr\/wp-content\/uploads\/sites\/3\/2016\/09\/doha-museum-of-islamic-art.jpg",1024,768,false]},"_links":{"self":[{"href":"https:\/\/cpi-geneva.org\/fr\/wp-json\/wp\/v2\/posts\/603","targetHints":{"allow":["GET"]}}],"collection":[{"href":"https:\/\/cpi-geneva.org\/fr\/wp-json\/wp\/v2\/posts"}],"about":[{"href":"https:\/\/cpi-geneva.org\/fr\/wp-json\/wp\/v2\/types\/post"}],"author":[{"embeddable":true,"href":"https:\/\/cpi-geneva.org\/fr\/wp-json\/wp\/v2\/users\/2"}],"replies":[{"embeddable":true,"href":"https:\/\/cpi-geneva.org\/fr\/wp-json\/wp\/v2\/comments?post=603"}],"version-history":[{"count":0,"href":"https:\/\/cpi-geneva.org\/fr\/wp-json\/wp\/v2\/posts\/603\/revisions"}],"wp:featuredmedia":[{"embeddable":true,"href":"https:\/\/cpi-geneva.org\/fr\/wp-json\/wp\/v2\/media\/602"}],"wp:attachment":[{"href":"https:\/\/cpi-geneva.org\/fr\/wp-json\/wp\/v2\/media?parent=603"}],"wp:term":[{"taxonomy":"category","embeddable":true,"href":"https:\/\/cpi-geneva.org\/fr\/wp-json\/wp\/v2\/categories?post=603"},{"taxonomy":"post_tag","embeddable":true,"href":"https:\/\/cpi-geneva.org\/fr\/wp-json\/wp\/v2\/tags?post=603"}],"curies":[{"name":"wp","href":"https:\/\/api.w.org\/{rel}","templated":true}]}}