{"id":510,"date":"2015-08-15T10:08:48","date_gmt":"2015-08-15T09:08:48","guid":{"rendered":"https:\/\/cpi-geneva.org\/fr\/2015\/08\/15\/the-cordoba-update-welcome-back\/"},"modified":"2015-08-15T10:08:48","modified_gmt":"2015-08-15T09:08:48","slug":"the-cordoba-update-welcome-back","status":"publish","type":"post","link":"https:\/\/cpi-geneva.org\/fr\/the-cordoba-update-welcome-back\/","title":{"rendered":"The Cordoba Update &#8211; Welcome back!"},"content":{"rendered":"<div style=\"background: #f5f4ef none repeat scroll 0 0; margin-top: -20px; padding: 20px;\">\n<p style=\"text-align: center;\"><strong>Welcome back!<\/strong><\/p>\n<p>The Cordoba Update returns after the summer break in a new format. Information is now presented following thematic lines rather than on a country-by-country basis. This new format reflects the focus of activities of the Cordoba Foundation of Geneva (CFG).<\/p>\n<p>The Cordoba Update is first and foremost a tool that allows the Cordoba team and the partners that fund the CFG&rsquo;s activities to closely monitor regional developments with specific regard to ongoing programs, thus contributing to the effectiveness of its projects in meeting the needs of beneficiaries and maximizing their impact.<\/p>\n<p>The Cordoba Update thus covers the following topics in the three regions of its current operations:<\/p>\n<p><strong>In North Africa:<\/strong><br \/>&#8211; Secular-Islamist Relations;<br \/>&#8211; Transition and political participation<\/p>\n<p><strong>In the Sahel region:<\/strong><br \/>&#8211; Interfaith relations;<br \/>&#8211; Relations between communities of different ethnic and cultural affiliation.<\/p>\n<p><strong>In the Middle East:<\/strong><br \/>&#8211; Relations between Muslim communities with different religious references.<\/p>\n<p><strong>Cross-regionally:<\/strong><br \/>&#8211; Violent extremism and the war on terror.<\/p>\n<p>The Cordoba team hopes you will continue to find the new format Cordoba Update both interesting and useful.<\/p>\n<div style=\"text-align: right;\"><a href=\"index.php?option=com_content&amp;view=article&amp;id=118;le-cordoba-update&amp;catid=26;k2-french\" target=\"_blank\" rel=\"height[440] width[720];height[440] noopener\" class=\"jcepopup\">Fran&ccedil;ais<\/a> <!-- - <span style=\"font-size: 13px;\"><a rel=\"width[800];height[600] noopener\" class=\"jcepopup\" target=\"_blank\" href=\"index.php?option=com_content&amp;view=article&amp;id=116&amp;catid=26\">\u0639\u0631\u0628\u064a<\/a><\/span> --><\/div>\n<\/div>\n","protected":false},"excerpt":{"rendered":"<p>Welcome back! The Cordoba Update returns after the summer break in a new format. Information is now presented following thematic lines rather than on a country-by-country basis. This new format reflects the focus of activities of the Cordoba Foundation of Geneva (CFG). The Cordoba Update is first and foremost a tool that allows the Cordoba [&hellip;]<\/p>\n","protected":false},"author":2,"featured_media":509,"comment_status":"open","ping_status":"open","sticky":false,"template":"","format":"standard","meta":{"footnotes":""},"categories":[15],"tags":[],"class_list":["post-510","post","type-post","status-publish","format-standard","has-post-thumbnail","hentry","category-newsletter"],"yoast_head":"<!-- This site is optimized with the Yoast SEO plugin v27.4 - https:\/\/yoast.com\/product\/yoast-seo-wordpress\/ -->\n<title>The Cordoba Update - Welcome back! - Cordoba Peace Institute | Fran\u00e7ais<\/title>\n<meta name=\"robots\" content=\"index, follow, max-snippet:-1, max-image-preview:large, max-video-preview:-1\" \/>\n<link rel=\"canonical\" href=\"https:\/\/cpi-geneva.org\/fr\/the-cordoba-update-welcome-back\/\" \/>\n<meta property=\"og:locale\" content=\"fr_FR\" \/>\n<meta property=\"og:type\" content=\"article\" \/>\n<meta property=\"og:title\" content=\"The Cordoba Update - Welcome back! - Cordoba Peace Institute | Fran\u00e7ais\" \/>\n<meta property=\"og:description\" content=\"Welcome back! The Cordoba Update returns after the summer break in a new format. Information is now presented following thematic lines rather than on a country-by-country basis. This new format reflects the focus of activities of the Cordoba Foundation of Geneva (CFG). The Cordoba Update is first and foremost a tool that allows the Cordoba [&hellip;]\" \/>\n<meta property=\"og:url\" content=\"https:\/\/cpi-geneva.org\/fr\/the-cordoba-update-welcome-back\/\" \/>\n<meta property=\"og:site_name\" content=\"Cordoba Peace Institute | Fran\u00e7ais\" \/>\n<meta property=\"article:published_time\" content=\"2015-08-15T09:08:48+00:00\" \/>\n<meta property=\"og:image\" content=\"https:\/\/cpi-geneva.org\/fr\/wp-content\/uploads\/sites\/3\/2015\/08\/Cordoba-Update_logo.jpg\" \/>\n\t<meta property=\"og:image:width\" content=\"420\" \/>\n\t<meta property=\"og:image:height\" content=\"300\" \/>\n\t<meta property=\"og:image:type\" content=\"image\/jpeg\" \/>\n<meta name=\"author\" content=\"C\u00f2rdoba Geneva\" \/>\n<meta name=\"twitter:card\" content=\"summary_large_image\" \/>\n<meta name=\"twitter:label1\" content=\"\u00c9crit par\" \/>\n\t<meta name=\"twitter:data1\" content=\"C\u00f2rdoba Geneva\" \/>\n\t<meta name=\"twitter:label2\" content=\"Dur\u00e9e de lecture estim\u00e9e\" \/>\n\t<meta name=\"twitter:data2\" content=\"1 minute\" \/>\n<script type=\"application\/ld+json\" class=\"yoast-schema-graph\">{\"@context\":\"https:\\\/\\\/schema.org\",\"@graph\":[{\"@type\":\"Article\",\"@id\":\"https:\\\/\\\/cpi-geneva.org\\\/fr\\\/the-cordoba-update-welcome-back\\\/#article\",\"isPartOf\":{\"@id\":\"https:\\\/\\\/cpi-geneva.org\\\/fr\\\/the-cordoba-update-welcome-back\\\/\"},\"author\":{\"name\":\"C\u00f2rdoba Geneva\",\"@id\":\"https:\\\/\\\/cpi-geneva.org\\\/fr\\\/#\\\/schema\\\/person\\\/1f02a815043284cc1f7aa799e32fb07b\"},\"headline\":\"The Cordoba Update &#8211; Welcome back!\",\"datePublished\":\"2015-08-15T09:08:48+00:00\",\"mainEntityOfPage\":{\"@id\":\"https:\\\/\\\/cpi-geneva.org\\\/fr\\\/the-cordoba-update-welcome-back\\\/\"},\"wordCount\":187,\"commentCount\":0,\"publisher\":{\"@id\":\"https:\\\/\\\/cpi-geneva.org\\\/fr\\\/#organization\"},\"image\":{\"@id\":\"https:\\\/\\\/cpi-geneva.org\\\/fr\\\/the-cordoba-update-welcome-back\\\/#primaryimage\"},\"thumbnailUrl\":\"https:\\\/\\\/cpi-geneva.org\\\/fr\\\/wp-content\\\/uploads\\\/sites\\\/3\\\/2015\\\/08\\\/Cordoba-Update_logo.jpg\",\"articleSection\":[\"Newsletter\"],\"inLanguage\":\"fr-FR\"},{\"@type\":\"WebPage\",\"@id\":\"https:\\\/\\\/cpi-geneva.org\\\/fr\\\/the-cordoba-update-welcome-back\\\/\",\"url\":\"https:\\\/\\\/cpi-geneva.org\\\/fr\\\/the-cordoba-update-welcome-back\\\/\",\"name\":\"The Cordoba Update - Welcome back! - Cordoba Peace Institute | Fran\u00e7ais\",\"isPartOf\":{\"@id\":\"https:\\\/\\\/cpi-geneva.org\\\/fr\\\/#website\"},\"primaryImageOfPage\":{\"@id\":\"https:\\\/\\\/cpi-geneva.org\\\/fr\\\/the-cordoba-update-welcome-back\\\/#primaryimage\"},\"image\":{\"@id\":\"https:\\\/\\\/cpi-geneva.org\\\/fr\\\/the-cordoba-update-welcome-back\\\/#primaryimage\"},\"thumbnailUrl\":\"https:\\\/\\\/cpi-geneva.org\\\/fr\\\/wp-content\\\/uploads\\\/sites\\\/3\\\/2015\\\/08\\\/Cordoba-Update_logo.jpg\",\"datePublished\":\"2015-08-15T09:08:48+00:00\",\"breadcrumb\":{\"@id\":\"https:\\\/\\\/cpi-geneva.org\\\/fr\\\/the-cordoba-update-welcome-back\\\/#breadcrumb\"},\"inLanguage\":\"fr-FR\",\"potentialAction\":[{\"@type\":\"ReadAction\",\"target\":[\"https:\\\/\\\/cpi-geneva.org\\\/fr\\\/the-cordoba-update-welcome-back\\\/\"]}]},{\"@type\":\"ImageObject\",\"inLanguage\":\"fr-FR\",\"@id\":\"https:\\\/\\\/cpi-geneva.org\\\/fr\\\/the-cordoba-update-welcome-back\\\/#primaryimage\",\"url\":\"https:\\\/\\\/cpi-geneva.org\\\/fr\\\/wp-content\\\/uploads\\\/sites\\\/3\\\/2015\\\/08\\\/Cordoba-Update_logo.jpg\",\"contentUrl\":\"https:\\\/\\\/cpi-geneva.org\\\/fr\\\/wp-content\\\/uploads\\\/sites\\\/3\\\/2015\\\/08\\\/Cordoba-Update_logo.jpg\",\"width\":420,\"height\":300},{\"@type\":\"BreadcrumbList\",\"@id\":\"https:\\\/\\\/cpi-geneva.org\\\/fr\\\/the-cordoba-update-welcome-back\\\/#breadcrumb\",\"itemListElement\":[{\"@type\":\"ListItem\",\"position\":1,\"name\":\"Home\",\"item\":\"https:\\\/\\\/cpi-geneva.org\\\/fr\\\/\"},{\"@type\":\"ListItem\",\"position\":2,\"name\":\"The Cordoba Update &#8211; Welcome back!\"}]},{\"@type\":\"WebSite\",\"@id\":\"https:\\\/\\\/cpi-geneva.org\\\/fr\\\/#website\",\"url\":\"https:\\\/\\\/cpi-geneva.org\\\/fr\\\/\",\"name\":\"Cordoba Peace Institute - Gen\u00e8ve CPI\",\"description\":\"CPI Gen\u00e8ve | 20 ans aux service de la paix\",\"publisher\":{\"@id\":\"https:\\\/\\\/cpi-geneva.org\\\/fr\\\/#organization\"},\"potentialAction\":[{\"@type\":\"SearchAction\",\"target\":{\"@type\":\"EntryPoint\",\"urlTemplate\":\"https:\\\/\\\/cpi-geneva.org\\\/fr\\\/?s={search_term_string}\"},\"query-input\":{\"@type\":\"PropertyValueSpecification\",\"valueRequired\":true,\"valueName\":\"search_term_string\"}}],\"inLanguage\":\"fr-FR\"},{\"@type\":\"Organization\",\"@id\":\"https:\\\/\\\/cpi-geneva.org\\\/fr\\\/#organization\",\"name\":\"Cordoba Peace Institute - Gen\u00e8ve CPI\",\"url\":\"https:\\\/\\\/cpi-geneva.org\\\/fr\\\/\",\"logo\":{\"@type\":\"ImageObject\",\"inLanguage\":\"fr-FR\",\"@id\":\"https:\\\/\\\/cpi-geneva.org\\\/fr\\\/#\\\/schema\\\/logo\\\/image\\\/\",\"url\":\"https:\\\/\\\/cpi-geneva.org\\\/fr\\\/wp-content\\\/uploads\\\/sites\\\/3\\\/2025\\\/12\\\/CPI-Geneva.png\",\"contentUrl\":\"https:\\\/\\\/cpi-geneva.org\\\/fr\\\/wp-content\\\/uploads\\\/sites\\\/3\\\/2025\\\/12\\\/CPI-Geneva.png\",\"width\":740,\"height\":740,\"caption\":\"Cordoba Peace Institute - Gen\u00e8ve CPI\"},\"image\":{\"@id\":\"https:\\\/\\\/cpi-geneva.org\\\/fr\\\/#\\\/schema\\\/logo\\\/image\\\/\"}},{\"@type\":\"Person\",\"@id\":\"https:\\\/\\\/cpi-geneva.org\\\/fr\\\/#\\\/schema\\\/person\\\/1f02a815043284cc1f7aa799e32fb07b\",\"name\":\"C\u00f2rdoba Geneva\",\"image\":{\"@type\":\"ImageObject\",\"inLanguage\":\"fr-FR\",\"@id\":\"https:\\\/\\\/secure.gravatar.com\\\/avatar\\\/cf6a4ecb9e914acddd89e4c4cbc3c6fdccfd6614c26ec3023ce0173515d50eff?s=96&d=mm&r=g\",\"url\":\"https:\\\/\\\/secure.gravatar.com\\\/avatar\\\/cf6a4ecb9e914acddd89e4c4cbc3c6fdccfd6614c26ec3023ce0173515d50eff?s=96&d=mm&r=g\",\"contentUrl\":\"https:\\\/\\\/secure.gravatar.com\\\/avatar\\\/cf6a4ecb9e914acddd89e4c4cbc3c6fdccfd6614c26ec3023ce0173515d50eff?s=96&d=mm&r=g\",\"caption\":\"C\u00f2rdoba Geneva\"},\"url\":\"https:\\\/\\\/cpi-geneva.org\\\/fr\\\/author\\\/corwebmaster\\\/\"}]}<\/script>\n<!-- \/ Yoast SEO plugin. -->","yoast_head_json":{"title":"The Cordoba Update - Welcome back! - Cordoba Peace Institute | Fran\u00e7ais","robots":{"index":"index","follow":"follow","max-snippet":"max-snippet:-1","max-image-preview":"max-image-preview:large","max-video-preview":"max-video-preview:-1"},"canonical":"https:\/\/cpi-geneva.org\/fr\/the-cordoba-update-welcome-back\/","og_locale":"fr_FR","og_type":"article","og_title":"The Cordoba Update - Welcome back! - Cordoba Peace Institute | Fran\u00e7ais","og_description":"Welcome back! The Cordoba Update returns after the summer break in a new format. Information is now presented following thematic lines rather than on a country-by-country basis. This new format reflects the focus of activities of the Cordoba Foundation of Geneva (CFG). The Cordoba Update is first and foremost a tool that allows the Cordoba [&hellip;]","og_url":"https:\/\/cpi-geneva.org\/fr\/the-cordoba-update-welcome-back\/","og_site_name":"Cordoba Peace Institute | Fran\u00e7ais","article_published_time":"2015-08-15T09:08:48+00:00","og_image":[{"width":420,"height":300,"url":"https:\/\/cpi-geneva.org\/fr\/wp-content\/uploads\/sites\/3\/2015\/08\/Cordoba-Update_logo.jpg","type":"image\/jpeg"}],"author":"C\u00f2rdoba Geneva","twitter_card":"summary_large_image","twitter_misc":{"\u00c9crit par":"C\u00f2rdoba Geneva","Dur\u00e9e de lecture estim\u00e9e":"1 minute"},"schema":{"@context":"https:\/\/schema.org","@graph":[{"@type":"Article","@id":"https:\/\/cpi-geneva.org\/fr\/the-cordoba-update-welcome-back\/#article","isPartOf":{"@id":"https:\/\/cpi-geneva.org\/fr\/the-cordoba-update-welcome-back\/"},"author":{"name":"C\u00f2rdoba Geneva","@id":"https:\/\/cpi-geneva.org\/fr\/#\/schema\/person\/1f02a815043284cc1f7aa799e32fb07b"},"headline":"The Cordoba Update &#8211; Welcome back!","datePublished":"2015-08-15T09:08:48+00:00","mainEntityOfPage":{"@id":"https:\/\/cpi-geneva.org\/fr\/the-cordoba-update-welcome-back\/"},"wordCount":187,"commentCount":0,"publisher":{"@id":"https:\/\/cpi-geneva.org\/fr\/#organization"},"image":{"@id":"https:\/\/cpi-geneva.org\/fr\/the-cordoba-update-welcome-back\/#primaryimage"},"thumbnailUrl":"https:\/\/cpi-geneva.org\/fr\/wp-content\/uploads\/sites\/3\/2015\/08\/Cordoba-Update_logo.jpg","articleSection":["Newsletter"],"inLanguage":"fr-FR"},{"@type":"WebPage","@id":"https:\/\/cpi-geneva.org\/fr\/the-cordoba-update-welcome-back\/","url":"https:\/\/cpi-geneva.org\/fr\/the-cordoba-update-welcome-back\/","name":"The Cordoba Update - Welcome back! - Cordoba Peace Institute | Fran\u00e7ais","isPartOf":{"@id":"https:\/\/cpi-geneva.org\/fr\/#website"},"primaryImageOfPage":{"@id":"https:\/\/cpi-geneva.org\/fr\/the-cordoba-update-welcome-back\/#primaryimage"},"image":{"@id":"https:\/\/cpi-geneva.org\/fr\/the-cordoba-update-welcome-back\/#primaryimage"},"thumbnailUrl":"https:\/\/cpi-geneva.org\/fr\/wp-content\/uploads\/sites\/3\/2015\/08\/Cordoba-Update_logo.jpg","datePublished":"2015-08-15T09:08:48+00:00","breadcrumb":{"@id":"https:\/\/cpi-geneva.org\/fr\/the-cordoba-update-welcome-back\/#breadcrumb"},"inLanguage":"fr-FR","potentialAction":[{"@type":"ReadAction","target":["https:\/\/cpi-geneva.org\/fr\/the-cordoba-update-welcome-back\/"]}]},{"@type":"ImageObject","inLanguage":"fr-FR","@id":"https:\/\/cpi-geneva.org\/fr\/the-cordoba-update-welcome-back\/#primaryimage","url":"https:\/\/cpi-geneva.org\/fr\/wp-content\/uploads\/sites\/3\/2015\/08\/Cordoba-Update_logo.jpg","contentUrl":"https:\/\/cpi-geneva.org\/fr\/wp-content\/uploads\/sites\/3\/2015\/08\/Cordoba-Update_logo.jpg","width":420,"height":300},{"@type":"BreadcrumbList","@id":"https:\/\/cpi-geneva.org\/fr\/the-cordoba-update-welcome-back\/#breadcrumb","itemListElement":[{"@type":"ListItem","position":1,"name":"Home","item":"https:\/\/cpi-geneva.org\/fr\/"},{"@type":"ListItem","position":2,"name":"The Cordoba Update &#8211; Welcome back!"}]},{"@type":"WebSite","@id":"https:\/\/cpi-geneva.org\/fr\/#website","url":"https:\/\/cpi-geneva.org\/fr\/","name":"Cordoba Peace Institute - Gen\u00e8ve CPI","description":"CPI Gen\u00e8ve | 20 ans aux service de la paix","publisher":{"@id":"https:\/\/cpi-geneva.org\/fr\/#organization"},"potentialAction":[{"@type":"SearchAction","target":{"@type":"EntryPoint","urlTemplate":"https:\/\/cpi-geneva.org\/fr\/?s={search_term_string}"},"query-input":{"@type":"PropertyValueSpecification","valueRequired":true,"valueName":"search_term_string"}}],"inLanguage":"fr-FR"},{"@type":"Organization","@id":"https:\/\/cpi-geneva.org\/fr\/#organization","name":"Cordoba Peace Institute - Gen\u00e8ve CPI","url":"https:\/\/cpi-geneva.org\/fr\/","logo":{"@type":"ImageObject","inLanguage":"fr-FR","@id":"https:\/\/cpi-geneva.org\/fr\/#\/schema\/logo\/image\/","url":"https:\/\/cpi-geneva.org\/fr\/wp-content\/uploads\/sites\/3\/2025\/12\/CPI-Geneva.png","contentUrl":"https:\/\/cpi-geneva.org\/fr\/wp-content\/uploads\/sites\/3\/2025\/12\/CPI-Geneva.png","width":740,"height":740,"caption":"Cordoba Peace Institute - Gen\u00e8ve CPI"},"image":{"@id":"https:\/\/cpi-geneva.org\/fr\/#\/schema\/logo\/image\/"}},{"@type":"Person","@id":"https:\/\/cpi-geneva.org\/fr\/#\/schema\/person\/1f02a815043284cc1f7aa799e32fb07b","name":"C\u00f2rdoba Geneva","image":{"@type":"ImageObject","inLanguage":"fr-FR","@id":"https:\/\/secure.gravatar.com\/avatar\/cf6a4ecb9e914acddd89e4c4cbc3c6fdccfd6614c26ec3023ce0173515d50eff?s=96&d=mm&r=g","url":"https:\/\/secure.gravatar.com\/avatar\/cf6a4ecb9e914acddd89e4c4cbc3c6fdccfd6614c26ec3023ce0173515d50eff?s=96&d=mm&r=g","contentUrl":"https:\/\/secure.gravatar.com\/avatar\/cf6a4ecb9e914acddd89e4c4cbc3c6fdccfd6614c26ec3023ce0173515d50eff?s=96&d=mm&r=g","caption":"C\u00f2rdoba Geneva"},"url":"https:\/\/cpi-geneva.org\/fr\/author\/corwebmaster\/"}]}},"featured_image_src":{"landsacpe":["https:\/\/cpi-geneva.org\/fr\/wp-content\/uploads\/sites\/3\/2015\/08\/Cordoba-Update_logo.jpg",420,300,false],"list":["https:\/\/cpi-geneva.org\/fr\/wp-content\/uploads\/sites\/3\/2015\/08\/Cordoba-Update_logo.jpg",420,300,false],"medium":["https:\/\/cpi-geneva.org\/fr\/wp-content\/uploads\/sites\/3\/2015\/08\/Cordoba-Update_logo-300x214.jpg",300,214,true],"full":["https:\/\/cpi-geneva.org\/fr\/wp-content\/uploads\/sites\/3\/2015\/08\/Cordoba-Update_logo.jpg",420,300,false]},"_links":{"self":[{"href":"https:\/\/cpi-geneva.org\/fr\/wp-json\/wp\/v2\/posts\/510","targetHints":{"allow":["GET"]}}],"collection":[{"href":"https:\/\/cpi-geneva.org\/fr\/wp-json\/wp\/v2\/posts"}],"about":[{"href":"https:\/\/cpi-geneva.org\/fr\/wp-json\/wp\/v2\/types\/post"}],"author":[{"embeddable":true,"href":"https:\/\/cpi-geneva.org\/fr\/wp-json\/wp\/v2\/users\/2"}],"replies":[{"embeddable":true,"href":"https:\/\/cpi-geneva.org\/fr\/wp-json\/wp\/v2\/comments?post=510"}],"version-history":[{"count":0,"href":"https:\/\/cpi-geneva.org\/fr\/wp-json\/wp\/v2\/posts\/510\/revisions"}],"wp:featuredmedia":[{"embeddable":true,"href":"https:\/\/cpi-geneva.org\/fr\/wp-json\/wp\/v2\/media\/509"}],"wp:attachment":[{"href":"https:\/\/cpi-geneva.org\/fr\/wp-json\/wp\/v2\/media?parent=510"}],"wp:term":[{"taxonomy":"category","embeddable":true,"href":"https:\/\/cpi-geneva.org\/fr\/wp-json\/wp\/v2\/categories?post=510"},{"taxonomy":"post_tag","embeddable":true,"href":"https:\/\/cpi-geneva.org\/fr\/wp-json\/wp\/v2\/tags?post=510"}],"curies":[{"name":"wp","href":"https:\/\/api.w.org\/{rel}","templated":true}]}}