{"id":505,"date":"2015-04-24T13:07:24","date_gmt":"2015-04-24T12:07:24","guid":{"rendered":"https:\/\/cpi-geneva.org\/fr\/2015\/04\/24\/secularisme-et-laicite-en-politique-internationale\/"},"modified":"2023-05-30T12:42:55","modified_gmt":"2023-05-30T11:42:55","slug":"secularisme-et-laicite-en-politique-internationale","status":"publish","type":"post","link":"https:\/\/cpi-geneva.org\/fr\/secularisme-et-laicite-en-politique-internationale\/","title":{"rendered":"S\u00e9cularisme et la\u00efcit\u00e9 en politique internationale"},"content":{"rendered":"<div>Auteur:&nbsp;Jean-Nicolas Bitter<\/div>\n<p><!--more--><\/p>\n<div>{pdf}images\/pdf\/Papers\/CFG_Secularism_FR.pdf{\/pdf}<\/div>\n<p>&nbsp;<\/p>\n<p><span style=\"color: #000000;\"><strong>Auteur:&nbsp;Jean-Nicolas Bitter<\/strong><\/span><\/p>\n<p style=\"text-align: justify;\"><span style=\"color: #000000;\">La question du sens et de la d\u00e9finition des termes \u00ab s\u00e9culier&nbsp;\u00bb et \u00ab&nbsp;la\u00efc&nbsp;\u00bb est important et d\u2019actualit\u00e9, notamment en politique internationale.<\/span><\/p>\n<p style=\"text-align: justify;\"><span style=\"color: #000000;\">Penser le rapport entre le religieux et le politique et sa gestion pratique est un vieux probl\u00e8me. Il semble cependant que notre \u00e9poque soit relativement mal outill\u00e9e pour relever le d\u00e9fi. Pour le faire, il faut pouvoir penser \u00e0 la fois la relation et la distinction du religieux et du politique, c\u2019est-\u00e0-dire disposer d\u2019une conceptualit\u00e9 efficace et acceptable pour les parties concern\u00e9es.<\/span><\/p>\n<p style=\"text-align: justify;\"><span style=\"color: #000000;\">English:&nbsp;<a href=\"https:\/\/cpi-geneva.org\/fr\/2015\/04\/24\/secularism-in-international-politics\/\" target=\"_self\" title=\"Secularism in International Politics\" rel=\"noopener\">Secularism in International Politics<\/a><\/span><\/p>\n<p style=\"text-align: right;\"><span style=\"color: #000000;\">\u0628\u0627\u0644\u0639\u0631\u0628\u064a\u0629 :&nbsp;<a href=\"https:\/\/cpi-geneva.org\/fr\/2015\/04\/24\/cfg-secularism-ar-pdf\/\" target=\"_self\" title=\"\u0627\u0644\u0639\u0644\u0645\u0627\u0646\u064a\u0629 \u0648\u0627\u0644\u0644\u0627\u0626\u0643\u064a\u0629 \u0641\u064a \u0627\u0644\u0633\u064a\u0627\u0633\u0629 \u0627\u0644\u062f\u0648\u0644\u064a\u0629\" rel=\"noopener\">\u0627\u0644\u0639\u0644\u0645\u0627\u0646\u064a\u0629 \u0648\u0627\u0644\u0644\u0627\u0626\u0643\u064a\u0629 \u0641\u064a \u0627\u0644\u0633\u064a\u0627\u0633\u0629 \u0627\u0644\u062f\u0648\u0644\u064a\u0629<\/a><\/span><\/p>\n","protected":false},"excerpt":{"rendered":"<p>Auteur:&nbsp;Jean-Nicolas Bitter<\/p>\n","protected":false},"author":2,"featured_media":5696,"comment_status":"open","ping_status":"open","sticky":false,"template":"","format":"standard","meta":{"footnotes":""},"categories":[17],"tags":[],"class_list":["post-505","post","type-post","status-publish","format-standard","has-post-thumbnail","hentry","category-research-papers"],"yoast_head":"<!-- This site is optimized with the Yoast SEO plugin v27.4 - https:\/\/yoast.com\/product\/yoast-seo-wordpress\/ -->\n<title>S\u00e9cularisme et la\u00efcit\u00e9 en politique internationale - Cordoba Peace Institute | Fran\u00e7ais<\/title>\n<meta name=\"robots\" content=\"index, follow, max-snippet:-1, max-image-preview:large, max-video-preview:-1\" \/>\n<link rel=\"canonical\" href=\"https:\/\/cpi-geneva.org\/fr\/secularisme-et-laicite-en-politique-internationale\/\" \/>\n<meta property=\"og:locale\" content=\"fr_FR\" \/>\n<meta property=\"og:type\" content=\"article\" \/>\n<meta property=\"og:title\" content=\"S\u00e9cularisme et la\u00efcit\u00e9 en politique internationale - Cordoba Peace Institute | Fran\u00e7ais\" \/>\n<meta property=\"og:description\" content=\"Auteur:&nbsp;Jean-Nicolas Bitter\" \/>\n<meta property=\"og:url\" content=\"https:\/\/cpi-geneva.org\/fr\/secularisme-et-laicite-en-politique-internationale\/\" \/>\n<meta property=\"og:site_name\" content=\"Cordoba Peace Institute | Fran\u00e7ais\" \/>\n<meta property=\"article:published_time\" content=\"2015-04-24T12:07:24+00:00\" \/>\n<meta property=\"article:modified_time\" content=\"2023-05-30T11:42:55+00:00\" \/>\n<meta property=\"og:image\" content=\"https:\/\/cpi-geneva.org\/fr\/wp-content\/uploads\/sites\/3\/2023\/05\/cpi_new_blue_cover.png\" \/>\n\t<meta property=\"og:image:width\" content=\"1920\" \/>\n\t<meta property=\"og:image:height\" content=\"600\" \/>\n\t<meta property=\"og:image:type\" content=\"image\/png\" \/>\n<meta name=\"author\" content=\"C\u00f2rdoba Geneva\" \/>\n<meta name=\"twitter:card\" content=\"summary_large_image\" \/>\n<meta name=\"twitter:label1\" content=\"\u00c9crit par\" \/>\n\t<meta name=\"twitter:data1\" content=\"C\u00f2rdoba Geneva\" \/>\n\t<meta name=\"twitter:label2\" content=\"Dur\u00e9e de lecture estim\u00e9e\" \/>\n\t<meta name=\"twitter:data2\" content=\"1 minute\" \/>\n<script type=\"application\/ld+json\" class=\"yoast-schema-graph\">{\"@context\":\"https:\\\/\\\/schema.org\",\"@graph\":[{\"@type\":\"Article\",\"@id\":\"https:\\\/\\\/cpi-geneva.org\\\/fr\\\/secularisme-et-laicite-en-politique-internationale\\\/#article\",\"isPartOf\":{\"@id\":\"https:\\\/\\\/cpi-geneva.org\\\/fr\\\/secularisme-et-laicite-en-politique-internationale\\\/\"},\"author\":{\"name\":\"C\u00f2rdoba Geneva\",\"@id\":\"https:\\\/\\\/cpi-geneva.org\\\/fr\\\/#\\\/schema\\\/person\\\/1f02a815043284cc1f7aa799e32fb07b\"},\"headline\":\"S\u00e9cularisme et la\u00efcit\u00e9 en politique internationale\",\"datePublished\":\"2015-04-24T12:07:24+00:00\",\"dateModified\":\"2023-05-30T11:42:55+00:00\",\"mainEntityOfPage\":{\"@id\":\"https:\\\/\\\/cpi-geneva.org\\\/fr\\\/secularisme-et-laicite-en-politique-internationale\\\/\"},\"wordCount\":129,\"commentCount\":0,\"publisher\":{\"@id\":\"https:\\\/\\\/cpi-geneva.org\\\/fr\\\/#organization\"},\"image\":{\"@id\":\"https:\\\/\\\/cpi-geneva.org\\\/fr\\\/secularisme-et-laicite-en-politique-internationale\\\/#primaryimage\"},\"thumbnailUrl\":\"https:\\\/\\\/cpi-geneva.org\\\/fr\\\/wp-content\\\/uploads\\\/sites\\\/3\\\/2023\\\/05\\\/cpi_new_blue_cover.png\",\"articleSection\":[\"Research Papers\"],\"inLanguage\":\"fr-FR\"},{\"@type\":\"WebPage\",\"@id\":\"https:\\\/\\\/cpi-geneva.org\\\/fr\\\/secularisme-et-laicite-en-politique-internationale\\\/\",\"url\":\"https:\\\/\\\/cpi-geneva.org\\\/fr\\\/secularisme-et-laicite-en-politique-internationale\\\/\",\"name\":\"S\u00e9cularisme et la\u00efcit\u00e9 en politique internationale - Cordoba Peace Institute | Fran\u00e7ais\",\"isPartOf\":{\"@id\":\"https:\\\/\\\/cpi-geneva.org\\\/fr\\\/#website\"},\"primaryImageOfPage\":{\"@id\":\"https:\\\/\\\/cpi-geneva.org\\\/fr\\\/secularisme-et-laicite-en-politique-internationale\\\/#primaryimage\"},\"image\":{\"@id\":\"https:\\\/\\\/cpi-geneva.org\\\/fr\\\/secularisme-et-laicite-en-politique-internationale\\\/#primaryimage\"},\"thumbnailUrl\":\"https:\\\/\\\/cpi-geneva.org\\\/fr\\\/wp-content\\\/uploads\\\/sites\\\/3\\\/2023\\\/05\\\/cpi_new_blue_cover.png\",\"datePublished\":\"2015-04-24T12:07:24+00:00\",\"dateModified\":\"2023-05-30T11:42:55+00:00\",\"breadcrumb\":{\"@id\":\"https:\\\/\\\/cpi-geneva.org\\\/fr\\\/secularisme-et-laicite-en-politique-internationale\\\/#breadcrumb\"},\"inLanguage\":\"fr-FR\",\"potentialAction\":[{\"@type\":\"ReadAction\",\"target\":[\"https:\\\/\\\/cpi-geneva.org\\\/fr\\\/secularisme-et-laicite-en-politique-internationale\\\/\"]}]},{\"@type\":\"ImageObject\",\"inLanguage\":\"fr-FR\",\"@id\":\"https:\\\/\\\/cpi-geneva.org\\\/fr\\\/secularisme-et-laicite-en-politique-internationale\\\/#primaryimage\",\"url\":\"https:\\\/\\\/cpi-geneva.org\\\/fr\\\/wp-content\\\/uploads\\\/sites\\\/3\\\/2023\\\/05\\\/cpi_new_blue_cover.png\",\"contentUrl\":\"https:\\\/\\\/cpi-geneva.org\\\/fr\\\/wp-content\\\/uploads\\\/sites\\\/3\\\/2023\\\/05\\\/cpi_new_blue_cover.png\",\"width\":1920,\"height\":600},{\"@type\":\"BreadcrumbList\",\"@id\":\"https:\\\/\\\/cpi-geneva.org\\\/fr\\\/secularisme-et-laicite-en-politique-internationale\\\/#breadcrumb\",\"itemListElement\":[{\"@type\":\"ListItem\",\"position\":1,\"name\":\"Home\",\"item\":\"https:\\\/\\\/cpi-geneva.org\\\/fr\\\/\"},{\"@type\":\"ListItem\",\"position\":2,\"name\":\"S\u00e9cularisme et la\u00efcit\u00e9 en politique internationale\"}]},{\"@type\":\"WebSite\",\"@id\":\"https:\\\/\\\/cpi-geneva.org\\\/fr\\\/#website\",\"url\":\"https:\\\/\\\/cpi-geneva.org\\\/fr\\\/\",\"name\":\"Cordoba Peace Institute - Gen\u00e8ve CPI\",\"description\":\"CPI Gen\u00e8ve | 20 ans aux service de la paix\",\"publisher\":{\"@id\":\"https:\\\/\\\/cpi-geneva.org\\\/fr\\\/#organization\"},\"potentialAction\":[{\"@type\":\"SearchAction\",\"target\":{\"@type\":\"EntryPoint\",\"urlTemplate\":\"https:\\\/\\\/cpi-geneva.org\\\/fr\\\/?s={search_term_string}\"},\"query-input\":{\"@type\":\"PropertyValueSpecification\",\"valueRequired\":true,\"valueName\":\"search_term_string\"}}],\"inLanguage\":\"fr-FR\"},{\"@type\":\"Organization\",\"@id\":\"https:\\\/\\\/cpi-geneva.org\\\/fr\\\/#organization\",\"name\":\"Cordoba Peace Institute - Gen\u00e8ve CPI\",\"url\":\"https:\\\/\\\/cpi-geneva.org\\\/fr\\\/\",\"logo\":{\"@type\":\"ImageObject\",\"inLanguage\":\"fr-FR\",\"@id\":\"https:\\\/\\\/cpi-geneva.org\\\/fr\\\/#\\\/schema\\\/logo\\\/image\\\/\",\"url\":\"https:\\\/\\\/cpi-geneva.org\\\/fr\\\/wp-content\\\/uploads\\\/sites\\\/3\\\/2025\\\/12\\\/CPI-Geneva.png\",\"contentUrl\":\"https:\\\/\\\/cpi-geneva.org\\\/fr\\\/wp-content\\\/uploads\\\/sites\\\/3\\\/2025\\\/12\\\/CPI-Geneva.png\",\"width\":740,\"height\":740,\"caption\":\"Cordoba Peace Institute - Gen\u00e8ve CPI\"},\"image\":{\"@id\":\"https:\\\/\\\/cpi-geneva.org\\\/fr\\\/#\\\/schema\\\/logo\\\/image\\\/\"}},{\"@type\":\"Person\",\"@id\":\"https:\\\/\\\/cpi-geneva.org\\\/fr\\\/#\\\/schema\\\/person\\\/1f02a815043284cc1f7aa799e32fb07b\",\"name\":\"C\u00f2rdoba Geneva\",\"image\":{\"@type\":\"ImageObject\",\"inLanguage\":\"fr-FR\",\"@id\":\"https:\\\/\\\/secure.gravatar.com\\\/avatar\\\/cf6a4ecb9e914acddd89e4c4cbc3c6fdccfd6614c26ec3023ce0173515d50eff?s=96&d=mm&r=g\",\"url\":\"https:\\\/\\\/secure.gravatar.com\\\/avatar\\\/cf6a4ecb9e914acddd89e4c4cbc3c6fdccfd6614c26ec3023ce0173515d50eff?s=96&d=mm&r=g\",\"contentUrl\":\"https:\\\/\\\/secure.gravatar.com\\\/avatar\\\/cf6a4ecb9e914acddd89e4c4cbc3c6fdccfd6614c26ec3023ce0173515d50eff?s=96&d=mm&r=g\",\"caption\":\"C\u00f2rdoba Geneva\"},\"url\":\"https:\\\/\\\/cpi-geneva.org\\\/fr\\\/author\\\/corwebmaster\\\/\"}]}<\/script>\n<!-- \/ Yoast SEO plugin. -->","yoast_head_json":{"title":"S\u00e9cularisme et la\u00efcit\u00e9 en politique internationale - Cordoba Peace Institute | Fran\u00e7ais","robots":{"index":"index","follow":"follow","max-snippet":"max-snippet:-1","max-image-preview":"max-image-preview:large","max-video-preview":"max-video-preview:-1"},"canonical":"https:\/\/cpi-geneva.org\/fr\/secularisme-et-laicite-en-politique-internationale\/","og_locale":"fr_FR","og_type":"article","og_title":"S\u00e9cularisme et la\u00efcit\u00e9 en politique internationale - Cordoba Peace Institute | Fran\u00e7ais","og_description":"Auteur:&nbsp;Jean-Nicolas Bitter","og_url":"https:\/\/cpi-geneva.org\/fr\/secularisme-et-laicite-en-politique-internationale\/","og_site_name":"Cordoba Peace Institute | Fran\u00e7ais","article_published_time":"2015-04-24T12:07:24+00:00","article_modified_time":"2023-05-30T11:42:55+00:00","og_image":[{"width":1920,"height":600,"url":"https:\/\/cpi-geneva.org\/fr\/wp-content\/uploads\/sites\/3\/2023\/05\/cpi_new_blue_cover.png","type":"image\/png"}],"author":"C\u00f2rdoba Geneva","twitter_card":"summary_large_image","twitter_misc":{"\u00c9crit par":"C\u00f2rdoba Geneva","Dur\u00e9e de lecture estim\u00e9e":"1 minute"},"schema":{"@context":"https:\/\/schema.org","@graph":[{"@type":"Article","@id":"https:\/\/cpi-geneva.org\/fr\/secularisme-et-laicite-en-politique-internationale\/#article","isPartOf":{"@id":"https:\/\/cpi-geneva.org\/fr\/secularisme-et-laicite-en-politique-internationale\/"},"author":{"name":"C\u00f2rdoba Geneva","@id":"https:\/\/cpi-geneva.org\/fr\/#\/schema\/person\/1f02a815043284cc1f7aa799e32fb07b"},"headline":"S\u00e9cularisme et la\u00efcit\u00e9 en politique internationale","datePublished":"2015-04-24T12:07:24+00:00","dateModified":"2023-05-30T11:42:55+00:00","mainEntityOfPage":{"@id":"https:\/\/cpi-geneva.org\/fr\/secularisme-et-laicite-en-politique-internationale\/"},"wordCount":129,"commentCount":0,"publisher":{"@id":"https:\/\/cpi-geneva.org\/fr\/#organization"},"image":{"@id":"https:\/\/cpi-geneva.org\/fr\/secularisme-et-laicite-en-politique-internationale\/#primaryimage"},"thumbnailUrl":"https:\/\/cpi-geneva.org\/fr\/wp-content\/uploads\/sites\/3\/2023\/05\/cpi_new_blue_cover.png","articleSection":["Research Papers"],"inLanguage":"fr-FR"},{"@type":"WebPage","@id":"https:\/\/cpi-geneva.org\/fr\/secularisme-et-laicite-en-politique-internationale\/","url":"https:\/\/cpi-geneva.org\/fr\/secularisme-et-laicite-en-politique-internationale\/","name":"S\u00e9cularisme et la\u00efcit\u00e9 en politique internationale - Cordoba Peace Institute | Fran\u00e7ais","isPartOf":{"@id":"https:\/\/cpi-geneva.org\/fr\/#website"},"primaryImageOfPage":{"@id":"https:\/\/cpi-geneva.org\/fr\/secularisme-et-laicite-en-politique-internationale\/#primaryimage"},"image":{"@id":"https:\/\/cpi-geneva.org\/fr\/secularisme-et-laicite-en-politique-internationale\/#primaryimage"},"thumbnailUrl":"https:\/\/cpi-geneva.org\/fr\/wp-content\/uploads\/sites\/3\/2023\/05\/cpi_new_blue_cover.png","datePublished":"2015-04-24T12:07:24+00:00","dateModified":"2023-05-30T11:42:55+00:00","breadcrumb":{"@id":"https:\/\/cpi-geneva.org\/fr\/secularisme-et-laicite-en-politique-internationale\/#breadcrumb"},"inLanguage":"fr-FR","potentialAction":[{"@type":"ReadAction","target":["https:\/\/cpi-geneva.org\/fr\/secularisme-et-laicite-en-politique-internationale\/"]}]},{"@type":"ImageObject","inLanguage":"fr-FR","@id":"https:\/\/cpi-geneva.org\/fr\/secularisme-et-laicite-en-politique-internationale\/#primaryimage","url":"https:\/\/cpi-geneva.org\/fr\/wp-content\/uploads\/sites\/3\/2023\/05\/cpi_new_blue_cover.png","contentUrl":"https:\/\/cpi-geneva.org\/fr\/wp-content\/uploads\/sites\/3\/2023\/05\/cpi_new_blue_cover.png","width":1920,"height":600},{"@type":"BreadcrumbList","@id":"https:\/\/cpi-geneva.org\/fr\/secularisme-et-laicite-en-politique-internationale\/#breadcrumb","itemListElement":[{"@type":"ListItem","position":1,"name":"Home","item":"https:\/\/cpi-geneva.org\/fr\/"},{"@type":"ListItem","position":2,"name":"S\u00e9cularisme et la\u00efcit\u00e9 en politique internationale"}]},{"@type":"WebSite","@id":"https:\/\/cpi-geneva.org\/fr\/#website","url":"https:\/\/cpi-geneva.org\/fr\/","name":"Cordoba Peace Institute - Gen\u00e8ve CPI","description":"CPI Gen\u00e8ve | 20 ans aux service de la paix","publisher":{"@id":"https:\/\/cpi-geneva.org\/fr\/#organization"},"potentialAction":[{"@type":"SearchAction","target":{"@type":"EntryPoint","urlTemplate":"https:\/\/cpi-geneva.org\/fr\/?s={search_term_string}"},"query-input":{"@type":"PropertyValueSpecification","valueRequired":true,"valueName":"search_term_string"}}],"inLanguage":"fr-FR"},{"@type":"Organization","@id":"https:\/\/cpi-geneva.org\/fr\/#organization","name":"Cordoba Peace Institute - Gen\u00e8ve CPI","url":"https:\/\/cpi-geneva.org\/fr\/","logo":{"@type":"ImageObject","inLanguage":"fr-FR","@id":"https:\/\/cpi-geneva.org\/fr\/#\/schema\/logo\/image\/","url":"https:\/\/cpi-geneva.org\/fr\/wp-content\/uploads\/sites\/3\/2025\/12\/CPI-Geneva.png","contentUrl":"https:\/\/cpi-geneva.org\/fr\/wp-content\/uploads\/sites\/3\/2025\/12\/CPI-Geneva.png","width":740,"height":740,"caption":"Cordoba Peace Institute - Gen\u00e8ve CPI"},"image":{"@id":"https:\/\/cpi-geneva.org\/fr\/#\/schema\/logo\/image\/"}},{"@type":"Person","@id":"https:\/\/cpi-geneva.org\/fr\/#\/schema\/person\/1f02a815043284cc1f7aa799e32fb07b","name":"C\u00f2rdoba Geneva","image":{"@type":"ImageObject","inLanguage":"fr-FR","@id":"https:\/\/secure.gravatar.com\/avatar\/cf6a4ecb9e914acddd89e4c4cbc3c6fdccfd6614c26ec3023ce0173515d50eff?s=96&d=mm&r=g","url":"https:\/\/secure.gravatar.com\/avatar\/cf6a4ecb9e914acddd89e4c4cbc3c6fdccfd6614c26ec3023ce0173515d50eff?s=96&d=mm&r=g","contentUrl":"https:\/\/secure.gravatar.com\/avatar\/cf6a4ecb9e914acddd89e4c4cbc3c6fdccfd6614c26ec3023ce0173515d50eff?s=96&d=mm&r=g","caption":"C\u00f2rdoba Geneva"},"url":"https:\/\/cpi-geneva.org\/fr\/author\/corwebmaster\/"}]}},"featured_image_src":{"landsacpe":["https:\/\/cpi-geneva.org\/fr\/wp-content\/uploads\/sites\/3\/2023\/05\/cpi_new_blue_cover-1140x445.png",1140,445,true],"list":["https:\/\/cpi-geneva.org\/fr\/wp-content\/uploads\/sites\/3\/2023\/05\/cpi_new_blue_cover-463x348.png",463,348,true],"medium":["https:\/\/cpi-geneva.org\/fr\/wp-content\/uploads\/sites\/3\/2023\/05\/cpi_new_blue_cover-300x94.png",300,94,true],"full":["https:\/\/cpi-geneva.org\/fr\/wp-content\/uploads\/sites\/3\/2023\/05\/cpi_new_blue_cover.png",1920,600,false]},"_links":{"self":[{"href":"https:\/\/cpi-geneva.org\/fr\/wp-json\/wp\/v2\/posts\/505","targetHints":{"allow":["GET"]}}],"collection":[{"href":"https:\/\/cpi-geneva.org\/fr\/wp-json\/wp\/v2\/posts"}],"about":[{"href":"https:\/\/cpi-geneva.org\/fr\/wp-json\/wp\/v2\/types\/post"}],"author":[{"embeddable":true,"href":"https:\/\/cpi-geneva.org\/fr\/wp-json\/wp\/v2\/users\/2"}],"replies":[{"embeddable":true,"href":"https:\/\/cpi-geneva.org\/fr\/wp-json\/wp\/v2\/comments?post=505"}],"version-history":[{"count":2,"href":"https:\/\/cpi-geneva.org\/fr\/wp-json\/wp\/v2\/posts\/505\/revisions"}],"predecessor-version":[{"id":6038,"href":"https:\/\/cpi-geneva.org\/fr\/wp-json\/wp\/v2\/posts\/505\/revisions\/6038"}],"wp:featuredmedia":[{"embeddable":true,"href":"https:\/\/cpi-geneva.org\/fr\/wp-json\/wp\/v2\/media\/5696"}],"wp:attachment":[{"href":"https:\/\/cpi-geneva.org\/fr\/wp-json\/wp\/v2\/media?parent=505"}],"wp:term":[{"taxonomy":"category","embeddable":true,"href":"https:\/\/cpi-geneva.org\/fr\/wp-json\/wp\/v2\/categories?post=505"},{"taxonomy":"post_tag","embeddable":true,"href":"https:\/\/cpi-geneva.org\/fr\/wp-json\/wp\/v2\/tags?post=505"}],"curies":[{"name":"wp","href":"https:\/\/api.w.org\/{rel}","templated":true}]}}