{"id":447,"date":"2014-10-28T08:18:15","date_gmt":"2014-10-28T08:18:15","guid":{"rendered":"https:\/\/cpi-geneva.org\/fr\/2014\/10\/28\/weekly-update-14-20102014-1\/"},"modified":"2023-05-30T11:57:55","modified_gmt":"2023-05-30T10:57:55","slug":"weekly-update-14-20102014-1","status":"publish","type":"post","link":"https:\/\/cpi-geneva.org\/fr\/weekly-update-14-20102014-1\/","title":{"rendered":"Weekly Update 21-27.10.2014"},"content":{"rendered":"<p><img decoding=\"async\" src=\"images\/joomlart\/article\/68497d6cb194485d2759fde9466457b7.jpg\" alt=\"\"><\/p>\n<div><strong>21 &#8211; 27 October 2014<\/strong><\/div>\n<div><em>Cordoba Foundation of Geneva<\/em><\/div>\n<p><!--more--><\/p>\n<p><strong>1) LIBYA<\/strong><\/p>\n<p><strong><strong>\u00bb <\/strong>25.10.2014: Mousa Ibrahim, Qaddaif&rsquo;s Spokesma, Re-emergers after Three Years<\/strong><\/p>\n<p>Mousa Ibrahim who led Qaddafi&rsquo;s PR campaign to counter the 2011 uprising in Libya re-emerged last week in Cairo, three years after his last public appearance in late summer 2011. Addressing a gathering of former Qaddafi figures and supporters, Ibrahim announced the formation of the Libyan National and Popular Movement. The speeches pronounced at the founding conference of the Libyan National Movement went in line with Khalifa Hafter&rsquo;s operations and Abdalh Theni&rsquo;s government in Tobruk. While clashes between the Libya Dawn armed groups and Hafter&rsquo;s Dignity groups rage on in Benghazi, the diplomatic struggle between Omar Al Hassi&rsquo;s government in Tripoli and Theni&rsquo;s in Tobruk continues. The latter went on a diplomatic offensive since the surprise visit of UN secretary general Ban Ki-moon to Tripoli two weeks ago. Theni was received in Malta, Sudan, while a delegation of parliamentarians in Tobruk was welcomed in Paris last week.<\/p>\n<p><a href=\"https:\/\/www.youtube.com\/watch?v=99ckHs5dlPg\" target=\"_blank\" rel=\"noopener\">https:\/\/www.youtube.com\/watch?v=99ckHs5dlPg<\/a><\/p>\n<p><strong>2) TUNISIA<\/strong><\/p>\n<p><strong><strong>\u00bb <\/strong>28.10.2014: Ennahdha&rsquo;s Election Score: Electoral Defeat or Strategic Retreat?<\/strong><\/p>\n<p>Early partial results of the 26 October general elections in Tunisia have indicated that Beji Caid Essebsi&rsquo;s Nidaa Tounes is leading in this second electoral test since the 2011 Constituent Assembly elections in which Ennahdha enjoyed a landslide victory by 90 of the CA seats. The early results unveiled Monday show that Ennahdha has retained around 70 seats. This means that the movement&rsquo;s doctrinal base has remained loyal. The seats Ennahdha seems to have lost are those it attracted in 2011 from outside its stronghold and ideological base. Many, especially among the revolutionary youth, did not swallow Ennahdah&rsquo;s decision of not imposing the vetting law when it was in power. For these revolutionary youth Ennahdha is responsible for the return of the ancien regime since last January. For them Ennahdha had to be punished and they did so in the ballot box. Nevertheless, partial results show that the southern constituencies have voted mostly in strong support to Ennahdha, with Nida Touness finishing second or third with a very large gap. This was the case in Tataouine, Kebilli, Touzer, Mednine, and Qabes. Whatever the final tally, Ennahdha would remain a significant bloc within the new parliament. Beji Essebsi has announced that Nidaa Tounes would \u00ab\u00a0rule with those closest to it\u00a0\u00bb, while Ghanoushi has called for a national unity government in order to face up to the economic challenges of Tunisia. Beyond the coalition building calculations of Nidaa Tounes ahead of the upcoming presidential elections in late November, keen observers of Tunisian affairs tend to caution against the hasty coverage in the mainstream media, which tended to dismiss Ennahdha&rsquo;s performance as being a defeat.<\/p>\n<p><a href=\"http:\/\/www.isie.tn\/index.php\/fr\/resultats-partielles-pour-les-elections-legislatives.html\" target=\"_blank\" rel=\"noopener\">http:\/\/www.isie.tn\/index.php\/fr\/resultats-partielles-pour-les-elections-legislatives.html<\/a><\/p>\n<p><strong>3) EGYPT<\/strong><\/p>\n<p><strong><strong>\u00bb <\/strong>24.10.2014 : Manifestations des \u00e9tudiants en Egypte<\/strong><\/p>\n<p>L&rsquo;arm\u00e9e \u00e9gyptienne a subi deux attaques vendredi 24 octobre dans le nord du Sina\u00ef qui ont provoqu\u00e9 la mort de 31 soldats. Ce sont les attaques les plus meurtri\u00e8res depuis ao\u00fbt 2013. Suite \u00e0 ces attaques, Abdel Fattah al-Sisi a d\u00e9clar\u00e9 vendredi soir l&rsquo;\u00e9tat d&rsquo;urgence accompagn\u00e9 d&rsquo;un couvre-feu pour une p\u00e9riode de 3 mois dans les r\u00e9gions du nord du Sina\u00ef. Al-Sisi accuse des mains \u00e9trang\u00e8res derri\u00e8re ces attaques, mais n&rsquo;a nomm\u00e9 personne. Il est \u00e0 noter que, imm\u00e9diatement apr\u00e8s l&rsquo;incident, un certain nombre d&rsquo;experts ont craint qu&rsquo;il pourrait annoncer la d\u00e9cision de d\u00e9placer les gens habitant au Sina\u00ef \u00e0 la fronti\u00e8re adjacente \u00e0 la bande de Gaza sous le pr\u00e9texte de combattre le terrorisme. Le Conseil r\u00e9volutionnaire \u00e9gyptien a mis en garde contre cette tentative qui serait une mesure \u00ab contraire \u00e0 toutes les conventions, les lois et les normes internationales \u00bb. Bien que l&rsquo;organisation Ansar J\u00e9rusalem soit souvent accus\u00e9e d&rsquo;\u00eatre derri\u00e8re ces op\u00e9rations, des soup\u00e7ons s&rsquo;\u00e9l\u00e8vent sur la possibilit\u00e9 que ce groupe soit infiltr\u00e9 par des renseignements qui auraient int\u00e9r\u00eat \u00e0 jouer la carte du terrorisme en Egypte. En effet, des questions sont lev\u00e9es sur le mode d&rsquo;op\u00e9rations de ces attaques et leur visible succ\u00e8s sur des forces qui devraient justement pr\u00e9venir de tels actes.<\/p>\n<p><em>Lien(s) pour plus d&rsquo;information :<\/em><\/p>\n<p><a href=\"http:\/\/www.alaraby.co.uk\/opinion\/b9fd007e-e24a-4c26-9929-5c656fb58354\" target=\"_blank\" rel=\"noopener\">http:\/\/www.alaraby.co.uk\/opinion\/b9fd007e-e24a-4c26-9929-5c656fb58354<\/a><br \/>\n<a href=\"http:\/\/www.alaraby.co.uk\/politics\/2db50493-6f93-4c34-bcde-c2a5b07f85e8\" target=\"_blank\" rel=\"noopener\">http:\/\/www.alaraby.co.uk\/politics\/2db50493-6f93-4c34-bcde-c2a5b07f85e8<\/a><br \/>\n<a href=\"http:\/\/www.france24.com\/fr\/20141025-egypte-decrete-etat-urgence-nord-sinai-apres-deux-attentats-abdel-fattah-al-sissi-armee\/\" target=\"_blank\" rel=\"noopener\">http:\/\/www.france24.com\/fr\/20141025<\/a><\/p>\n<p><strong>4) Y\u00c9MEN<\/strong><\/p>\n<p><strong><strong>\u00bb <\/strong>21.10.2014 : Saleh et fils saperaient la transition d\u00e9mocratique<\/strong><\/p>\n<p>Un panel d&rsquo;experts des Nations unies a identifi\u00e9 cinq \u00e9minents Y\u00e9m\u00e9nites pour leurs efforts \u00e0 saper la mise en application de l&rsquo;initiative du Golfe au Y\u00e9men. Il s&rsquo;agit de l&rsquo;ancien pr\u00e9sident Ali Abdullah Saleh, son fils Ahmad Ali Abdullah et de trois dirigeants houthis, Abdulmalik al-Houthi, son fr\u00e8re Abdulkhaleq al-Houthi et Abu Ali al-Hakem, le commandant des op\u00e9rations du mouvement. Or le nom qui \u00e9veille le plus de soup\u00e7ons est celui d&rsquo;Ahmad Ali Abdullah, car malgr\u00e9 le fait qu&rsquo;il n&rsquo;ait pas jou\u00e9 de r\u00f4le clair dans les derniers \u00e9v\u00e9nements, la pr\u00e9sence de son nom avec les quatre autres en plus du fait qu&rsquo;il soit l&rsquo;ambassadeur du Y\u00e9men aux Emirats arabes unis, laissent indiquer qu&rsquo;il aurait jou\u00e9 un r\u00f4le dans l&rsquo;aggravation de la situation politique du pays avec son p\u00e8re. De plus, des fuites dans les m\u00e9dias qui n&rsquo;ont pas pu \u00eatre v\u00e9rifi\u00e9es insinuaient il y a quelques jours qu&rsquo;Ahmad Ali Abdullah \u00e9tait impliqu\u00e9 dans la pr\u00e9paration d&rsquo;un coup d&rsquo;Etat militaire pour renverser le gouvernement du Pr\u00e9sident Hadi. Ainsi un certain nombre d&rsquo;observateurs y\u00e9m\u00e9nites pensent que le fils de l&rsquo;ancien pr\u00e9sident Saleh coordonne la politique des Emirats au Y\u00e9men, qui soutient indirectement l&rsquo;op\u00e9ration men\u00e9e par le duo Saleh et les Houthis contre les Fr\u00e8res musulmans comme mouvement politique au Y\u00e9men. Cette politique a finalement conduit \u00e9galement \u00e0 la mont\u00e9e des mouvements radicaux tels que le groupe Ansar al-Sharia, le bras d&rsquo;al-Qaida au Y\u00e9men, qui a gagn\u00e9 le consentement et le soutien dans sa lutte contre les Houthis. Cela co\u00efncide avec l&rsquo;intensification des combats entre Al-Qa\u00efda et les tribus dans tout Rida&rsquo; dans le gouvernorat d&rsquo;Al-Bayda, dans le district d&rsquo;Udayn dans le gouvernorat d&rsquo;Ibb et dans diff\u00e9rentes parties du gouvernorat de Dhamar. En fin on note que beaucoup de nouvelles signalent qu&rsquo;il y a des milliers de soldats de la Garde pour d\u00e9manteler et neutraliser, ce qui signifie que la zone sera ouverte aux milices arm\u00e9es qui pourront s&rsquo;\u00e9lever comme une alternative \u00e0 l&rsquo;Etat et ouvriront les voies pour les conflits internes au Y\u00e9men.<\/p>\n<p><em>Lien(s) pour plus d&rsquo;information :<\/em><\/p>\n<p><a href=\"http:\/\/www.aljazeera.com\/news\/middleeast\/2014\/10\/un-sanctions-target-high-profile-yemenis-20141020173450209531.html\" target=\"_blank\" rel=\"noopener\">http:\/\/www.aljazeera.com\/news\/middleeast\/2014\/10\/un-sanctions-target-high-profile-yemenis<\/a><\/p>\n<p><strong>5) SAHEL<\/strong><\/p>\n<p><strong>Chad :<\/strong><\/p>\n<p><strong><strong>\u00bb <\/strong>24.10.2014 : Bilateral cooperation with Morocco<\/strong><\/p>\n<p>The Prime Minister of Chad, Mr. Kalzeub\u00e9 Payimi Deubet, undertook a three day visit in Morocco to strengthen cooperation with this country. He met with his counterpart, Mr. Abdelilah Benkirane, and with representatives of several Ministries. The visit led to the signature of a memorandum of understanding in the areas of public service and the modernization of public administration. Both Prime Ministers also chaired on Friday in Rabat a working session of the High Joint Commission for bilateral cooperation. This Commission had been created last April as a result of a visit from the Minister of Foreign Affairs of Chad.<\/p>\n<p><a href=\"http:\/\/www.moroccoworldnews.com\/2014\/10\/142341\/morocco-chad-give-new-impetus-to-bilateral-cooperation\/\" target=\"_blank\" rel=\"noopener\">http:\/\/www.moroccoworldnews.com\/2014\/10\/142341\/morocco-chad-give-new-impetus-to-bilateral<\/a><\/p>\n<p><strong>Niger :<\/strong><\/p>\n<p><strong><strong>\u00bb <\/strong>23.10.2014: Niger bought a \u20ac 10 million electronic intelligence aircraft<\/strong><\/p>\n<p>The government of Niger announced the purchase of a \u20ac 10 million electronic intelligence aircraft to fight against Islamist armed groups along its borders with Mali and Libya. Thus the government of Niger strengthens its own capacities to protect its territory and population from these armed groups. The plane was acquired with the financial support of the USA. This is part of a broader defense cooperation framework between the USA and Niger which led last September to the agreement to open an American military base in Agadez, in the northern part of the country.<\/p>\n<p><a href=\"http:\/\/www.jeuneafrique.com\/Article\/ARTJAWEB20141023132312\/defense-securite-terrorisme-drone-defense-pourquoi-le-niger-a-achete-un-avion-de-renseignement-a-10-millions-d-euros.html\" target=\"_blank\" rel=\"noopener\">http:\/\/www.jeuneafrique.com\/Article\/ARTJAWEB20141023132312\/defense-securite-terrorisme<\/a><\/p>\n<p><strong>Mali :<\/strong><\/p>\n<p><strong><strong>\u00bb <\/strong>27.10.2014: French troops redeployed to Northern Mali<\/strong><\/p>\n<p>\u00ab\u00a0The French army will temporarily strengthen its troops in northern Mali until the forces of the MINUSMA are reinforced\u00a0\u00bb, declared the French Defense Minister Jean-Yves Le Drian. Only 22% of the soldiers of the MINUSMA are based in the northern part of Mali and they were lacking effective logistical support. Since its establishment in July 2013, the MINUSMA, which comprises 8300 soldiers deployed in 12 bases and 970 police officers, has been the target of multiple attacks from armed Islamist groups. 31 soldiers have died as a result from mines, rockets attacks and assaults by armed Islamist groups. Mr. Herv\u00e9 Ladsous, Under-Secretary General for Peacekeeping Operations, promised to the MINUSMA additional support in terms of training, surveillance drones, armored tanks etc.<\/p>\n<p><a href=\"http:\/\/www.jeuneafrique.com\/Article\/JA2805p034.xml0\/defense-terrorisme-armee-francaise-minusma-mali-mali-les-casques-bleus-cibles-privilegiees-des-jihadistes.html\" target=\"_blank\" rel=\"noopener\">http:\/\/www.jeuneafrique.com\/Article\/JA2805p034.xml0\/defense-terrorisme-armee-francaise<\/a><\/p>\n<p><strong>Nigeria :<\/strong><\/p>\n<p><strong><strong>\u00bb <\/strong>26.10.2014 : Peut-on encore esp\u00e9rer quelque chose du cessez-le-feu avec Boko Haram ?<\/strong><\/p>\n<p>Le 17 octobre, un accord de cessez-le-feu avec Boko Haram, inclut la lib\u00e9ration des 200 lyc\u00e9ennes enlev\u00e9es il y a six mois, \u00e9tait annonc\u00e9 par les autorit\u00e9s tchadiennes et nig\u00e9rianes. Mais depuis les attaques de la secte islamique se poursuivent dans le nord du Nig\u00e9ria. En effets, ce groupe arm\u00e9 a enlev\u00e9 trente adolescents, des gar\u00e7ons et des filles, dans un village de l&rsquo;Etat de Borno, dans le nord-est du Nig\u00e9ria.<\/p>\n<p><a href=\"http:\/\/www.jeuneafrique.com\/Article\/ARTJAWEB20141022152810\/diplomatie-terrorisme-boko-haram-goodluck-jonathan-terrorisme-nigeria-boko-haram-peut-on-encore-esperer-quelque-chose-du-cessez-le-feu.html\" target=\"_blank\" rel=\"noopener\">http:\/\/www.jeuneafrique.com\/Article\/ARTJAWEB20141022152810\/diplomatie-terrorisme-boko-haram-goodluck<\/a><br \/>\n<a href=\"http:\/\/www.jeuneafrique.com\/Article\/DEPAFP20141026171255\/terrorisme-boko-haram-terrorisme-nigeria-enlevement-de-trente-adolescents-dans-le-nord-est.html\" target=\"_blank\" rel=\"noopener\">http:\/\/www.jeuneafrique.com\/Article\/DEPAFP20141026171255\/terrorisme-boko-haram-terrorisme<\/a><\/p>\n<hr>\n<p><em>The views and perspectives contained in the Weekly Update are from individual contributors and external sources, and do not necessarily reflect the opinions or position of the Cordoba Foundation of Geneva. The links are neither intended as an endorsement of particular publications nor the only source for the updates, but to connect to information in the public domain, for those interested in background or further details.<\/em><\/p>\n<p>&nbsp;<\/p>\n","protected":false},"excerpt":{"rendered":"<p>21 &#8211; 27 October 2014 Cordoba Foundation of Geneva<\/p>\n","protected":false},"author":2,"featured_media":5699,"comment_status":"open","ping_status":"open","sticky":false,"template":"","format":"standard","meta":{"footnotes":""},"categories":[15],"tags":[],"class_list":["post-447","post","type-post","status-publish","format-standard","has-post-thumbnail","hentry","category-newsletter"],"yoast_head":"<!-- This site is optimized with the Yoast SEO plugin v27.4 - https:\/\/yoast.com\/product\/yoast-seo-wordpress\/ -->\n<title>Weekly Update 21-27.10.2014 - Cordoba Peace Institute | Fran\u00e7ais<\/title>\n<meta name=\"robots\" content=\"index, follow, max-snippet:-1, max-image-preview:large, max-video-preview:-1\" \/>\n<link rel=\"canonical\" href=\"https:\/\/cpi-geneva.org\/fr\/weekly-update-14-20102014-1\/\" \/>\n<meta property=\"og:locale\" content=\"fr_FR\" \/>\n<meta property=\"og:type\" content=\"article\" \/>\n<meta property=\"og:title\" content=\"Weekly Update 21-27.10.2014 - Cordoba Peace Institute | Fran\u00e7ais\" \/>\n<meta property=\"og:description\" content=\"21 &#8211; 27 October 2014 Cordoba Foundation of Geneva\" \/>\n<meta property=\"og:url\" content=\"https:\/\/cpi-geneva.org\/fr\/weekly-update-14-20102014-1\/\" \/>\n<meta property=\"og:site_name\" content=\"Cordoba Peace Institute | Fran\u00e7ais\" \/>\n<meta property=\"article:published_time\" content=\"2014-10-28T08:18:15+00:00\" \/>\n<meta property=\"article:modified_time\" content=\"2023-05-30T10:57:55+00:00\" \/>\n<meta property=\"og:image\" content=\"https:\/\/cpi-geneva.org\/fr\/wp-content\/uploads\/sites\/3\/2023\/05\/cpi_gold-1.png\" \/>\n\t<meta property=\"og:image:width\" content=\"1920\" \/>\n\t<meta property=\"og:image:height\" content=\"600\" \/>\n\t<meta property=\"og:image:type\" content=\"image\/png\" \/>\n<meta name=\"author\" content=\"C\u00f2rdoba Geneva\" \/>\n<meta name=\"twitter:card\" content=\"summary_large_image\" \/>\n<meta name=\"twitter:label1\" content=\"\u00c9crit par\" \/>\n\t<meta name=\"twitter:data1\" content=\"C\u00f2rdoba Geneva\" \/>\n\t<meta name=\"twitter:label2\" content=\"Dur\u00e9e de lecture estim\u00e9e\" \/>\n\t<meta name=\"twitter:data2\" content=\"8 minutes\" \/>\n<script type=\"application\/ld+json\" class=\"yoast-schema-graph\">{\"@context\":\"https:\\\/\\\/schema.org\",\"@graph\":[{\"@type\":\"Article\",\"@id\":\"https:\\\/\\\/cpi-geneva.org\\\/fr\\\/weekly-update-14-20102014-1\\\/#article\",\"isPartOf\":{\"@id\":\"https:\\\/\\\/cpi-geneva.org\\\/fr\\\/weekly-update-14-20102014-1\\\/\"},\"author\":{\"name\":\"C\u00f2rdoba Geneva\",\"@id\":\"https:\\\/\\\/cpi-geneva.org\\\/fr\\\/#\\\/schema\\\/person\\\/1f02a815043284cc1f7aa799e32fb07b\"},\"headline\":\"Weekly Update 21-27.10.2014\",\"datePublished\":\"2014-10-28T08:18:15+00:00\",\"dateModified\":\"2023-05-30T10:57:55+00:00\",\"mainEntityOfPage\":{\"@id\":\"https:\\\/\\\/cpi-geneva.org\\\/fr\\\/weekly-update-14-20102014-1\\\/\"},\"wordCount\":1682,\"commentCount\":0,\"publisher\":{\"@id\":\"https:\\\/\\\/cpi-geneva.org\\\/fr\\\/#organization\"},\"image\":{\"@id\":\"https:\\\/\\\/cpi-geneva.org\\\/fr\\\/weekly-update-14-20102014-1\\\/#primaryimage\"},\"thumbnailUrl\":\"https:\\\/\\\/cpi-geneva.org\\\/fr\\\/wp-content\\\/uploads\\\/sites\\\/3\\\/2023\\\/05\\\/cpi_gold-1.png\",\"articleSection\":[\"Newsletter\"],\"inLanguage\":\"fr-FR\"},{\"@type\":\"WebPage\",\"@id\":\"https:\\\/\\\/cpi-geneva.org\\\/fr\\\/weekly-update-14-20102014-1\\\/\",\"url\":\"https:\\\/\\\/cpi-geneva.org\\\/fr\\\/weekly-update-14-20102014-1\\\/\",\"name\":\"Weekly Update 21-27.10.2014 - Cordoba Peace Institute | Fran\u00e7ais\",\"isPartOf\":{\"@id\":\"https:\\\/\\\/cpi-geneva.org\\\/fr\\\/#website\"},\"primaryImageOfPage\":{\"@id\":\"https:\\\/\\\/cpi-geneva.org\\\/fr\\\/weekly-update-14-20102014-1\\\/#primaryimage\"},\"image\":{\"@id\":\"https:\\\/\\\/cpi-geneva.org\\\/fr\\\/weekly-update-14-20102014-1\\\/#primaryimage\"},\"thumbnailUrl\":\"https:\\\/\\\/cpi-geneva.org\\\/fr\\\/wp-content\\\/uploads\\\/sites\\\/3\\\/2023\\\/05\\\/cpi_gold-1.png\",\"datePublished\":\"2014-10-28T08:18:15+00:00\",\"dateModified\":\"2023-05-30T10:57:55+00:00\",\"breadcrumb\":{\"@id\":\"https:\\\/\\\/cpi-geneva.org\\\/fr\\\/weekly-update-14-20102014-1\\\/#breadcrumb\"},\"inLanguage\":\"fr-FR\",\"potentialAction\":[{\"@type\":\"ReadAction\",\"target\":[\"https:\\\/\\\/cpi-geneva.org\\\/fr\\\/weekly-update-14-20102014-1\\\/\"]}]},{\"@type\":\"ImageObject\",\"inLanguage\":\"fr-FR\",\"@id\":\"https:\\\/\\\/cpi-geneva.org\\\/fr\\\/weekly-update-14-20102014-1\\\/#primaryimage\",\"url\":\"https:\\\/\\\/cpi-geneva.org\\\/fr\\\/wp-content\\\/uploads\\\/sites\\\/3\\\/2023\\\/05\\\/cpi_gold-1.png\",\"contentUrl\":\"https:\\\/\\\/cpi-geneva.org\\\/fr\\\/wp-content\\\/uploads\\\/sites\\\/3\\\/2023\\\/05\\\/cpi_gold-1.png\",\"width\":1920,\"height\":600},{\"@type\":\"BreadcrumbList\",\"@id\":\"https:\\\/\\\/cpi-geneva.org\\\/fr\\\/weekly-update-14-20102014-1\\\/#breadcrumb\",\"itemListElement\":[{\"@type\":\"ListItem\",\"position\":1,\"name\":\"Home\",\"item\":\"https:\\\/\\\/cpi-geneva.org\\\/fr\\\/\"},{\"@type\":\"ListItem\",\"position\":2,\"name\":\"Weekly Update 21-27.10.2014\"}]},{\"@type\":\"WebSite\",\"@id\":\"https:\\\/\\\/cpi-geneva.org\\\/fr\\\/#website\",\"url\":\"https:\\\/\\\/cpi-geneva.org\\\/fr\\\/\",\"name\":\"Cordoba Peace Institute - Gen\u00e8ve CPI\",\"description\":\"CPI Gen\u00e8ve | 20 ans aux service de la paix\",\"publisher\":{\"@id\":\"https:\\\/\\\/cpi-geneva.org\\\/fr\\\/#organization\"},\"potentialAction\":[{\"@type\":\"SearchAction\",\"target\":{\"@type\":\"EntryPoint\",\"urlTemplate\":\"https:\\\/\\\/cpi-geneva.org\\\/fr\\\/?s={search_term_string}\"},\"query-input\":{\"@type\":\"PropertyValueSpecification\",\"valueRequired\":true,\"valueName\":\"search_term_string\"}}],\"inLanguage\":\"fr-FR\"},{\"@type\":\"Organization\",\"@id\":\"https:\\\/\\\/cpi-geneva.org\\\/fr\\\/#organization\",\"name\":\"Cordoba Peace Institute - Gen\u00e8ve CPI\",\"url\":\"https:\\\/\\\/cpi-geneva.org\\\/fr\\\/\",\"logo\":{\"@type\":\"ImageObject\",\"inLanguage\":\"fr-FR\",\"@id\":\"https:\\\/\\\/cpi-geneva.org\\\/fr\\\/#\\\/schema\\\/logo\\\/image\\\/\",\"url\":\"https:\\\/\\\/cpi-geneva.org\\\/fr\\\/wp-content\\\/uploads\\\/sites\\\/3\\\/2025\\\/12\\\/CPI-Geneva.png\",\"contentUrl\":\"https:\\\/\\\/cpi-geneva.org\\\/fr\\\/wp-content\\\/uploads\\\/sites\\\/3\\\/2025\\\/12\\\/CPI-Geneva.png\",\"width\":740,\"height\":740,\"caption\":\"Cordoba Peace Institute - Gen\u00e8ve CPI\"},\"image\":{\"@id\":\"https:\\\/\\\/cpi-geneva.org\\\/fr\\\/#\\\/schema\\\/logo\\\/image\\\/\"}},{\"@type\":\"Person\",\"@id\":\"https:\\\/\\\/cpi-geneva.org\\\/fr\\\/#\\\/schema\\\/person\\\/1f02a815043284cc1f7aa799e32fb07b\",\"name\":\"C\u00f2rdoba Geneva\",\"image\":{\"@type\":\"ImageObject\",\"inLanguage\":\"fr-FR\",\"@id\":\"https:\\\/\\\/secure.gravatar.com\\\/avatar\\\/cf6a4ecb9e914acddd89e4c4cbc3c6fdccfd6614c26ec3023ce0173515d50eff?s=96&d=mm&r=g\",\"url\":\"https:\\\/\\\/secure.gravatar.com\\\/avatar\\\/cf6a4ecb9e914acddd89e4c4cbc3c6fdccfd6614c26ec3023ce0173515d50eff?s=96&d=mm&r=g\",\"contentUrl\":\"https:\\\/\\\/secure.gravatar.com\\\/avatar\\\/cf6a4ecb9e914acddd89e4c4cbc3c6fdccfd6614c26ec3023ce0173515d50eff?s=96&d=mm&r=g\",\"caption\":\"C\u00f2rdoba Geneva\"},\"url\":\"https:\\\/\\\/cpi-geneva.org\\\/fr\\\/author\\\/corwebmaster\\\/\"}]}<\/script>\n<!-- \/ Yoast SEO plugin. -->","yoast_head_json":{"title":"Weekly Update 21-27.10.2014 - Cordoba Peace Institute | Fran\u00e7ais","robots":{"index":"index","follow":"follow","max-snippet":"max-snippet:-1","max-image-preview":"max-image-preview:large","max-video-preview":"max-video-preview:-1"},"canonical":"https:\/\/cpi-geneva.org\/fr\/weekly-update-14-20102014-1\/","og_locale":"fr_FR","og_type":"article","og_title":"Weekly Update 21-27.10.2014 - Cordoba Peace Institute | Fran\u00e7ais","og_description":"21 &#8211; 27 October 2014 Cordoba Foundation of Geneva","og_url":"https:\/\/cpi-geneva.org\/fr\/weekly-update-14-20102014-1\/","og_site_name":"Cordoba Peace Institute | Fran\u00e7ais","article_published_time":"2014-10-28T08:18:15+00:00","article_modified_time":"2023-05-30T10:57:55+00:00","og_image":[{"width":1920,"height":600,"url":"https:\/\/cpi-geneva.org\/fr\/wp-content\/uploads\/sites\/3\/2023\/05\/cpi_gold-1.png","type":"image\/png"}],"author":"C\u00f2rdoba Geneva","twitter_card":"summary_large_image","twitter_misc":{"\u00c9crit par":"C\u00f2rdoba Geneva","Dur\u00e9e de lecture estim\u00e9e":"8 minutes"},"schema":{"@context":"https:\/\/schema.org","@graph":[{"@type":"Article","@id":"https:\/\/cpi-geneva.org\/fr\/weekly-update-14-20102014-1\/#article","isPartOf":{"@id":"https:\/\/cpi-geneva.org\/fr\/weekly-update-14-20102014-1\/"},"author":{"name":"C\u00f2rdoba Geneva","@id":"https:\/\/cpi-geneva.org\/fr\/#\/schema\/person\/1f02a815043284cc1f7aa799e32fb07b"},"headline":"Weekly Update 21-27.10.2014","datePublished":"2014-10-28T08:18:15+00:00","dateModified":"2023-05-30T10:57:55+00:00","mainEntityOfPage":{"@id":"https:\/\/cpi-geneva.org\/fr\/weekly-update-14-20102014-1\/"},"wordCount":1682,"commentCount":0,"publisher":{"@id":"https:\/\/cpi-geneva.org\/fr\/#organization"},"image":{"@id":"https:\/\/cpi-geneva.org\/fr\/weekly-update-14-20102014-1\/#primaryimage"},"thumbnailUrl":"https:\/\/cpi-geneva.org\/fr\/wp-content\/uploads\/sites\/3\/2023\/05\/cpi_gold-1.png","articleSection":["Newsletter"],"inLanguage":"fr-FR"},{"@type":"WebPage","@id":"https:\/\/cpi-geneva.org\/fr\/weekly-update-14-20102014-1\/","url":"https:\/\/cpi-geneva.org\/fr\/weekly-update-14-20102014-1\/","name":"Weekly Update 21-27.10.2014 - Cordoba Peace Institute | Fran\u00e7ais","isPartOf":{"@id":"https:\/\/cpi-geneva.org\/fr\/#website"},"primaryImageOfPage":{"@id":"https:\/\/cpi-geneva.org\/fr\/weekly-update-14-20102014-1\/#primaryimage"},"image":{"@id":"https:\/\/cpi-geneva.org\/fr\/weekly-update-14-20102014-1\/#primaryimage"},"thumbnailUrl":"https:\/\/cpi-geneva.org\/fr\/wp-content\/uploads\/sites\/3\/2023\/05\/cpi_gold-1.png","datePublished":"2014-10-28T08:18:15+00:00","dateModified":"2023-05-30T10:57:55+00:00","breadcrumb":{"@id":"https:\/\/cpi-geneva.org\/fr\/weekly-update-14-20102014-1\/#breadcrumb"},"inLanguage":"fr-FR","potentialAction":[{"@type":"ReadAction","target":["https:\/\/cpi-geneva.org\/fr\/weekly-update-14-20102014-1\/"]}]},{"@type":"ImageObject","inLanguage":"fr-FR","@id":"https:\/\/cpi-geneva.org\/fr\/weekly-update-14-20102014-1\/#primaryimage","url":"https:\/\/cpi-geneva.org\/fr\/wp-content\/uploads\/sites\/3\/2023\/05\/cpi_gold-1.png","contentUrl":"https:\/\/cpi-geneva.org\/fr\/wp-content\/uploads\/sites\/3\/2023\/05\/cpi_gold-1.png","width":1920,"height":600},{"@type":"BreadcrumbList","@id":"https:\/\/cpi-geneva.org\/fr\/weekly-update-14-20102014-1\/#breadcrumb","itemListElement":[{"@type":"ListItem","position":1,"name":"Home","item":"https:\/\/cpi-geneva.org\/fr\/"},{"@type":"ListItem","position":2,"name":"Weekly Update 21-27.10.2014"}]},{"@type":"WebSite","@id":"https:\/\/cpi-geneva.org\/fr\/#website","url":"https:\/\/cpi-geneva.org\/fr\/","name":"Cordoba Peace Institute - Gen\u00e8ve CPI","description":"CPI Gen\u00e8ve | 20 ans aux service de la paix","publisher":{"@id":"https:\/\/cpi-geneva.org\/fr\/#organization"},"potentialAction":[{"@type":"SearchAction","target":{"@type":"EntryPoint","urlTemplate":"https:\/\/cpi-geneva.org\/fr\/?s={search_term_string}"},"query-input":{"@type":"PropertyValueSpecification","valueRequired":true,"valueName":"search_term_string"}}],"inLanguage":"fr-FR"},{"@type":"Organization","@id":"https:\/\/cpi-geneva.org\/fr\/#organization","name":"Cordoba Peace Institute - Gen\u00e8ve CPI","url":"https:\/\/cpi-geneva.org\/fr\/","logo":{"@type":"ImageObject","inLanguage":"fr-FR","@id":"https:\/\/cpi-geneva.org\/fr\/#\/schema\/logo\/image\/","url":"https:\/\/cpi-geneva.org\/fr\/wp-content\/uploads\/sites\/3\/2025\/12\/CPI-Geneva.png","contentUrl":"https:\/\/cpi-geneva.org\/fr\/wp-content\/uploads\/sites\/3\/2025\/12\/CPI-Geneva.png","width":740,"height":740,"caption":"Cordoba Peace Institute - Gen\u00e8ve CPI"},"image":{"@id":"https:\/\/cpi-geneva.org\/fr\/#\/schema\/logo\/image\/"}},{"@type":"Person","@id":"https:\/\/cpi-geneva.org\/fr\/#\/schema\/person\/1f02a815043284cc1f7aa799e32fb07b","name":"C\u00f2rdoba Geneva","image":{"@type":"ImageObject","inLanguage":"fr-FR","@id":"https:\/\/secure.gravatar.com\/avatar\/cf6a4ecb9e914acddd89e4c4cbc3c6fdccfd6614c26ec3023ce0173515d50eff?s=96&d=mm&r=g","url":"https:\/\/secure.gravatar.com\/avatar\/cf6a4ecb9e914acddd89e4c4cbc3c6fdccfd6614c26ec3023ce0173515d50eff?s=96&d=mm&r=g","contentUrl":"https:\/\/secure.gravatar.com\/avatar\/cf6a4ecb9e914acddd89e4c4cbc3c6fdccfd6614c26ec3023ce0173515d50eff?s=96&d=mm&r=g","caption":"C\u00f2rdoba Geneva"},"url":"https:\/\/cpi-geneva.org\/fr\/author\/corwebmaster\/"}]}},"featured_image_src":{"landsacpe":["https:\/\/cpi-geneva.org\/fr\/wp-content\/uploads\/sites\/3\/2023\/05\/cpi_gold-1-1140x445.png",1140,445,true],"list":["https:\/\/cpi-geneva.org\/fr\/wp-content\/uploads\/sites\/3\/2023\/05\/cpi_gold-1-463x348.png",463,348,true],"medium":["https:\/\/cpi-geneva.org\/fr\/wp-content\/uploads\/sites\/3\/2023\/05\/cpi_gold-1-300x94.png",300,94,true],"full":["https:\/\/cpi-geneva.org\/fr\/wp-content\/uploads\/sites\/3\/2023\/05\/cpi_gold-1.png",1920,600,false]},"_links":{"self":[{"href":"https:\/\/cpi-geneva.org\/fr\/wp-json\/wp\/v2\/posts\/447","targetHints":{"allow":["GET"]}}],"collection":[{"href":"https:\/\/cpi-geneva.org\/fr\/wp-json\/wp\/v2\/posts"}],"about":[{"href":"https:\/\/cpi-geneva.org\/fr\/wp-json\/wp\/v2\/types\/post"}],"author":[{"embeddable":true,"href":"https:\/\/cpi-geneva.org\/fr\/wp-json\/wp\/v2\/users\/2"}],"replies":[{"embeddable":true,"href":"https:\/\/cpi-geneva.org\/fr\/wp-json\/wp\/v2\/comments?post=447"}],"version-history":[{"count":1,"href":"https:\/\/cpi-geneva.org\/fr\/wp-json\/wp\/v2\/posts\/447\/revisions"}],"predecessor-version":[{"id":5959,"href":"https:\/\/cpi-geneva.org\/fr\/wp-json\/wp\/v2\/posts\/447\/revisions\/5959"}],"wp:featuredmedia":[{"embeddable":true,"href":"https:\/\/cpi-geneva.org\/fr\/wp-json\/wp\/v2\/media\/5699"}],"wp:attachment":[{"href":"https:\/\/cpi-geneva.org\/fr\/wp-json\/wp\/v2\/media?parent=447"}],"wp:term":[{"taxonomy":"category","embeddable":true,"href":"https:\/\/cpi-geneva.org\/fr\/wp-json\/wp\/v2\/categories?post=447"},{"taxonomy":"post_tag","embeddable":true,"href":"https:\/\/cpi-geneva.org\/fr\/wp-json\/wp\/v2\/tags?post=447"}],"curies":[{"name":"wp","href":"https:\/\/api.w.org\/{rel}","templated":true}]}}