{"id":440,"date":"2014-09-09T08:34:42","date_gmt":"2014-09-09T07:34:42","guid":{"rendered":"https:\/\/cpi-geneva.org\/fr\/2014\/09\/09\/weekly-update-2608-08092014\/"},"modified":"2023-05-30T12:02:43","modified_gmt":"2023-05-30T11:02:43","slug":"weekly-update-2608-08092014","status":"publish","type":"post","link":"https:\/\/cpi-geneva.org\/fr\/weekly-update-2608-08092014\/","title":{"rendered":"Weekly Update 26.08-08.09.2014"},"content":{"rendered":"<p><img decoding=\"async\" src=\"images\/joomlart\/article\/fe4bbe81600a40063594e597e00eb05b.jpg\" alt=\"\"><\/p>\n<div><strong>26 August&nbsp;&#8211; 8 September 2014<\/strong><\/div>\n<div><em>Cordoba Foundation of Geneva<\/em><\/div>\n<p><!--more--><\/p>\n<p><strong>1) LIBYA<\/strong><\/p>\n<p><strong>\u00bb 5-8.09.2014: Facts on the Ground Shape Algiers Policy toward Libya<\/strong><\/p>\n<p>According to Algerian security sources cited by the usually well-informed Algerian daily El Watan, Algiers is taking into consideration the facts on the ground with regard to the state of affairs in Libya and Algiers&rsquo; policy towards Tripoli. According to El Watan sources, Algiers is most preoccupied by the security of its eastern borders with Libya. For that reason, it is ready to deal with those who can guarantee that security on the ground. El Watan suggested that the ability of the Libya Dawn brigades to take control of Tripoli, and to evict the pro- Libya Dignity militia despite the Egyptian and Emirati air support, seemed to have convinced Algiers of this decision. Echorouk Elyoumi, an Algerian daily, reported in its Monday edition that AbdelHakim Belhaj&rsquo;s announced visit to Algiers is believed to be part of the Algerian government&rsquo;s move to strengthen ties with moderate Islamists who control Tripoli. El Watan read the same in Rached Ghanouchi&rsquo;s meeting with Bouteflika last week.<\/p>\n<p><a href=\"http:\/\/elwatan.com\/international\/libye-comment-alger-et-washington-veulent-neutraliser-les-djihadistes-05-09-2014-270247_112.php\" target=\"_blank\" rel=\"noopener\">http:\/\/elwatan.com\/international\/libye-comment-alger-et-washington-veulent-neutraliser-les-djihadistes-05-09-2014-270247_112.php<\/a><\/p>\n<p><strong>2) TUNISIA<\/strong><\/p>\n<p><strong><strong>\u00bb <\/strong>08.09.2014: King Maker? Ennahdha Decides not to run for Presidential Elections<\/strong><\/p>\n<p>After three months of suspense and following two days of consultations, the Ennahdha Movement&rsquo;s Shura Council decided that the movement will not present a candidate from its ranks for the upcoming presidential election in November. Ennahdha, however, would \u00ab\u00a0support the candidacy of a consensual, national personality that would serve the goals of the revolution, preserve the democratic experience, and contribute to its success\u00a0\u00bb. Ziyad Al Adhari, Ennahdha&rsquo;s spokesman, said that Ennahdha&rsquo;s decision as to whom it would support would be known once all aspiring candidates have submitted their candidacy files and an official list had been announced. Now that Ennahdha has revealed some of its cards, it is expected that Beji Caid Sebsi would officially submit his candidacy on Tuesday.<\/p>\n<p><a href=\"http:\/\/www.kapitalis.com\/politique\/24515-nidaa-tounes-beji-caid-essebsi-depose-demain-sa-candidature-a-la-presidentielle.html\" target=\"_blank\" rel=\"noopener\">http:\/\/www.kapitalis.com\/politique\/24515-nidaa-tounes-beji-caid-essebsi-depose-demain-sa-candidature-a-la-presidentielle.html<\/a><\/p>\n<p><strong>3) EGYPT<\/strong><\/p>\n<p><strong><strong>\u00bb <\/strong>07\/09\/2014: Egypt&rsquo;s president: power to the people?<\/strong><\/p>\n<p>Egyptian president Abdel Fattah el-Sisi has responded to public anger over power shortages by making an appeal for patience and calling for Egyptians to stand united.<\/p>\n<p><a href=\"http:\/\/www.aljazeera.com\/programmes\/insidestory\/2014\/09\/egyptian-president-power-people-201496153759834457.html\" target=\"_blank\" rel=\"noopener\">http:\/\/www.aljazeera.com\/programmes\/insidestory\/2014\/09\/egyptian-president-power-people-201496153759834457.html<\/a><\/p>\n<p><strong><strong>\u00bb <\/strong>08\/09\/2014 : Manifestations nocturnes contre la hausse des prix<\/strong><\/p>\n<p>L&rsquo;Alliance nationale pour soutenir la l\u00e9gitimit\u00e9 avait organis\u00e9 six manifestations nocturnes anti-coup d&rsquo;Etat, dans diff\u00e9rents quartiers en Alexandrie. La coalition de la jeunesse contre le coup d&rsquo;Etat avait organis\u00e9 \u00e9galement une manifestation lundi soir dans le village d&rsquo;Alkhayata au nord du centre de Damiette, dans le but de d\u00e9noncer les \u00e9v\u00e9nements du coup d&rsquo;Etat militaire. Cette manifestation avait \u00e9t\u00e9 organis\u00e9e dans le cadre de la semaine de \u00ab la r\u00e9volution jusqu&rsquo;\u00e0 la victoire \u00bb, et elle avait connu une large participation des jeunes, des opposants du coup d&rsquo;Etat. Elle avait commenc\u00e9 devant la Grande Mosqu\u00e9e dans le village et fit le tour de plusieurs rues brandissant des drapeaux de l&rsquo;Egypte et le signe de Rabaa, en chantant des slogans contre le coup d&rsquo;Etat. Les jeunes manifestants avaient confirm\u00e9 que cette manifestation rentre dans le cadre des pr\u00e9parations pour lancer une vague de col\u00e8re le 9 septembre contre la hausse des prix et la d\u00e9t\u00e9rioration des conditions de vie.<\/p>\n<p><a href=\"http:\/\/mubasher-misr.aljazeera.net\/news\/201498193949657702.htm\" target=\"_blank\" rel=\"noopener\">http:\/\/mubasher-misr.aljazeera.net\/news\/201498193949657702.htm<\/a><\/p>\n<p><strong>4) YEMEN<\/strong><\/p>\n<p><strong><strong>\u00bb <\/strong>03\/09\/2014: Houthis block roads in Sana&rsquo;a<\/strong><\/p>\n<p>Houthi demonstrators halted traffic on Wednesday from 10 AM until 2 PM in four major streets in Sana&rsquo;a. They thereby expressed their rejection of the initiatives announced on Tuesday by the presidential committee tasked to reach an agreement between the Houthis and the government.<\/p>\n<p><a href=\"http:\/\/www.yementimes.com\/en\/1813\/news\/4284\/Houthis-block-roads-in-Sana\u2019a.htm\" target=\"_blank\" rel=\"noopener\">http:\/\/www.yementimes.com\/en\/1813\/news\/4284\/Houthis-block-roads-in-Sana<\/a><br \/>\n<a href=\"http:\/\/www.aljazeera.net\/news\/arabic\/2014\/9\/7\/\u0634\u0631\u0637\u0629-\u0627\u0644\u064a\u0645\u0646-\u062a\u0646\u0633\u062d\u0628-\u0628\u0639\u062f-\u0645\u062d\u0627\u0648\u0644\u0629-\u0641\u0636-\u0627\u0639\u062a\u0635\u0627\u0645-\u0627\u0644\u062d\u0648\u062b\u064a\u064a\u0646-\u0628\u0635\u0646\u0639\u0627\u0621\" target=\"_blank\" rel=\"noopener\">http:\/\/www.aljazeera.net\/news\/arabic\/2014\/9\/7\/<\/a><\/p>\n<p><strong>5) MAURITANIA<\/strong><\/p>\n<p><strong><strong>\u00bb <\/strong>29.08.2014: After 27 Years in Exile, FLAM Holds its First Congress in Mauritania<\/strong><\/p>\n<p>The Forces de Lib\u00e9ration Africaines de Mauritanie (FLAM) held its first congress in Nouakchott on Friday 29 August 2014 despite the Mauritanian authorities&rsquo; efforts to prevent it from taking place. The FLAM&rsquo;s request to hold its first congress in a hotel in Nouakchott was turned down. Mauritanian news outlets reported that the meeting took place at the movement&rsquo;s house in Nouakchott, under strong security presence. The movement reiterated its calls for self-rule for black African Mauritanians. The historic event, ignored in official public media, triggered a number of op-eds and opposition party reactions who considered FLAM&rsquo;s meeting a danger for national unity and social cohesion. Nevertheless, it was reported that three opposition parties attended the meeting, including the Muslim Brotherhood Tawasol Party that constitutes the second largest bloc in the parliament.<\/p>\n<p><a href=\"http:\/\/fr.saharamedias.net\/Samba-Thiam-president-des-Flam-L-autonomie-est-la-solution-qui-previendra-ou-conjurera-justement-la-soudanisation-de-la_a4885.html\" target=\"_blank\" rel=\"noopener\">http:\/\/fr.saharamedias.net\/Samba-Thiam-president-des-Flam<\/a><br \/>\n<a href=\"http:\/\/www.alakhbar.info\/news\/5782-2014-08-29-15-39-11.html\" target=\"_blank\" rel=\"noopener\">http:\/\/www.alakhbar.info\/news\/5782-2014-08-29-15-39-11.html<\/a><br \/>\n<a href=\"http:\/\/www.alakhbar.info\/opin\/5806-2014-09-02-12-29-21.html\" target=\"_blank\" rel=\"noopener\">http:\/\/www.alakhbar.info\/opin\/5806-2014-09-02-12-29-21.html<\/a><br \/>\n<a href=\"http:\/\/www.alakhbar.info\/opin\/5834-2014-09-05-08-22-17.html\" target=\"_blank\" rel=\"noopener\">http:\/\/www.alakhbar.info\/opin\/5834-2014-09-05-08-22-17.html<\/a><\/p>\n<p><strong>6) MALI<\/strong><\/p>\n<p><strong><strong>\u00bb <\/strong>08.09.2014: Mali-Azawad Talks in Algiers: Regionalization, Self-Rule, Special Status?<\/strong><\/p>\n<p>The co-mediators in Algiers between the Malian government and the coalition of six Azawad movements had to extend the second round of talks which started early September in Algiers. Representatives of civil society in north Mali had to be invited to the talks to make their voices heard. According to pro-Bamako news outlets the civil society representatives&rsquo; calls for self-rule, special status or even self-determination went contrary to the Algiers Declaration and the Ouagadougou Agreement to preserve the territorial integrity of Mali. Negotiations would resume this week in parallel workshops on different questions including the political and institutional ones. The civil society representatives will not however participate in the talks between Bamako and the Azawad movement.<\/p>\n<p><a href=\"http:\/\/www.maliweb.net\/la-situation-politique-et-securitaire-au-nord\/alger-ii-laudition-fait-souffler-chaud-froid-513632.html\" target=\"_blank\" rel=\"noopener\">http:\/\/www.maliweb.net\/la-situation-politique-et-securitaire-au-nord\/alger-ii-laudition-fait-souffler-chaud-froid-513632.html<\/a><br \/>\n<a href=\"http:\/\/www.maliweb.net\/editorial\/les-ambiguites-dalger-515832.html\" target=\"_blank\" rel=\"noopener\">http:\/\/www.maliweb.net\/editorial\/les-ambiguites-dalger-515832.html<\/a><\/p>\n<hr>\n<p><em>The views and perspectives contained in the Weekly Update are from individual contributors and external sources, and do not necessarily reflect the opinions or position of the Cordoba Foundation of Geneva. The links are neither intended as an endorsement of particular publications nor the only source for the updates, but to connect to information in the public domain, for those interested in background or further details.<\/em><\/p>\n<p>&nbsp;<\/p>\n","protected":false},"excerpt":{"rendered":"<p>26 August&nbsp;&#8211; 8 September 2014 Cordoba Foundation of Geneva<\/p>\n","protected":false},"author":2,"featured_media":5698,"comment_status":"open","ping_status":"open","sticky":false,"template":"","format":"standard","meta":{"footnotes":""},"categories":[15],"tags":[],"class_list":["post-440","post","type-post","status-publish","format-standard","has-post-thumbnail","hentry","category-newsletter"],"yoast_head":"<!-- This site is optimized with the Yoast SEO plugin v27.4 - https:\/\/yoast.com\/product\/yoast-seo-wordpress\/ -->\n<title>Weekly Update 26.08-08.09.2014 - Cordoba Peace Institute | Fran\u00e7ais<\/title>\n<meta name=\"robots\" content=\"index, follow, max-snippet:-1, max-image-preview:large, max-video-preview:-1\" \/>\n<link rel=\"canonical\" href=\"https:\/\/cpi-geneva.org\/fr\/weekly-update-2608-08092014\/\" \/>\n<meta property=\"og:locale\" content=\"fr_FR\" \/>\n<meta property=\"og:type\" content=\"article\" \/>\n<meta property=\"og:title\" content=\"Weekly Update 26.08-08.09.2014 - Cordoba Peace Institute | Fran\u00e7ais\" \/>\n<meta property=\"og:description\" content=\"26 August&nbsp;&#8211; 8 September 2014 Cordoba Foundation of Geneva\" \/>\n<meta property=\"og:url\" content=\"https:\/\/cpi-geneva.org\/fr\/weekly-update-2608-08092014\/\" \/>\n<meta property=\"og:site_name\" content=\"Cordoba Peace Institute | Fran\u00e7ais\" \/>\n<meta property=\"article:published_time\" content=\"2014-09-09T07:34:42+00:00\" \/>\n<meta property=\"article:modified_time\" content=\"2023-05-30T11:02:43+00:00\" \/>\n<meta property=\"og:image\" content=\"https:\/\/cpi-geneva.org\/fr\/wp-content\/uploads\/sites\/3\/2023\/05\/cpi_burgundy_cover.png\" \/>\n\t<meta property=\"og:image:width\" content=\"1920\" \/>\n\t<meta property=\"og:image:height\" content=\"600\" \/>\n\t<meta property=\"og:image:type\" content=\"image\/png\" \/>\n<meta name=\"author\" content=\"C\u00f2rdoba Geneva\" \/>\n<meta name=\"twitter:card\" content=\"summary_large_image\" \/>\n<meta name=\"twitter:label1\" content=\"\u00c9crit par\" \/>\n\t<meta name=\"twitter:data1\" content=\"C\u00f2rdoba Geneva\" \/>\n\t<meta name=\"twitter:label2\" content=\"Dur\u00e9e de lecture estim\u00e9e\" \/>\n\t<meta name=\"twitter:data2\" content=\"5 minutes\" \/>\n<script type=\"application\/ld+json\" class=\"yoast-schema-graph\">{\"@context\":\"https:\\\/\\\/schema.org\",\"@graph\":[{\"@type\":\"Article\",\"@id\":\"https:\\\/\\\/cpi-geneva.org\\\/fr\\\/weekly-update-2608-08092014\\\/#article\",\"isPartOf\":{\"@id\":\"https:\\\/\\\/cpi-geneva.org\\\/fr\\\/weekly-update-2608-08092014\\\/\"},\"author\":{\"name\":\"C\u00f2rdoba Geneva\",\"@id\":\"https:\\\/\\\/cpi-geneva.org\\\/fr\\\/#\\\/schema\\\/person\\\/1f02a815043284cc1f7aa799e32fb07b\"},\"headline\":\"Weekly Update 26.08-08.09.2014\",\"datePublished\":\"2014-09-09T07:34:42+00:00\",\"dateModified\":\"2023-05-30T11:02:43+00:00\",\"mainEntityOfPage\":{\"@id\":\"https:\\\/\\\/cpi-geneva.org\\\/fr\\\/weekly-update-2608-08092014\\\/\"},\"wordCount\":1021,\"commentCount\":0,\"publisher\":{\"@id\":\"https:\\\/\\\/cpi-geneva.org\\\/fr\\\/#organization\"},\"image\":{\"@id\":\"https:\\\/\\\/cpi-geneva.org\\\/fr\\\/weekly-update-2608-08092014\\\/#primaryimage\"},\"thumbnailUrl\":\"https:\\\/\\\/cpi-geneva.org\\\/fr\\\/wp-content\\\/uploads\\\/sites\\\/3\\\/2023\\\/05\\\/cpi_burgundy_cover.png\",\"articleSection\":[\"Newsletter\"],\"inLanguage\":\"fr-FR\"},{\"@type\":\"WebPage\",\"@id\":\"https:\\\/\\\/cpi-geneva.org\\\/fr\\\/weekly-update-2608-08092014\\\/\",\"url\":\"https:\\\/\\\/cpi-geneva.org\\\/fr\\\/weekly-update-2608-08092014\\\/\",\"name\":\"Weekly Update 26.08-08.09.2014 - Cordoba Peace Institute | Fran\u00e7ais\",\"isPartOf\":{\"@id\":\"https:\\\/\\\/cpi-geneva.org\\\/fr\\\/#website\"},\"primaryImageOfPage\":{\"@id\":\"https:\\\/\\\/cpi-geneva.org\\\/fr\\\/weekly-update-2608-08092014\\\/#primaryimage\"},\"image\":{\"@id\":\"https:\\\/\\\/cpi-geneva.org\\\/fr\\\/weekly-update-2608-08092014\\\/#primaryimage\"},\"thumbnailUrl\":\"https:\\\/\\\/cpi-geneva.org\\\/fr\\\/wp-content\\\/uploads\\\/sites\\\/3\\\/2023\\\/05\\\/cpi_burgundy_cover.png\",\"datePublished\":\"2014-09-09T07:34:42+00:00\",\"dateModified\":\"2023-05-30T11:02:43+00:00\",\"breadcrumb\":{\"@id\":\"https:\\\/\\\/cpi-geneva.org\\\/fr\\\/weekly-update-2608-08092014\\\/#breadcrumb\"},\"inLanguage\":\"fr-FR\",\"potentialAction\":[{\"@type\":\"ReadAction\",\"target\":[\"https:\\\/\\\/cpi-geneva.org\\\/fr\\\/weekly-update-2608-08092014\\\/\"]}]},{\"@type\":\"ImageObject\",\"inLanguage\":\"fr-FR\",\"@id\":\"https:\\\/\\\/cpi-geneva.org\\\/fr\\\/weekly-update-2608-08092014\\\/#primaryimage\",\"url\":\"https:\\\/\\\/cpi-geneva.org\\\/fr\\\/wp-content\\\/uploads\\\/sites\\\/3\\\/2023\\\/05\\\/cpi_burgundy_cover.png\",\"contentUrl\":\"https:\\\/\\\/cpi-geneva.org\\\/fr\\\/wp-content\\\/uploads\\\/sites\\\/3\\\/2023\\\/05\\\/cpi_burgundy_cover.png\",\"width\":1920,\"height\":600},{\"@type\":\"BreadcrumbList\",\"@id\":\"https:\\\/\\\/cpi-geneva.org\\\/fr\\\/weekly-update-2608-08092014\\\/#breadcrumb\",\"itemListElement\":[{\"@type\":\"ListItem\",\"position\":1,\"name\":\"Home\",\"item\":\"https:\\\/\\\/cpi-geneva.org\\\/fr\\\/\"},{\"@type\":\"ListItem\",\"position\":2,\"name\":\"Weekly Update 26.08-08.09.2014\"}]},{\"@type\":\"WebSite\",\"@id\":\"https:\\\/\\\/cpi-geneva.org\\\/fr\\\/#website\",\"url\":\"https:\\\/\\\/cpi-geneva.org\\\/fr\\\/\",\"name\":\"Cordoba Peace Institute - Gen\u00e8ve CPI\",\"description\":\"CPI Gen\u00e8ve | 20 ans aux service de la paix\",\"publisher\":{\"@id\":\"https:\\\/\\\/cpi-geneva.org\\\/fr\\\/#organization\"},\"potentialAction\":[{\"@type\":\"SearchAction\",\"target\":{\"@type\":\"EntryPoint\",\"urlTemplate\":\"https:\\\/\\\/cpi-geneva.org\\\/fr\\\/?s={search_term_string}\"},\"query-input\":{\"@type\":\"PropertyValueSpecification\",\"valueRequired\":true,\"valueName\":\"search_term_string\"}}],\"inLanguage\":\"fr-FR\"},{\"@type\":\"Organization\",\"@id\":\"https:\\\/\\\/cpi-geneva.org\\\/fr\\\/#organization\",\"name\":\"Cordoba Peace Institute - Gen\u00e8ve CPI\",\"url\":\"https:\\\/\\\/cpi-geneva.org\\\/fr\\\/\",\"logo\":{\"@type\":\"ImageObject\",\"inLanguage\":\"fr-FR\",\"@id\":\"https:\\\/\\\/cpi-geneva.org\\\/fr\\\/#\\\/schema\\\/logo\\\/image\\\/\",\"url\":\"https:\\\/\\\/cpi-geneva.org\\\/fr\\\/wp-content\\\/uploads\\\/sites\\\/3\\\/2025\\\/12\\\/CPI-Geneva.png\",\"contentUrl\":\"https:\\\/\\\/cpi-geneva.org\\\/fr\\\/wp-content\\\/uploads\\\/sites\\\/3\\\/2025\\\/12\\\/CPI-Geneva.png\",\"width\":740,\"height\":740,\"caption\":\"Cordoba Peace Institute - Gen\u00e8ve CPI\"},\"image\":{\"@id\":\"https:\\\/\\\/cpi-geneva.org\\\/fr\\\/#\\\/schema\\\/logo\\\/image\\\/\"}},{\"@type\":\"Person\",\"@id\":\"https:\\\/\\\/cpi-geneva.org\\\/fr\\\/#\\\/schema\\\/person\\\/1f02a815043284cc1f7aa799e32fb07b\",\"name\":\"C\u00f2rdoba Geneva\",\"image\":{\"@type\":\"ImageObject\",\"inLanguage\":\"fr-FR\",\"@id\":\"https:\\\/\\\/secure.gravatar.com\\\/avatar\\\/cf6a4ecb9e914acddd89e4c4cbc3c6fdccfd6614c26ec3023ce0173515d50eff?s=96&d=mm&r=g\",\"url\":\"https:\\\/\\\/secure.gravatar.com\\\/avatar\\\/cf6a4ecb9e914acddd89e4c4cbc3c6fdccfd6614c26ec3023ce0173515d50eff?s=96&d=mm&r=g\",\"contentUrl\":\"https:\\\/\\\/secure.gravatar.com\\\/avatar\\\/cf6a4ecb9e914acddd89e4c4cbc3c6fdccfd6614c26ec3023ce0173515d50eff?s=96&d=mm&r=g\",\"caption\":\"C\u00f2rdoba Geneva\"},\"url\":\"https:\\\/\\\/cpi-geneva.org\\\/fr\\\/author\\\/corwebmaster\\\/\"}]}<\/script>\n<!-- \/ Yoast SEO plugin. -->","yoast_head_json":{"title":"Weekly Update 26.08-08.09.2014 - Cordoba Peace Institute | Fran\u00e7ais","robots":{"index":"index","follow":"follow","max-snippet":"max-snippet:-1","max-image-preview":"max-image-preview:large","max-video-preview":"max-video-preview:-1"},"canonical":"https:\/\/cpi-geneva.org\/fr\/weekly-update-2608-08092014\/","og_locale":"fr_FR","og_type":"article","og_title":"Weekly Update 26.08-08.09.2014 - Cordoba Peace Institute | Fran\u00e7ais","og_description":"26 August&nbsp;&#8211; 8 September 2014 Cordoba Foundation of Geneva","og_url":"https:\/\/cpi-geneva.org\/fr\/weekly-update-2608-08092014\/","og_site_name":"Cordoba Peace Institute | Fran\u00e7ais","article_published_time":"2014-09-09T07:34:42+00:00","article_modified_time":"2023-05-30T11:02:43+00:00","og_image":[{"width":1920,"height":600,"url":"https:\/\/cpi-geneva.org\/fr\/wp-content\/uploads\/sites\/3\/2023\/05\/cpi_burgundy_cover.png","type":"image\/png"}],"author":"C\u00f2rdoba Geneva","twitter_card":"summary_large_image","twitter_misc":{"\u00c9crit par":"C\u00f2rdoba Geneva","Dur\u00e9e de lecture estim\u00e9e":"5 minutes"},"schema":{"@context":"https:\/\/schema.org","@graph":[{"@type":"Article","@id":"https:\/\/cpi-geneva.org\/fr\/weekly-update-2608-08092014\/#article","isPartOf":{"@id":"https:\/\/cpi-geneva.org\/fr\/weekly-update-2608-08092014\/"},"author":{"name":"C\u00f2rdoba Geneva","@id":"https:\/\/cpi-geneva.org\/fr\/#\/schema\/person\/1f02a815043284cc1f7aa799e32fb07b"},"headline":"Weekly Update 26.08-08.09.2014","datePublished":"2014-09-09T07:34:42+00:00","dateModified":"2023-05-30T11:02:43+00:00","mainEntityOfPage":{"@id":"https:\/\/cpi-geneva.org\/fr\/weekly-update-2608-08092014\/"},"wordCount":1021,"commentCount":0,"publisher":{"@id":"https:\/\/cpi-geneva.org\/fr\/#organization"},"image":{"@id":"https:\/\/cpi-geneva.org\/fr\/weekly-update-2608-08092014\/#primaryimage"},"thumbnailUrl":"https:\/\/cpi-geneva.org\/fr\/wp-content\/uploads\/sites\/3\/2023\/05\/cpi_burgundy_cover.png","articleSection":["Newsletter"],"inLanguage":"fr-FR"},{"@type":"WebPage","@id":"https:\/\/cpi-geneva.org\/fr\/weekly-update-2608-08092014\/","url":"https:\/\/cpi-geneva.org\/fr\/weekly-update-2608-08092014\/","name":"Weekly Update 26.08-08.09.2014 - Cordoba Peace Institute | Fran\u00e7ais","isPartOf":{"@id":"https:\/\/cpi-geneva.org\/fr\/#website"},"primaryImageOfPage":{"@id":"https:\/\/cpi-geneva.org\/fr\/weekly-update-2608-08092014\/#primaryimage"},"image":{"@id":"https:\/\/cpi-geneva.org\/fr\/weekly-update-2608-08092014\/#primaryimage"},"thumbnailUrl":"https:\/\/cpi-geneva.org\/fr\/wp-content\/uploads\/sites\/3\/2023\/05\/cpi_burgundy_cover.png","datePublished":"2014-09-09T07:34:42+00:00","dateModified":"2023-05-30T11:02:43+00:00","breadcrumb":{"@id":"https:\/\/cpi-geneva.org\/fr\/weekly-update-2608-08092014\/#breadcrumb"},"inLanguage":"fr-FR","potentialAction":[{"@type":"ReadAction","target":["https:\/\/cpi-geneva.org\/fr\/weekly-update-2608-08092014\/"]}]},{"@type":"ImageObject","inLanguage":"fr-FR","@id":"https:\/\/cpi-geneva.org\/fr\/weekly-update-2608-08092014\/#primaryimage","url":"https:\/\/cpi-geneva.org\/fr\/wp-content\/uploads\/sites\/3\/2023\/05\/cpi_burgundy_cover.png","contentUrl":"https:\/\/cpi-geneva.org\/fr\/wp-content\/uploads\/sites\/3\/2023\/05\/cpi_burgundy_cover.png","width":1920,"height":600},{"@type":"BreadcrumbList","@id":"https:\/\/cpi-geneva.org\/fr\/weekly-update-2608-08092014\/#breadcrumb","itemListElement":[{"@type":"ListItem","position":1,"name":"Home","item":"https:\/\/cpi-geneva.org\/fr\/"},{"@type":"ListItem","position":2,"name":"Weekly Update 26.08-08.09.2014"}]},{"@type":"WebSite","@id":"https:\/\/cpi-geneva.org\/fr\/#website","url":"https:\/\/cpi-geneva.org\/fr\/","name":"Cordoba Peace Institute - Gen\u00e8ve CPI","description":"CPI Gen\u00e8ve | 20 ans aux service de la paix","publisher":{"@id":"https:\/\/cpi-geneva.org\/fr\/#organization"},"potentialAction":[{"@type":"SearchAction","target":{"@type":"EntryPoint","urlTemplate":"https:\/\/cpi-geneva.org\/fr\/?s={search_term_string}"},"query-input":{"@type":"PropertyValueSpecification","valueRequired":true,"valueName":"search_term_string"}}],"inLanguage":"fr-FR"},{"@type":"Organization","@id":"https:\/\/cpi-geneva.org\/fr\/#organization","name":"Cordoba Peace Institute - Gen\u00e8ve CPI","url":"https:\/\/cpi-geneva.org\/fr\/","logo":{"@type":"ImageObject","inLanguage":"fr-FR","@id":"https:\/\/cpi-geneva.org\/fr\/#\/schema\/logo\/image\/","url":"https:\/\/cpi-geneva.org\/fr\/wp-content\/uploads\/sites\/3\/2025\/12\/CPI-Geneva.png","contentUrl":"https:\/\/cpi-geneva.org\/fr\/wp-content\/uploads\/sites\/3\/2025\/12\/CPI-Geneva.png","width":740,"height":740,"caption":"Cordoba Peace Institute - Gen\u00e8ve CPI"},"image":{"@id":"https:\/\/cpi-geneva.org\/fr\/#\/schema\/logo\/image\/"}},{"@type":"Person","@id":"https:\/\/cpi-geneva.org\/fr\/#\/schema\/person\/1f02a815043284cc1f7aa799e32fb07b","name":"C\u00f2rdoba Geneva","image":{"@type":"ImageObject","inLanguage":"fr-FR","@id":"https:\/\/secure.gravatar.com\/avatar\/cf6a4ecb9e914acddd89e4c4cbc3c6fdccfd6614c26ec3023ce0173515d50eff?s=96&d=mm&r=g","url":"https:\/\/secure.gravatar.com\/avatar\/cf6a4ecb9e914acddd89e4c4cbc3c6fdccfd6614c26ec3023ce0173515d50eff?s=96&d=mm&r=g","contentUrl":"https:\/\/secure.gravatar.com\/avatar\/cf6a4ecb9e914acddd89e4c4cbc3c6fdccfd6614c26ec3023ce0173515d50eff?s=96&d=mm&r=g","caption":"C\u00f2rdoba Geneva"},"url":"https:\/\/cpi-geneva.org\/fr\/author\/corwebmaster\/"}]}},"featured_image_src":{"landsacpe":["https:\/\/cpi-geneva.org\/fr\/wp-content\/uploads\/sites\/3\/2023\/05\/cpi_burgundy_cover-1140x445.png",1140,445,true],"list":["https:\/\/cpi-geneva.org\/fr\/wp-content\/uploads\/sites\/3\/2023\/05\/cpi_burgundy_cover-463x348.png",463,348,true],"medium":["https:\/\/cpi-geneva.org\/fr\/wp-content\/uploads\/sites\/3\/2023\/05\/cpi_burgundy_cover-300x94.png",300,94,true],"full":["https:\/\/cpi-geneva.org\/fr\/wp-content\/uploads\/sites\/3\/2023\/05\/cpi_burgundy_cover.png",1920,600,false]},"_links":{"self":[{"href":"https:\/\/cpi-geneva.org\/fr\/wp-json\/wp\/v2\/posts\/440","targetHints":{"allow":["GET"]}}],"collection":[{"href":"https:\/\/cpi-geneva.org\/fr\/wp-json\/wp\/v2\/posts"}],"about":[{"href":"https:\/\/cpi-geneva.org\/fr\/wp-json\/wp\/v2\/types\/post"}],"author":[{"embeddable":true,"href":"https:\/\/cpi-geneva.org\/fr\/wp-json\/wp\/v2\/users\/2"}],"replies":[{"embeddable":true,"href":"https:\/\/cpi-geneva.org\/fr\/wp-json\/wp\/v2\/comments?post=440"}],"version-history":[{"count":1,"href":"https:\/\/cpi-geneva.org\/fr\/wp-json\/wp\/v2\/posts\/440\/revisions"}],"predecessor-version":[{"id":5966,"href":"https:\/\/cpi-geneva.org\/fr\/wp-json\/wp\/v2\/posts\/440\/revisions\/5966"}],"wp:featuredmedia":[{"embeddable":true,"href":"https:\/\/cpi-geneva.org\/fr\/wp-json\/wp\/v2\/media\/5698"}],"wp:attachment":[{"href":"https:\/\/cpi-geneva.org\/fr\/wp-json\/wp\/v2\/media?parent=440"}],"wp:term":[{"taxonomy":"category","embeddable":true,"href":"https:\/\/cpi-geneva.org\/fr\/wp-json\/wp\/v2\/categories?post=440"},{"taxonomy":"post_tag","embeddable":true,"href":"https:\/\/cpi-geneva.org\/fr\/wp-json\/wp\/v2\/tags?post=440"}],"curies":[{"name":"wp","href":"https:\/\/api.w.org\/{rel}","templated":true}]}}