{"id":1246,"date":"2023-01-27T19:30:00","date_gmt":"2023-01-27T19:30:00","guid":{"rendered":"https:\/\/cpi-geneva.org\/fr\/2023\/01\/27\/tunisie-le-contexte-et-ses-enjeux\/"},"modified":"2023-01-27T19:30:00","modified_gmt":"2023-01-27T19:30:00","slug":"tunisie-le-contexte-et-ses-enjeux","status":"publish","type":"post","link":"https:\/\/cpi-geneva.org\/fr\/tunisie-le-contexte-et-ses-enjeux\/","title":{"rendered":"Tunisie : Le contexte et ses enjeux"},"content":{"rendered":"<img fetchpriority=\"high\" decoding=\"async\" class=\" size-full wp-image-1243\" src=\"https:\/\/cpi-geneva.org\/fr\/wp-content\/uploads\/sites\/3\/2023\/01\/Tunisia_Getty_web.jpg\" alt=\"\" class=\"caption\" title=\"\u00a9 Getty Images\" align=\"none\" width=\"1280\" height=\"622\" srcset=\"https:\/\/cpi-geneva.org\/fr\/wp-content\/uploads\/sites\/3\/2023\/01\/Tunisia_Getty_web.jpg 1280w, https:\/\/cpi-geneva.org\/fr\/wp-content\/uploads\/sites\/3\/2023\/01\/Tunisia_Getty_web-1024x498.jpg 1024w, https:\/\/cpi-geneva.org\/fr\/wp-content\/uploads\/sites\/3\/2023\/01\/Tunisia_Getty_web-768x373.jpg 768w, https:\/\/cpi-geneva.org\/fr\/wp-content\/uploads\/sites\/3\/2023\/01\/Tunisia_Getty_web-640x311.jpg 640w, https:\/\/cpi-geneva.org\/fr\/wp-content\/uploads\/sites\/3\/2023\/01\/Tunisia_Getty_web-400x194.jpg 400w, https:\/\/cpi-geneva.org\/fr\/wp-content\/uploads\/sites\/3\/2023\/01\/Tunisia_Getty_web-367x178.jpg 367w\" sizes=\"(max-width: 1280px) 100vw, 1280px\" \/>\n<p>J&rsquo;ai &eacute;t&eacute; l&rsquo;invit&eacute; de Cordoba Peace Institute &agrave; Gen&egrave;ve (CPI), une organisation suisse qui a f&ecirc;t&eacute; ces jours-ci ses 20 ans d&rsquo;existence. Ce que cette organisation a fait tout au long de sa carri&egrave;re relativement courte d&eacute;passe sa taille et ses capacit&eacute;s humaines et financi&egrave;res. L&rsquo;institut s&rsquo;est fix&eacute; pour objectif strat&eacute;gique de &laquo; pr&eacute;venir la violence, transformer les conflits et promouvoir la paix &raquo;.<\/p>\n<p><strong>Par Ahmida Ennaifer et Maher Zoghlami<br \/><\/strong><\/p>\n<p><!--more--><\/p>\n<p><strong>Par Ahmida Ennaifer et Maher Zoghlami<br \/><\/strong><\/p>\n<p>L&rsquo;exp&eacute;rience de la transition d&eacute;mocratique depuis les &eacute;lections pr&eacute;sidentielle et l&eacute;gislative de 2019 conna&icirc;t un net d&eacute;clin politique qui menace l&rsquo;entit&eacute; de l&rsquo;&Eacute;tat dans ses acquis les plus importants et les points les plus saillants de son efficacit&eacute;. Cette d&eacute;sint&eacute;gration a lieu avec la s&eacute;paration de la gouvernance de la r&eacute;alit&eacute; sociale en raison d&rsquo;un certain nombre de facteurs entrelac&eacute;s, y compris ceux li&eacute;s &agrave; la disparition des actions des institutions constitutionnelles, ceux li&eacute;s &agrave; l&rsquo;&eacute;rosion de la culture de l&rsquo;&Eacute;tat et de la d&eacute;mocratie, et d&rsquo;autres r&eacute;v&eacute;lant le bouleversement du champ politique public.<\/p>\n<p>La sc&egrave;ne politique en Tunisie a connu depuis la dissolution du Parlement et la destitution du gouvernement le 25 juillet 2021, sur la base d&rsquo;une interpr&eacute;tation controvers&eacute;e du sens de l&rsquo;article 80 de la Constitution tunisienne, un compte &agrave; rebours dans lequel les institutions officielles ont rendu flou la vision de l&rsquo;&eacute;tat. Cela r&eacute;sultait notamment de la suspension de la constitution de 2014 et de la d&eacute;stabilisation de la vie d&eacute;mocratique par une tentative de centralisation totale du pouvoir, qui a fait perdre au champ politique et civil toutes ses normes.<\/p>\n<p>Ce que le chercheur ne doit pas perdre de vue au moment du 25 juillet 2021, c&rsquo;est sa signification compl&egrave;te, ce qui lui a ouvert la voie et ce qui lui a permis de provoquer le changement. L&rsquo;importance de ce moment r&eacute;v&egrave;le la profondeur du dilemme politique, social, &eacute;conomique et psychologique, qui a r&eacute;duit &agrave; l&rsquo;&eacute;chec toute tentative d&rsquo;emp&ecirc;cher la d&eacute;cadence de la sc&egrave;ne politique, qui m&eacute;prise le pluralisme et rejette la voie d&eacute;mocratique.<\/p>\n<h2>Au c&oelig;ur du probl&egrave;me<\/h2>\n<p>La nature de ce dilemme r&eacute;side dans la fragilit&eacute; de la culture d&eacute;mocratique apr&egrave;s dix ans de r&eacute;volution, incarn&eacute;e par trois obstacles majeurs : (1) La fragmentation de la classe politique et son incapacit&eacute; &agrave; s&rsquo;engager dans une d&eacute;marche participative efficace ; (2) L&rsquo;ar&egrave;ne politique et civile encombr&eacute;e d&rsquo;&laquo; intrus &raquo; incapables d&rsquo;apprendre la culture de l&rsquo;action politique et ses r&egrave;gles g&eacute;n&eacute;ralement accept&eacute;es ; (3) L&rsquo;&eacute;chec des institutions officielles existantes dans la gestion du pluralisme culturel et politique, qui a exacerb&eacute; la division identitaire et sociale, mettant en &eacute;vidence la nature de l&rsquo;&Eacute;tat central et son incapacit&eacute; &agrave; r&eacute;aliser le d&eacute;veloppement et la justice.<\/p>\n<p>&Agrave; partir de ces d&eacute;faillances, le ph&eacute;nom&egrave;ne de corruption s&rsquo;est &eacute;largi pour s&rsquo;&eacute;tendre &agrave; l&rsquo;institution l&eacute;gislative, ainsi que les institutions ex&eacute;cutives et &eacute;ventuellement judiciaires, ce qui a rompu le projet de contrat social entre l&rsquo;&Eacute;tat et la soci&eacute;t&eacute;, dont la r&eacute;volution ouvrait la voie, et dont la construction n&rsquo;est pas encore achev&eacute;e. Ainsi, il n&rsquo;a pas &eacute;t&eacute; possible de lancer des r&eacute;formes profondes qui permettraient un d&eacute;veloppement durable, une &eacute;conomie &agrave; haute valeur ajout&eacute;e et un bien-&ecirc;tre g&eacute;n&eacute;ral, car la qualit&eacute; de vie est conditionn&eacute;e &agrave; l&rsquo;arriv&eacute;e au bout du chemin de la construction institutionnelle et de la stabilit&eacute; politique.<\/p>\n<p>&Eacute;galement, l&rsquo;&eacute;lite politique n&rsquo;a pas pu r&eacute;ussir dans son action politique, ce qui a conduit &agrave; sa fragmentation en raison de sa perte de la base de connaissances rationnelles qui construit les visions politiques et d&eacute;veloppe les capacit&eacute;s conceptuelles sur lesquelles les programmes et projets sont bas&eacute;s. La perte de ce socle rationnel de connaissances a emp&ecirc;ch&eacute; la cr&eacute;ation d&rsquo;un socle social et culturel commun, qui contribue qualitativement &agrave; combler les diff&eacute;rents clivages vers une construction nationale commune &agrave; laquelle contribuent toutes les forces vives, loin du factionnalisme et de l&rsquo;exclusion.<\/p>\n<h2>Le futur, un r&eacute;cit alternatif<\/h2>\n<p>Le d&eacute;fi pos&eacute; par le dilemme actuel est celle du d&eacute;passement du conflit destructeur d&rsquo;antagonisme entre les &eacute;lites, et la fa&ccedil;on de contribuer &agrave; r&eacute;tablir la confiance entre le public et les &eacute;lites culturelles, intellectuelles, politiques et &eacute;conomiques. Il s&rsquo;agit de savoir comment converger autour d&rsquo;une &laquo; vision future de la Tunisie &raquo; avec un r&eacute;cit alternatif qui reconnaisse la n&eacute;cessit&eacute; d&rsquo;un compromis ou r&egrave;glement historique sans lequel citoyennet&eacute;, souverainet&eacute; et justice n&rsquo;ont pas de sens.<\/p>\n<p>La base de ce r&eacute;cit alternatif pour la Tunisie est la pluralit&eacute; et diff&eacute;rence en son sein et par rapport &agrave; son pass&eacute; r&eacute;cent et lointain, ses composantes arabe, africaine et m&eacute;diterran&eacute;enne et son parcours. En effet, il n&rsquo;est pas possible de construire des politiques nationales internes si ce n&rsquo;est en faisant diagnostic des situations r&eacute;gionales et internationales, et en ayant une vision pr&eacute;cise de celles-ci. D&rsquo;autre part, la politique &eacute;trang&egrave;re de la Tunisie ne peut &ecirc;tre efficace sans parvenir au r&egrave;glement historique souhait&eacute; sur le plan interne.<\/p>\n<p>Trois enjeux peuvent contribuer &agrave; l&rsquo;&eacute;tablissement de ce r&eacute;cit alternatif : (1) Le pari de former de nouvelles &eacute;lites en d&eacute;veloppant une pens&eacute;e politico-civilisationnelle\/ des valeurs, notamment chez les jeunes ; (2) Le pari de sensibiliser l&rsquo;individu en repr&eacute;sentant les besoins de la situation globale en termes d&rsquo;exigences strat&eacute;giques et environnementales ; (3) Le pari d&rsquo;un positionnement social qui r&eacute;alise la valeur d&rsquo;une solidarit&eacute; active, capable de cr&eacute;er de la richesse et de consolider la valeur du travail cr&eacute;atif.<\/p>\n<p>Ce sont les composantes du projet de &laquo; transition g&eacute;n&eacute;rationnelle &raquo; qui construit le commun avec une culture politique diff&eacute;rente, en passant en revue les exp&eacute;riences de la diff&eacute;rence et en surmontant le danger d&rsquo;h&eacute;riter et reproduire l&rsquo;ancien conflit. La base de ce projet est la &laquo; rationalisation de l&rsquo;action politique &raquo; par la mise en &oelig;uvre d&rsquo;un certain nombre d&rsquo;activit&eacute;s qui combinent &eacute;tudes analytiques, s&eacute;minaires et dialogues politiques pour rapprocher les points de vue, formation, accompagnement, mise en r&eacute;seau et partenariats.<\/p>\n","protected":false},"excerpt":{"rendered":"<p>J&rsquo;ai &eacute;t&eacute; l&rsquo;invit&eacute; de Cordoba Peace Institute &agrave; Gen&egrave;ve (CPI), une organisation suisse qui a f&ecirc;t&eacute; ces jours-ci ses 20 ans d&rsquo;existence. Ce que cette organisation a fait tout au long de sa carri&egrave;re relativement courte d&eacute;passe sa taille et ses capacit&eacute;s humaines et financi&egrave;res. L&rsquo;institut s&rsquo;est fix&eacute; pour objectif strat&eacute;gique de &laquo; pr&eacute;venir la [&hellip;]<\/p>\n","protected":false},"author":2,"featured_media":1243,"comment_status":"open","ping_status":"open","sticky":false,"template":"","format":"standard","meta":{"footnotes":""},"categories":[4],"tags":[],"class_list":["post-1246","post","type-post","status-publish","format-standard","has-post-thumbnail","hentry","category-contributions"],"yoast_head":"<!-- This site is optimized with the Yoast SEO plugin v27.4 - https:\/\/yoast.com\/product\/yoast-seo-wordpress\/ -->\n<title>Tunisie : Le contexte et ses enjeux - Cordoba Peace Institute | Fran\u00e7ais<\/title>\n<meta name=\"robots\" content=\"index, follow, max-snippet:-1, max-image-preview:large, max-video-preview:-1\" \/>\n<link rel=\"canonical\" href=\"https:\/\/cpi-geneva.org\/fr\/tunisie-le-contexte-et-ses-enjeux\/\" \/>\n<meta property=\"og:locale\" content=\"fr_FR\" \/>\n<meta property=\"og:type\" content=\"article\" \/>\n<meta property=\"og:title\" content=\"Tunisie : Le contexte et ses enjeux - Cordoba Peace Institute | Fran\u00e7ais\" \/>\n<meta property=\"og:description\" content=\"J&rsquo;ai &eacute;t&eacute; l&rsquo;invit&eacute; de Cordoba Peace Institute &agrave; Gen&egrave;ve (CPI), une organisation suisse qui a f&ecirc;t&eacute; ces jours-ci ses 20 ans d&rsquo;existence. Ce que cette organisation a fait tout au long de sa carri&egrave;re relativement courte d&eacute;passe sa taille et ses capacit&eacute;s humaines et financi&egrave;res. L&rsquo;institut s&rsquo;est fix&eacute; pour objectif strat&eacute;gique de &laquo; pr&eacute;venir la [&hellip;]\" \/>\n<meta property=\"og:url\" content=\"https:\/\/cpi-geneva.org\/fr\/tunisie-le-contexte-et-ses-enjeux\/\" \/>\n<meta property=\"og:site_name\" content=\"Cordoba Peace Institute | Fran\u00e7ais\" \/>\n<meta property=\"article:published_time\" content=\"2023-01-27T19:30:00+00:00\" \/>\n<meta property=\"og:image\" content=\"https:\/\/cpi-geneva.org\/fr\/wp-content\/uploads\/sites\/3\/2023\/01\/Tunisia_Getty_web.jpg\" \/>\n\t<meta property=\"og:image:width\" content=\"1280\" \/>\n\t<meta property=\"og:image:height\" content=\"622\" \/>\n\t<meta property=\"og:image:type\" content=\"image\/jpeg\" \/>\n<meta name=\"author\" content=\"C\u00f2rdoba Geneva\" \/>\n<meta name=\"twitter:card\" content=\"summary_large_image\" \/>\n<meta name=\"twitter:label1\" content=\"\u00c9crit par\" \/>\n\t<meta name=\"twitter:data1\" content=\"C\u00f2rdoba Geneva\" \/>\n\t<meta name=\"twitter:label2\" content=\"Dur\u00e9e de lecture estim\u00e9e\" \/>\n\t<meta name=\"twitter:data2\" content=\"6 minutes\" \/>\n<script type=\"application\/ld+json\" class=\"yoast-schema-graph\">{\"@context\":\"https:\\\/\\\/schema.org\",\"@graph\":[{\"@type\":\"Article\",\"@id\":\"https:\\\/\\\/cpi-geneva.org\\\/fr\\\/tunisie-le-contexte-et-ses-enjeux\\\/#article\",\"isPartOf\":{\"@id\":\"https:\\\/\\\/cpi-geneva.org\\\/fr\\\/tunisie-le-contexte-et-ses-enjeux\\\/\"},\"author\":{\"name\":\"C\u00f2rdoba Geneva\",\"@id\":\"https:\\\/\\\/cpi-geneva.org\\\/fr\\\/#\\\/schema\\\/person\\\/1f02a815043284cc1f7aa799e32fb07b\"},\"headline\":\"Tunisie : Le contexte et ses enjeux\",\"datePublished\":\"2023-01-27T19:30:00+00:00\",\"mainEntityOfPage\":{\"@id\":\"https:\\\/\\\/cpi-geneva.org\\\/fr\\\/tunisie-le-contexte-et-ses-enjeux\\\/\"},\"wordCount\":1304,\"commentCount\":0,\"publisher\":{\"@id\":\"https:\\\/\\\/cpi-geneva.org\\\/fr\\\/#organization\"},\"image\":{\"@id\":\"https:\\\/\\\/cpi-geneva.org\\\/fr\\\/tunisie-le-contexte-et-ses-enjeux\\\/#primaryimage\"},\"thumbnailUrl\":\"https:\\\/\\\/cpi-geneva.org\\\/fr\\\/wp-content\\\/uploads\\\/sites\\\/3\\\/2023\\\/01\\\/Tunisia_Getty_web.jpg\",\"articleSection\":[\"Contributions\"],\"inLanguage\":\"fr-FR\"},{\"@type\":\"WebPage\",\"@id\":\"https:\\\/\\\/cpi-geneva.org\\\/fr\\\/tunisie-le-contexte-et-ses-enjeux\\\/\",\"url\":\"https:\\\/\\\/cpi-geneva.org\\\/fr\\\/tunisie-le-contexte-et-ses-enjeux\\\/\",\"name\":\"Tunisie : Le contexte et ses enjeux - Cordoba Peace Institute | Fran\u00e7ais\",\"isPartOf\":{\"@id\":\"https:\\\/\\\/cpi-geneva.org\\\/fr\\\/#website\"},\"primaryImageOfPage\":{\"@id\":\"https:\\\/\\\/cpi-geneva.org\\\/fr\\\/tunisie-le-contexte-et-ses-enjeux\\\/#primaryimage\"},\"image\":{\"@id\":\"https:\\\/\\\/cpi-geneva.org\\\/fr\\\/tunisie-le-contexte-et-ses-enjeux\\\/#primaryimage\"},\"thumbnailUrl\":\"https:\\\/\\\/cpi-geneva.org\\\/fr\\\/wp-content\\\/uploads\\\/sites\\\/3\\\/2023\\\/01\\\/Tunisia_Getty_web.jpg\",\"datePublished\":\"2023-01-27T19:30:00+00:00\",\"breadcrumb\":{\"@id\":\"https:\\\/\\\/cpi-geneva.org\\\/fr\\\/tunisie-le-contexte-et-ses-enjeux\\\/#breadcrumb\"},\"inLanguage\":\"fr-FR\",\"potentialAction\":[{\"@type\":\"ReadAction\",\"target\":[\"https:\\\/\\\/cpi-geneva.org\\\/fr\\\/tunisie-le-contexte-et-ses-enjeux\\\/\"]}]},{\"@type\":\"ImageObject\",\"inLanguage\":\"fr-FR\",\"@id\":\"https:\\\/\\\/cpi-geneva.org\\\/fr\\\/tunisie-le-contexte-et-ses-enjeux\\\/#primaryimage\",\"url\":\"https:\\\/\\\/cpi-geneva.org\\\/fr\\\/wp-content\\\/uploads\\\/sites\\\/3\\\/2023\\\/01\\\/Tunisia_Getty_web.jpg\",\"contentUrl\":\"https:\\\/\\\/cpi-geneva.org\\\/fr\\\/wp-content\\\/uploads\\\/sites\\\/3\\\/2023\\\/01\\\/Tunisia_Getty_web.jpg\",\"width\":1280,\"height\":622,\"caption\":\"\u00a9 Getty Images\"},{\"@type\":\"BreadcrumbList\",\"@id\":\"https:\\\/\\\/cpi-geneva.org\\\/fr\\\/tunisie-le-contexte-et-ses-enjeux\\\/#breadcrumb\",\"itemListElement\":[{\"@type\":\"ListItem\",\"position\":1,\"name\":\"Home\",\"item\":\"https:\\\/\\\/cpi-geneva.org\\\/fr\\\/\"},{\"@type\":\"ListItem\",\"position\":2,\"name\":\"Tunisie : Le contexte et ses enjeux\"}]},{\"@type\":\"WebSite\",\"@id\":\"https:\\\/\\\/cpi-geneva.org\\\/fr\\\/#website\",\"url\":\"https:\\\/\\\/cpi-geneva.org\\\/fr\\\/\",\"name\":\"Cordoba Peace Institute - Gen\u00e8ve CPI\",\"description\":\"CPI Gen\u00e8ve | 20 ans aux service de la paix\",\"publisher\":{\"@id\":\"https:\\\/\\\/cpi-geneva.org\\\/fr\\\/#organization\"},\"potentialAction\":[{\"@type\":\"SearchAction\",\"target\":{\"@type\":\"EntryPoint\",\"urlTemplate\":\"https:\\\/\\\/cpi-geneva.org\\\/fr\\\/?s={search_term_string}\"},\"query-input\":{\"@type\":\"PropertyValueSpecification\",\"valueRequired\":true,\"valueName\":\"search_term_string\"}}],\"inLanguage\":\"fr-FR\"},{\"@type\":\"Organization\",\"@id\":\"https:\\\/\\\/cpi-geneva.org\\\/fr\\\/#organization\",\"name\":\"Cordoba Peace Institute - Gen\u00e8ve CPI\",\"url\":\"https:\\\/\\\/cpi-geneva.org\\\/fr\\\/\",\"logo\":{\"@type\":\"ImageObject\",\"inLanguage\":\"fr-FR\",\"@id\":\"https:\\\/\\\/cpi-geneva.org\\\/fr\\\/#\\\/schema\\\/logo\\\/image\\\/\",\"url\":\"https:\\\/\\\/cpi-geneva.org\\\/fr\\\/wp-content\\\/uploads\\\/sites\\\/3\\\/2025\\\/12\\\/CPI-Geneva.png\",\"contentUrl\":\"https:\\\/\\\/cpi-geneva.org\\\/fr\\\/wp-content\\\/uploads\\\/sites\\\/3\\\/2025\\\/12\\\/CPI-Geneva.png\",\"width\":740,\"height\":740,\"caption\":\"Cordoba Peace Institute - Gen\u00e8ve CPI\"},\"image\":{\"@id\":\"https:\\\/\\\/cpi-geneva.org\\\/fr\\\/#\\\/schema\\\/logo\\\/image\\\/\"}},{\"@type\":\"Person\",\"@id\":\"https:\\\/\\\/cpi-geneva.org\\\/fr\\\/#\\\/schema\\\/person\\\/1f02a815043284cc1f7aa799e32fb07b\",\"name\":\"C\u00f2rdoba Geneva\",\"image\":{\"@type\":\"ImageObject\",\"inLanguage\":\"fr-FR\",\"@id\":\"https:\\\/\\\/secure.gravatar.com\\\/avatar\\\/cf6a4ecb9e914acddd89e4c4cbc3c6fdccfd6614c26ec3023ce0173515d50eff?s=96&d=mm&r=g\",\"url\":\"https:\\\/\\\/secure.gravatar.com\\\/avatar\\\/cf6a4ecb9e914acddd89e4c4cbc3c6fdccfd6614c26ec3023ce0173515d50eff?s=96&d=mm&r=g\",\"contentUrl\":\"https:\\\/\\\/secure.gravatar.com\\\/avatar\\\/cf6a4ecb9e914acddd89e4c4cbc3c6fdccfd6614c26ec3023ce0173515d50eff?s=96&d=mm&r=g\",\"caption\":\"C\u00f2rdoba Geneva\"},\"url\":\"https:\\\/\\\/cpi-geneva.org\\\/fr\\\/author\\\/corwebmaster\\\/\"}]}<\/script>\n<!-- \/ Yoast SEO plugin. -->","yoast_head_json":{"title":"Tunisie : Le contexte et ses enjeux - Cordoba Peace Institute | Fran\u00e7ais","robots":{"index":"index","follow":"follow","max-snippet":"max-snippet:-1","max-image-preview":"max-image-preview:large","max-video-preview":"max-video-preview:-1"},"canonical":"https:\/\/cpi-geneva.org\/fr\/tunisie-le-contexte-et-ses-enjeux\/","og_locale":"fr_FR","og_type":"article","og_title":"Tunisie : Le contexte et ses enjeux - Cordoba Peace Institute | Fran\u00e7ais","og_description":"J&rsquo;ai &eacute;t&eacute; l&rsquo;invit&eacute; de Cordoba Peace Institute &agrave; Gen&egrave;ve (CPI), une organisation suisse qui a f&ecirc;t&eacute; ces jours-ci ses 20 ans d&rsquo;existence. Ce que cette organisation a fait tout au long de sa carri&egrave;re relativement courte d&eacute;passe sa taille et ses capacit&eacute;s humaines et financi&egrave;res. L&rsquo;institut s&rsquo;est fix&eacute; pour objectif strat&eacute;gique de &laquo; pr&eacute;venir la [&hellip;]","og_url":"https:\/\/cpi-geneva.org\/fr\/tunisie-le-contexte-et-ses-enjeux\/","og_site_name":"Cordoba Peace Institute | Fran\u00e7ais","article_published_time":"2023-01-27T19:30:00+00:00","og_image":[{"width":1280,"height":622,"url":"https:\/\/cpi-geneva.org\/fr\/wp-content\/uploads\/sites\/3\/2023\/01\/Tunisia_Getty_web.jpg","type":"image\/jpeg"}],"author":"C\u00f2rdoba Geneva","twitter_card":"summary_large_image","twitter_misc":{"\u00c9crit par":"C\u00f2rdoba Geneva","Dur\u00e9e de lecture estim\u00e9e":"6 minutes"},"schema":{"@context":"https:\/\/schema.org","@graph":[{"@type":"Article","@id":"https:\/\/cpi-geneva.org\/fr\/tunisie-le-contexte-et-ses-enjeux\/#article","isPartOf":{"@id":"https:\/\/cpi-geneva.org\/fr\/tunisie-le-contexte-et-ses-enjeux\/"},"author":{"name":"C\u00f2rdoba Geneva","@id":"https:\/\/cpi-geneva.org\/fr\/#\/schema\/person\/1f02a815043284cc1f7aa799e32fb07b"},"headline":"Tunisie : Le contexte et ses enjeux","datePublished":"2023-01-27T19:30:00+00:00","mainEntityOfPage":{"@id":"https:\/\/cpi-geneva.org\/fr\/tunisie-le-contexte-et-ses-enjeux\/"},"wordCount":1304,"commentCount":0,"publisher":{"@id":"https:\/\/cpi-geneva.org\/fr\/#organization"},"image":{"@id":"https:\/\/cpi-geneva.org\/fr\/tunisie-le-contexte-et-ses-enjeux\/#primaryimage"},"thumbnailUrl":"https:\/\/cpi-geneva.org\/fr\/wp-content\/uploads\/sites\/3\/2023\/01\/Tunisia_Getty_web.jpg","articleSection":["Contributions"],"inLanguage":"fr-FR"},{"@type":"WebPage","@id":"https:\/\/cpi-geneva.org\/fr\/tunisie-le-contexte-et-ses-enjeux\/","url":"https:\/\/cpi-geneva.org\/fr\/tunisie-le-contexte-et-ses-enjeux\/","name":"Tunisie : Le contexte et ses enjeux - Cordoba Peace Institute | Fran\u00e7ais","isPartOf":{"@id":"https:\/\/cpi-geneva.org\/fr\/#website"},"primaryImageOfPage":{"@id":"https:\/\/cpi-geneva.org\/fr\/tunisie-le-contexte-et-ses-enjeux\/#primaryimage"},"image":{"@id":"https:\/\/cpi-geneva.org\/fr\/tunisie-le-contexte-et-ses-enjeux\/#primaryimage"},"thumbnailUrl":"https:\/\/cpi-geneva.org\/fr\/wp-content\/uploads\/sites\/3\/2023\/01\/Tunisia_Getty_web.jpg","datePublished":"2023-01-27T19:30:00+00:00","breadcrumb":{"@id":"https:\/\/cpi-geneva.org\/fr\/tunisie-le-contexte-et-ses-enjeux\/#breadcrumb"},"inLanguage":"fr-FR","potentialAction":[{"@type":"ReadAction","target":["https:\/\/cpi-geneva.org\/fr\/tunisie-le-contexte-et-ses-enjeux\/"]}]},{"@type":"ImageObject","inLanguage":"fr-FR","@id":"https:\/\/cpi-geneva.org\/fr\/tunisie-le-contexte-et-ses-enjeux\/#primaryimage","url":"https:\/\/cpi-geneva.org\/fr\/wp-content\/uploads\/sites\/3\/2023\/01\/Tunisia_Getty_web.jpg","contentUrl":"https:\/\/cpi-geneva.org\/fr\/wp-content\/uploads\/sites\/3\/2023\/01\/Tunisia_Getty_web.jpg","width":1280,"height":622,"caption":"\u00a9 Getty Images"},{"@type":"BreadcrumbList","@id":"https:\/\/cpi-geneva.org\/fr\/tunisie-le-contexte-et-ses-enjeux\/#breadcrumb","itemListElement":[{"@type":"ListItem","position":1,"name":"Home","item":"https:\/\/cpi-geneva.org\/fr\/"},{"@type":"ListItem","position":2,"name":"Tunisie : Le contexte et ses enjeux"}]},{"@type":"WebSite","@id":"https:\/\/cpi-geneva.org\/fr\/#website","url":"https:\/\/cpi-geneva.org\/fr\/","name":"Cordoba Peace Institute - Gen\u00e8ve CPI","description":"CPI Gen\u00e8ve | 20 ans aux service de la paix","publisher":{"@id":"https:\/\/cpi-geneva.org\/fr\/#organization"},"potentialAction":[{"@type":"SearchAction","target":{"@type":"EntryPoint","urlTemplate":"https:\/\/cpi-geneva.org\/fr\/?s={search_term_string}"},"query-input":{"@type":"PropertyValueSpecification","valueRequired":true,"valueName":"search_term_string"}}],"inLanguage":"fr-FR"},{"@type":"Organization","@id":"https:\/\/cpi-geneva.org\/fr\/#organization","name":"Cordoba Peace Institute - Gen\u00e8ve CPI","url":"https:\/\/cpi-geneva.org\/fr\/","logo":{"@type":"ImageObject","inLanguage":"fr-FR","@id":"https:\/\/cpi-geneva.org\/fr\/#\/schema\/logo\/image\/","url":"https:\/\/cpi-geneva.org\/fr\/wp-content\/uploads\/sites\/3\/2025\/12\/CPI-Geneva.png","contentUrl":"https:\/\/cpi-geneva.org\/fr\/wp-content\/uploads\/sites\/3\/2025\/12\/CPI-Geneva.png","width":740,"height":740,"caption":"Cordoba Peace Institute - Gen\u00e8ve CPI"},"image":{"@id":"https:\/\/cpi-geneva.org\/fr\/#\/schema\/logo\/image\/"}},{"@type":"Person","@id":"https:\/\/cpi-geneva.org\/fr\/#\/schema\/person\/1f02a815043284cc1f7aa799e32fb07b","name":"C\u00f2rdoba Geneva","image":{"@type":"ImageObject","inLanguage":"fr-FR","@id":"https:\/\/secure.gravatar.com\/avatar\/cf6a4ecb9e914acddd89e4c4cbc3c6fdccfd6614c26ec3023ce0173515d50eff?s=96&d=mm&r=g","url":"https:\/\/secure.gravatar.com\/avatar\/cf6a4ecb9e914acddd89e4c4cbc3c6fdccfd6614c26ec3023ce0173515d50eff?s=96&d=mm&r=g","contentUrl":"https:\/\/secure.gravatar.com\/avatar\/cf6a4ecb9e914acddd89e4c4cbc3c6fdccfd6614c26ec3023ce0173515d50eff?s=96&d=mm&r=g","caption":"C\u00f2rdoba Geneva"},"url":"https:\/\/cpi-geneva.org\/fr\/author\/corwebmaster\/"}]}},"featured_image_src":{"landsacpe":["https:\/\/cpi-geneva.org\/fr\/wp-content\/uploads\/sites\/3\/2023\/01\/Tunisia_Getty_web-1140x445.jpg",1140,445,true],"list":["https:\/\/cpi-geneva.org\/fr\/wp-content\/uploads\/sites\/3\/2023\/01\/Tunisia_Getty_web-463x348.jpg",463,348,true],"medium":["https:\/\/cpi-geneva.org\/fr\/wp-content\/uploads\/sites\/3\/2023\/01\/Tunisia_Getty_web-300x146.jpg",300,146,true],"full":["https:\/\/cpi-geneva.org\/fr\/wp-content\/uploads\/sites\/3\/2023\/01\/Tunisia_Getty_web.jpg",1280,622,false]},"_links":{"self":[{"href":"https:\/\/cpi-geneva.org\/fr\/wp-json\/wp\/v2\/posts\/1246","targetHints":{"allow":["GET"]}}],"collection":[{"href":"https:\/\/cpi-geneva.org\/fr\/wp-json\/wp\/v2\/posts"}],"about":[{"href":"https:\/\/cpi-geneva.org\/fr\/wp-json\/wp\/v2\/types\/post"}],"author":[{"embeddable":true,"href":"https:\/\/cpi-geneva.org\/fr\/wp-json\/wp\/v2\/users\/2"}],"replies":[{"embeddable":true,"href":"https:\/\/cpi-geneva.org\/fr\/wp-json\/wp\/v2\/comments?post=1246"}],"version-history":[{"count":0,"href":"https:\/\/cpi-geneva.org\/fr\/wp-json\/wp\/v2\/posts\/1246\/revisions"}],"wp:featuredmedia":[{"embeddable":true,"href":"https:\/\/cpi-geneva.org\/fr\/wp-json\/wp\/v2\/media\/1243"}],"wp:attachment":[{"href":"https:\/\/cpi-geneva.org\/fr\/wp-json\/wp\/v2\/media?parent=1246"}],"wp:term":[{"taxonomy":"category","embeddable":true,"href":"https:\/\/cpi-geneva.org\/fr\/wp-json\/wp\/v2\/categories?post=1246"},{"taxonomy":"post_tag","embeddable":true,"href":"https:\/\/cpi-geneva.org\/fr\/wp-json\/wp\/v2\/tags?post=1246"}],"curies":[{"name":"wp","href":"https:\/\/api.w.org\/{rel}","templated":true}]}}