{"id":1213,"date":"2022-01-21T19:30:00","date_gmt":"2022-01-21T19:30:00","guid":{"rendered":"https:\/\/cpi-geneva.org\/fr\/2022\/01\/21\/introduction-a-la-transformation-des-conflits\/"},"modified":"2022-01-21T19:30:00","modified_gmt":"2022-01-21T19:30:00","slug":"introduction-a-la-transformation-des-conflits","status":"publish","type":"post","link":"https:\/\/cpi-geneva.org\/fr\/introduction-a-la-transformation-des-conflits\/","title":{"rendered":"Introduction \u00e0 la transformation des conflits"},"content":{"rendered":"<p><img fetchpriority=\"high\" decoding=\"async\" class=\" alignleft size-full wp-image-1210\" src=\"https:\/\/cpi-geneva.org\/fr\/wp-content\/uploads\/sites\/3\/2022\/01\/Q4P_ar-scaled.jpg\" alt=\"\" align=\"left\" width=\"1797\" height=\"2560\" srcset=\"https:\/\/cpi-geneva.org\/fr\/wp-content\/uploads\/sites\/3\/2022\/01\/Q4P_ar-scaled.jpg 1797w, https:\/\/cpi-geneva.org\/fr\/wp-content\/uploads\/sites\/3\/2022\/01\/Q4P_ar-719x1024.jpg 719w, https:\/\/cpi-geneva.org\/fr\/wp-content\/uploads\/sites\/3\/2022\/01\/Q4P_ar-768x1094.jpg 768w, https:\/\/cpi-geneva.org\/fr\/wp-content\/uploads\/sites\/3\/2022\/01\/Q4P_ar-1078x1536.jpg 1078w, https:\/\/cpi-geneva.org\/fr\/wp-content\/uploads\/sites\/3\/2022\/01\/Q4P_ar-1438x2048.jpg 1438w, https:\/\/cpi-geneva.org\/fr\/wp-content\/uploads\/sites\/3\/2022\/01\/Q4P_ar-640x912.jpg 640w, https:\/\/cpi-geneva.org\/fr\/wp-content\/uploads\/sites\/3\/2022\/01\/Q4P_ar-400x570.jpg 400w, https:\/\/cpi-geneva.org\/fr\/wp-content\/uploads\/sites\/3\/2022\/01\/Q4P_ar-367x523.jpg 367w, https:\/\/cpi-geneva.org\/fr\/wp-content\/uploads\/sites\/3\/2022\/01\/Q4P_ar-1568x2233.jpg 1568w\" sizes=\"(max-width: 1797px) 100vw, 1797px\" \/><\/p>\n<p>Language: Arabic<br \/>Author: <strong>Abbas Aroua<\/strong><br \/>Publisher: <span style=\"color: #993300;\"><strong>Cordoba Peace Institute &#8211; Geneva<\/strong><\/span><br \/><em>360 pages, with illustrations.<\/em><br \/><a href=\"http:\/\/www.cpi-geneva.org\/images\/pdf\/Books\/Q4PAr.pdf\">http:\/\/www.cpi-geneva.org\/images\/pdf\/Books\/Q4PAr.pdf<\/a><\/p>\n<p><!--more--><\/p>\n<div class=\"localVid\" style=\"float: right; width: 100%; max-width: 605px; margin: 0 0 0 21px;\">&nbsp;<\/div>\n<p>Language: Arabic<br \/>Author: <strong>Abbas Aroua<\/strong><br \/>Publisher: <span style=\"color: #993300;\"><strong>Cordoba Peace Institute &#8211; Geneva<\/strong><\/span><br \/><em>360 pages, with illustrations.<\/em><br \/><a href=\"http:\/\/www.cpi-geneva.org\/images\/pdf\/Books\/Q4PAr.pdf\">http:\/\/www.cpi-geneva.org\/images\/pdf\/Books\/Q4PAr.pdf<\/a><\/p>\n<p>Le monde arabo-musulman est l&rsquo;une des r&eacute;gions o&ugrave; la densit&eacute; de conflits est la plus &eacute;lev&eacute;e au monde (intra- et inter&eacute;tatique). Pourtant, c&rsquo;est l&rsquo;une des r&eacute;gions les plus pauvres en termes de ressources de transformation des conflits, tant sur le plan th&eacute;orique que pratique.<\/p>\n<p>Les processus de changement politique dans la r&eacute;gion ont montr&eacute; que la transition de la dictature &agrave; l&rsquo;&Eacute;tat de droit est tr&egrave;s d&eacute;licate et comporte d&rsquo;&eacute;normes d&eacute;fis. L&rsquo;&Eacute;tat est fragile, menac&eacute; par de nombreux conflits qui &eacute;clatent apr&egrave;s un long &eacute;tat de l&eacute;thargie sous l&rsquo;emprise de l&rsquo;autoritarisme, et qui se manifestent sous la forme de tensions et de polarisations politiques, id&eacute;ologiques, religieuses, ethniques, linguistiques et tribales.<\/p>\n<p>La gestion des tensions qui secouent cette r&eacute;gion et emp&ecirc;chent tout d&eacute;veloppement humain n&eacute;cessite la formation de sp&eacute;cialistes de l&rsquo;analyse et de la transformation des conflits. Il faut une expertise des techniques d&eacute;velopp&eacute;es en Occident sur la transformation des conflits et la capacit&eacute; de les adapter aux soci&eacute;t&eacute;s arabes et musulmanes, en tenant compte de leur contexte historique et de leurs sp&eacute;cificit&eacute;s culturelles.<\/p>\n<p>L&rsquo;objectif de cette contribution est de fournir &agrave; la communaut&eacute; de la consolidation de la paix et aux &eacute;tudiants en post graduation int&eacute;ress&eacute;s par ce domaine, dont la langue maternelle est l&rsquo;arabe, quelques outils et approches qui peuvent &ecirc;tre utilis&eacute;s pour traiter les conflits dans les contextes arabo-islamiques, en prenant soin autant que possible d&rsquo;exprimer les concepts d&eacute;velopp&eacute;s dans la th&eacute;orie moderne des conflits et de la paix dans un langage compr&eacute;hensible dans ces contextes avec l&rsquo;utilisation des ressources internes de la culture islamique, pour &ecirc;tre plus efficace dans le processus de transformation des conflits.<\/p>\n<p>Le livre se compose de cinq sections et de seize chapitres, chaque chapitre repr&eacute;sentant un mat&eacute;riel de formation autonome. La premi&egrave;re section est une introduction historique et conceptuelle qui pr&eacute;sente le d&eacute;veloppement des &eacute;tudes sur les conflits et la paix en Occident, souligne l&rsquo;importance de la transformation des conflits et de la consolidation de la paix en Islam, et d&eacute;finit les concepts de conflit, de violence et de paix. La deuxi&egrave;me section est consacr&eacute;e au processus de transformation des conflits, dans laquelle sont pr&eacute;sent&eacute;s les outils d&rsquo;analyse des conflits et les approches visant &agrave; les transformer, ainsi que les m&eacute;canismes d&rsquo;alerte pr&eacute;coce et de r&eacute;ponse rapide pour pr&eacute;venir la violence, et les processus de n&eacute;gociation, de m&eacute;diation et de r&eacute;conciliation. La troisi&egrave;me section traite de l&rsquo;approche des conflits politiques et aborde des questions telles que la transition d&eacute;mocratique, le dialogue national, la coh&eacute;sion soci&eacute;tale et la non-violence strat&eacute;gique. La quatri&egrave;me section se concentre sur la pr&eacute;vention de l&rsquo;extr&eacute;misme et de la violence extr&eacute;miste, en commen&ccedil;ant par d&eacute;finir les termes de radicalisme, d&rsquo;extr&eacute;misme et de terrorisme, en faisant la distinction entre les entit&eacute;s &agrave; r&eacute;f&eacute;rence religieuse, et en discutant du processus d&rsquo;extr&eacute;misation et des moyens de le pr&eacute;venir. Enfin, la cinqui&egrave;me section traite des conflits &agrave; dimension religieuse et aborde la relation entre la religion, les conflits et la consolidation de la paix, les causes des tensions islamo-occidentales et la recherche de moyens appropri&eacute;s pour y faire face. L&rsquo;ouvrage se termine par une bibliographie de plus de 200 r&eacute;f&eacute;rences dans le domaine de la consolidation de la paix.<\/p>\n","protected":false},"excerpt":{"rendered":"<p>Language: ArabicAuthor: Abbas ArouaPublisher: Cordoba Peace Institute &#8211; Geneva360 pages, with illustrations.http:\/\/www.cpi-geneva.org\/images\/pdf\/Books\/Q4PAr.pdf<\/p>\n","protected":false},"author":2,"featured_media":1210,"comment_status":"open","ping_status":"open","sticky":false,"template":"","format":"standard","meta":{"footnotes":""},"categories":[4],"tags":[],"class_list":["post-1213","post","type-post","status-publish","format-standard","has-post-thumbnail","hentry","category-contributions"],"yoast_head":"<!-- This site is optimized with the Yoast SEO plugin v27.4 - https:\/\/yoast.com\/product\/yoast-seo-wordpress\/ -->\n<title>Introduction \u00e0 la transformation des conflits - Cordoba Peace Institute | Fran\u00e7ais<\/title>\n<meta name=\"robots\" content=\"index, follow, max-snippet:-1, max-image-preview:large, max-video-preview:-1\" \/>\n<link rel=\"canonical\" href=\"https:\/\/cpi-geneva.org\/fr\/introduction-a-la-transformation-des-conflits\/\" \/>\n<meta property=\"og:locale\" content=\"fr_FR\" \/>\n<meta property=\"og:type\" content=\"article\" \/>\n<meta property=\"og:title\" content=\"Introduction \u00e0 la transformation des conflits - Cordoba Peace Institute | Fran\u00e7ais\" \/>\n<meta property=\"og:description\" content=\"Language: ArabicAuthor: Abbas ArouaPublisher: Cordoba Peace Institute &#8211; Geneva360 pages, with illustrations.http:\/\/www.cpi-geneva.org\/images\/pdf\/Books\/Q4PAr.pdf\" \/>\n<meta property=\"og:url\" content=\"https:\/\/cpi-geneva.org\/fr\/introduction-a-la-transformation-des-conflits\/\" \/>\n<meta property=\"og:site_name\" content=\"Cordoba Peace Institute | Fran\u00e7ais\" \/>\n<meta property=\"article:published_time\" content=\"2022-01-21T19:30:00+00:00\" \/>\n<meta property=\"og:image\" content=\"https:\/\/cpi-geneva.org\/fr\/wp-content\/uploads\/sites\/3\/2022\/01\/Q4P_ar-scaled.jpg\" \/>\n\t<meta property=\"og:image:width\" content=\"1797\" \/>\n\t<meta property=\"og:image:height\" content=\"2560\" \/>\n\t<meta property=\"og:image:type\" content=\"image\/jpeg\" \/>\n<meta name=\"author\" content=\"C\u00f2rdoba Geneva\" \/>\n<meta name=\"twitter:card\" content=\"summary_large_image\" \/>\n<meta name=\"twitter:label1\" content=\"\u00c9crit par\" \/>\n\t<meta name=\"twitter:data1\" content=\"C\u00f2rdoba Geneva\" \/>\n\t<meta name=\"twitter:label2\" content=\"Dur\u00e9e de lecture estim\u00e9e\" \/>\n\t<meta name=\"twitter:data2\" content=\"4 minutes\" \/>\n<script type=\"application\/ld+json\" class=\"yoast-schema-graph\">{\"@context\":\"https:\\\/\\\/schema.org\",\"@graph\":[{\"@type\":\"Article\",\"@id\":\"https:\\\/\\\/cpi-geneva.org\\\/fr\\\/introduction-a-la-transformation-des-conflits\\\/#article\",\"isPartOf\":{\"@id\":\"https:\\\/\\\/cpi-geneva.org\\\/fr\\\/introduction-a-la-transformation-des-conflits\\\/\"},\"author\":{\"name\":\"C\u00f2rdoba Geneva\",\"@id\":\"https:\\\/\\\/cpi-geneva.org\\\/fr\\\/#\\\/schema\\\/person\\\/1f02a815043284cc1f7aa799e32fb07b\"},\"headline\":\"Introduction \u00e0 la transformation des conflits\",\"datePublished\":\"2022-01-21T19:30:00+00:00\",\"mainEntityOfPage\":{\"@id\":\"https:\\\/\\\/cpi-geneva.org\\\/fr\\\/introduction-a-la-transformation-des-conflits\\\/\"},\"wordCount\":750,\"commentCount\":0,\"publisher\":{\"@id\":\"https:\\\/\\\/cpi-geneva.org\\\/fr\\\/#organization\"},\"image\":{\"@id\":\"https:\\\/\\\/cpi-geneva.org\\\/fr\\\/introduction-a-la-transformation-des-conflits\\\/#primaryimage\"},\"thumbnailUrl\":\"https:\\\/\\\/cpi-geneva.org\\\/fr\\\/wp-content\\\/uploads\\\/sites\\\/3\\\/2022\\\/01\\\/Q4P_ar-scaled.jpg\",\"articleSection\":[\"Contributions\"],\"inLanguage\":\"fr-FR\"},{\"@type\":\"WebPage\",\"@id\":\"https:\\\/\\\/cpi-geneva.org\\\/fr\\\/introduction-a-la-transformation-des-conflits\\\/\",\"url\":\"https:\\\/\\\/cpi-geneva.org\\\/fr\\\/introduction-a-la-transformation-des-conflits\\\/\",\"name\":\"Introduction \u00e0 la transformation des conflits - Cordoba Peace Institute | Fran\u00e7ais\",\"isPartOf\":{\"@id\":\"https:\\\/\\\/cpi-geneva.org\\\/fr\\\/#website\"},\"primaryImageOfPage\":{\"@id\":\"https:\\\/\\\/cpi-geneva.org\\\/fr\\\/introduction-a-la-transformation-des-conflits\\\/#primaryimage\"},\"image\":{\"@id\":\"https:\\\/\\\/cpi-geneva.org\\\/fr\\\/introduction-a-la-transformation-des-conflits\\\/#primaryimage\"},\"thumbnailUrl\":\"https:\\\/\\\/cpi-geneva.org\\\/fr\\\/wp-content\\\/uploads\\\/sites\\\/3\\\/2022\\\/01\\\/Q4P_ar-scaled.jpg\",\"datePublished\":\"2022-01-21T19:30:00+00:00\",\"breadcrumb\":{\"@id\":\"https:\\\/\\\/cpi-geneva.org\\\/fr\\\/introduction-a-la-transformation-des-conflits\\\/#breadcrumb\"},\"inLanguage\":\"fr-FR\",\"potentialAction\":[{\"@type\":\"ReadAction\",\"target\":[\"https:\\\/\\\/cpi-geneva.org\\\/fr\\\/introduction-a-la-transformation-des-conflits\\\/\"]}]},{\"@type\":\"ImageObject\",\"inLanguage\":\"fr-FR\",\"@id\":\"https:\\\/\\\/cpi-geneva.org\\\/fr\\\/introduction-a-la-transformation-des-conflits\\\/#primaryimage\",\"url\":\"https:\\\/\\\/cpi-geneva.org\\\/fr\\\/wp-content\\\/uploads\\\/sites\\\/3\\\/2022\\\/01\\\/Q4P_ar-scaled.jpg\",\"contentUrl\":\"https:\\\/\\\/cpi-geneva.org\\\/fr\\\/wp-content\\\/uploads\\\/sites\\\/3\\\/2022\\\/01\\\/Q4P_ar-scaled.jpg\",\"width\":1797,\"height\":2560},{\"@type\":\"BreadcrumbList\",\"@id\":\"https:\\\/\\\/cpi-geneva.org\\\/fr\\\/introduction-a-la-transformation-des-conflits\\\/#breadcrumb\",\"itemListElement\":[{\"@type\":\"ListItem\",\"position\":1,\"name\":\"Home\",\"item\":\"https:\\\/\\\/cpi-geneva.org\\\/fr\\\/\"},{\"@type\":\"ListItem\",\"position\":2,\"name\":\"Introduction \u00e0 la transformation des conflits\"}]},{\"@type\":\"WebSite\",\"@id\":\"https:\\\/\\\/cpi-geneva.org\\\/fr\\\/#website\",\"url\":\"https:\\\/\\\/cpi-geneva.org\\\/fr\\\/\",\"name\":\"Cordoba Peace Institute - Gen\u00e8ve CPI\",\"description\":\"CPI Gen\u00e8ve | 20 ans aux service de la paix\",\"publisher\":{\"@id\":\"https:\\\/\\\/cpi-geneva.org\\\/fr\\\/#organization\"},\"potentialAction\":[{\"@type\":\"SearchAction\",\"target\":{\"@type\":\"EntryPoint\",\"urlTemplate\":\"https:\\\/\\\/cpi-geneva.org\\\/fr\\\/?s={search_term_string}\"},\"query-input\":{\"@type\":\"PropertyValueSpecification\",\"valueRequired\":true,\"valueName\":\"search_term_string\"}}],\"inLanguage\":\"fr-FR\"},{\"@type\":\"Organization\",\"@id\":\"https:\\\/\\\/cpi-geneva.org\\\/fr\\\/#organization\",\"name\":\"Cordoba Peace Institute - Gen\u00e8ve CPI\",\"url\":\"https:\\\/\\\/cpi-geneva.org\\\/fr\\\/\",\"logo\":{\"@type\":\"ImageObject\",\"inLanguage\":\"fr-FR\",\"@id\":\"https:\\\/\\\/cpi-geneva.org\\\/fr\\\/#\\\/schema\\\/logo\\\/image\\\/\",\"url\":\"https:\\\/\\\/cpi-geneva.org\\\/fr\\\/wp-content\\\/uploads\\\/sites\\\/3\\\/2025\\\/12\\\/CPI-Geneva.png\",\"contentUrl\":\"https:\\\/\\\/cpi-geneva.org\\\/fr\\\/wp-content\\\/uploads\\\/sites\\\/3\\\/2025\\\/12\\\/CPI-Geneva.png\",\"width\":740,\"height\":740,\"caption\":\"Cordoba Peace Institute - Gen\u00e8ve CPI\"},\"image\":{\"@id\":\"https:\\\/\\\/cpi-geneva.org\\\/fr\\\/#\\\/schema\\\/logo\\\/image\\\/\"}},{\"@type\":\"Person\",\"@id\":\"https:\\\/\\\/cpi-geneva.org\\\/fr\\\/#\\\/schema\\\/person\\\/1f02a815043284cc1f7aa799e32fb07b\",\"name\":\"C\u00f2rdoba Geneva\",\"image\":{\"@type\":\"ImageObject\",\"inLanguage\":\"fr-FR\",\"@id\":\"https:\\\/\\\/secure.gravatar.com\\\/avatar\\\/cf6a4ecb9e914acddd89e4c4cbc3c6fdccfd6614c26ec3023ce0173515d50eff?s=96&d=mm&r=g\",\"url\":\"https:\\\/\\\/secure.gravatar.com\\\/avatar\\\/cf6a4ecb9e914acddd89e4c4cbc3c6fdccfd6614c26ec3023ce0173515d50eff?s=96&d=mm&r=g\",\"contentUrl\":\"https:\\\/\\\/secure.gravatar.com\\\/avatar\\\/cf6a4ecb9e914acddd89e4c4cbc3c6fdccfd6614c26ec3023ce0173515d50eff?s=96&d=mm&r=g\",\"caption\":\"C\u00f2rdoba Geneva\"},\"url\":\"https:\\\/\\\/cpi-geneva.org\\\/fr\\\/author\\\/corwebmaster\\\/\"}]}<\/script>\n<!-- \/ Yoast SEO plugin. -->","yoast_head_json":{"title":"Introduction \u00e0 la transformation des conflits - Cordoba Peace Institute | Fran\u00e7ais","robots":{"index":"index","follow":"follow","max-snippet":"max-snippet:-1","max-image-preview":"max-image-preview:large","max-video-preview":"max-video-preview:-1"},"canonical":"https:\/\/cpi-geneva.org\/fr\/introduction-a-la-transformation-des-conflits\/","og_locale":"fr_FR","og_type":"article","og_title":"Introduction \u00e0 la transformation des conflits - Cordoba Peace Institute | Fran\u00e7ais","og_description":"Language: ArabicAuthor: Abbas ArouaPublisher: Cordoba Peace Institute &#8211; Geneva360 pages, with illustrations.http:\/\/www.cpi-geneva.org\/images\/pdf\/Books\/Q4PAr.pdf","og_url":"https:\/\/cpi-geneva.org\/fr\/introduction-a-la-transformation-des-conflits\/","og_site_name":"Cordoba Peace Institute | Fran\u00e7ais","article_published_time":"2022-01-21T19:30:00+00:00","og_image":[{"width":1797,"height":2560,"url":"https:\/\/cpi-geneva.org\/fr\/wp-content\/uploads\/sites\/3\/2022\/01\/Q4P_ar-scaled.jpg","type":"image\/jpeg"}],"author":"C\u00f2rdoba Geneva","twitter_card":"summary_large_image","twitter_misc":{"\u00c9crit par":"C\u00f2rdoba Geneva","Dur\u00e9e de lecture estim\u00e9e":"4 minutes"},"schema":{"@context":"https:\/\/schema.org","@graph":[{"@type":"Article","@id":"https:\/\/cpi-geneva.org\/fr\/introduction-a-la-transformation-des-conflits\/#article","isPartOf":{"@id":"https:\/\/cpi-geneva.org\/fr\/introduction-a-la-transformation-des-conflits\/"},"author":{"name":"C\u00f2rdoba Geneva","@id":"https:\/\/cpi-geneva.org\/fr\/#\/schema\/person\/1f02a815043284cc1f7aa799e32fb07b"},"headline":"Introduction \u00e0 la transformation des conflits","datePublished":"2022-01-21T19:30:00+00:00","mainEntityOfPage":{"@id":"https:\/\/cpi-geneva.org\/fr\/introduction-a-la-transformation-des-conflits\/"},"wordCount":750,"commentCount":0,"publisher":{"@id":"https:\/\/cpi-geneva.org\/fr\/#organization"},"image":{"@id":"https:\/\/cpi-geneva.org\/fr\/introduction-a-la-transformation-des-conflits\/#primaryimage"},"thumbnailUrl":"https:\/\/cpi-geneva.org\/fr\/wp-content\/uploads\/sites\/3\/2022\/01\/Q4P_ar-scaled.jpg","articleSection":["Contributions"],"inLanguage":"fr-FR"},{"@type":"WebPage","@id":"https:\/\/cpi-geneva.org\/fr\/introduction-a-la-transformation-des-conflits\/","url":"https:\/\/cpi-geneva.org\/fr\/introduction-a-la-transformation-des-conflits\/","name":"Introduction \u00e0 la transformation des conflits - Cordoba Peace Institute | Fran\u00e7ais","isPartOf":{"@id":"https:\/\/cpi-geneva.org\/fr\/#website"},"primaryImageOfPage":{"@id":"https:\/\/cpi-geneva.org\/fr\/introduction-a-la-transformation-des-conflits\/#primaryimage"},"image":{"@id":"https:\/\/cpi-geneva.org\/fr\/introduction-a-la-transformation-des-conflits\/#primaryimage"},"thumbnailUrl":"https:\/\/cpi-geneva.org\/fr\/wp-content\/uploads\/sites\/3\/2022\/01\/Q4P_ar-scaled.jpg","datePublished":"2022-01-21T19:30:00+00:00","breadcrumb":{"@id":"https:\/\/cpi-geneva.org\/fr\/introduction-a-la-transformation-des-conflits\/#breadcrumb"},"inLanguage":"fr-FR","potentialAction":[{"@type":"ReadAction","target":["https:\/\/cpi-geneva.org\/fr\/introduction-a-la-transformation-des-conflits\/"]}]},{"@type":"ImageObject","inLanguage":"fr-FR","@id":"https:\/\/cpi-geneva.org\/fr\/introduction-a-la-transformation-des-conflits\/#primaryimage","url":"https:\/\/cpi-geneva.org\/fr\/wp-content\/uploads\/sites\/3\/2022\/01\/Q4P_ar-scaled.jpg","contentUrl":"https:\/\/cpi-geneva.org\/fr\/wp-content\/uploads\/sites\/3\/2022\/01\/Q4P_ar-scaled.jpg","width":1797,"height":2560},{"@type":"BreadcrumbList","@id":"https:\/\/cpi-geneva.org\/fr\/introduction-a-la-transformation-des-conflits\/#breadcrumb","itemListElement":[{"@type":"ListItem","position":1,"name":"Home","item":"https:\/\/cpi-geneva.org\/fr\/"},{"@type":"ListItem","position":2,"name":"Introduction \u00e0 la transformation des conflits"}]},{"@type":"WebSite","@id":"https:\/\/cpi-geneva.org\/fr\/#website","url":"https:\/\/cpi-geneva.org\/fr\/","name":"Cordoba Peace Institute - Gen\u00e8ve CPI","description":"CPI Gen\u00e8ve | 20 ans aux service de la paix","publisher":{"@id":"https:\/\/cpi-geneva.org\/fr\/#organization"},"potentialAction":[{"@type":"SearchAction","target":{"@type":"EntryPoint","urlTemplate":"https:\/\/cpi-geneva.org\/fr\/?s={search_term_string}"},"query-input":{"@type":"PropertyValueSpecification","valueRequired":true,"valueName":"search_term_string"}}],"inLanguage":"fr-FR"},{"@type":"Organization","@id":"https:\/\/cpi-geneva.org\/fr\/#organization","name":"Cordoba Peace Institute - Gen\u00e8ve CPI","url":"https:\/\/cpi-geneva.org\/fr\/","logo":{"@type":"ImageObject","inLanguage":"fr-FR","@id":"https:\/\/cpi-geneva.org\/fr\/#\/schema\/logo\/image\/","url":"https:\/\/cpi-geneva.org\/fr\/wp-content\/uploads\/sites\/3\/2025\/12\/CPI-Geneva.png","contentUrl":"https:\/\/cpi-geneva.org\/fr\/wp-content\/uploads\/sites\/3\/2025\/12\/CPI-Geneva.png","width":740,"height":740,"caption":"Cordoba Peace Institute - Gen\u00e8ve CPI"},"image":{"@id":"https:\/\/cpi-geneva.org\/fr\/#\/schema\/logo\/image\/"}},{"@type":"Person","@id":"https:\/\/cpi-geneva.org\/fr\/#\/schema\/person\/1f02a815043284cc1f7aa799e32fb07b","name":"C\u00f2rdoba Geneva","image":{"@type":"ImageObject","inLanguage":"fr-FR","@id":"https:\/\/secure.gravatar.com\/avatar\/cf6a4ecb9e914acddd89e4c4cbc3c6fdccfd6614c26ec3023ce0173515d50eff?s=96&d=mm&r=g","url":"https:\/\/secure.gravatar.com\/avatar\/cf6a4ecb9e914acddd89e4c4cbc3c6fdccfd6614c26ec3023ce0173515d50eff?s=96&d=mm&r=g","contentUrl":"https:\/\/secure.gravatar.com\/avatar\/cf6a4ecb9e914acddd89e4c4cbc3c6fdccfd6614c26ec3023ce0173515d50eff?s=96&d=mm&r=g","caption":"C\u00f2rdoba Geneva"},"url":"https:\/\/cpi-geneva.org\/fr\/author\/corwebmaster\/"}]}},"featured_image_src":{"landsacpe":["https:\/\/cpi-geneva.org\/fr\/wp-content\/uploads\/sites\/3\/2022\/01\/Q4P_ar-1140x445.jpg",1140,445,true],"list":["https:\/\/cpi-geneva.org\/fr\/wp-content\/uploads\/sites\/3\/2022\/01\/Q4P_ar-463x348.jpg",463,348,true],"medium":["https:\/\/cpi-geneva.org\/fr\/wp-content\/uploads\/sites\/3\/2022\/01\/Q4P_ar-211x300.jpg",211,300,true],"full":["https:\/\/cpi-geneva.org\/fr\/wp-content\/uploads\/sites\/3\/2022\/01\/Q4P_ar-scaled.jpg",1797,2560,false]},"_links":{"self":[{"href":"https:\/\/cpi-geneva.org\/fr\/wp-json\/wp\/v2\/posts\/1213","targetHints":{"allow":["GET"]}}],"collection":[{"href":"https:\/\/cpi-geneva.org\/fr\/wp-json\/wp\/v2\/posts"}],"about":[{"href":"https:\/\/cpi-geneva.org\/fr\/wp-json\/wp\/v2\/types\/post"}],"author":[{"embeddable":true,"href":"https:\/\/cpi-geneva.org\/fr\/wp-json\/wp\/v2\/users\/2"}],"replies":[{"embeddable":true,"href":"https:\/\/cpi-geneva.org\/fr\/wp-json\/wp\/v2\/comments?post=1213"}],"version-history":[{"count":0,"href":"https:\/\/cpi-geneva.org\/fr\/wp-json\/wp\/v2\/posts\/1213\/revisions"}],"wp:featuredmedia":[{"embeddable":true,"href":"https:\/\/cpi-geneva.org\/fr\/wp-json\/wp\/v2\/media\/1210"}],"wp:attachment":[{"href":"https:\/\/cpi-geneva.org\/fr\/wp-json\/wp\/v2\/media?parent=1213"}],"wp:term":[{"taxonomy":"category","embeddable":true,"href":"https:\/\/cpi-geneva.org\/fr\/wp-json\/wp\/v2\/categories?post=1213"},{"taxonomy":"post_tag","embeddable":true,"href":"https:\/\/cpi-geneva.org\/fr\/wp-json\/wp\/v2\/tags?post=1213"}],"curies":[{"name":"wp","href":"https:\/\/api.w.org\/{rel}","templated":true}]}}