{"id":1059,"date":"2020-03-22T10:25:00","date_gmt":"2020-03-22T10:25:00","guid":{"rendered":"https:\/\/cpi-geneva.org\/fr\/2020\/03\/22\/the-cordoba-update-janvier-mars-2020\/"},"modified":"2020-03-22T10:25:00","modified_gmt":"2020-03-22T10:25:00","slug":"the-cordoba-update-janvier-mars-2020","status":"publish","type":"post","link":"https:\/\/cpi-geneva.org\/fr\/the-cordoba-update-janvier-mars-2020\/","title":{"rendered":"The Cordoba Update, Janvier &#8211; Mars 2020"},"content":{"rendered":"<style scoped=\"scoped\" type=\"text\/css\"><!--\narticle .article-content div.left > p {text-align: left;}\n@media only screen and (min-width: 721px) {\n.cu_date {font-size: 24px; color: #aa9788; position: relative; float: right; top: -40px; right: 16px; margin-bottom: -40px;}\n.cu_lang-btn {max-width: 800px; margin: -38px 0 0 0; position: relative; bottom: -38px; right: 4px;}\n}\n@media only screen and (max-width: 720px) {\n.cu_date {font-size: 16px; color: #aa9788;}\n.cu_lang-btn {max-width: 800px;}\n.cu_lang-btn .docDownload_lang {padding: 2px 6px; margin: 3px 2px 3px 0; line-height: 1.0em;}\n.cu_lang-btn .docDownload_lang a {font-size: 70%;}\n}\n--><\/style>\n<p><!-- RIGHT --><\/p>\n<div class=\"cu_lang-btn\">\n<div class=\"docDownload_lang\"><a href=\"ar\/\u0645\u0646\u0634\u0648\u0631\u0627\u062a\/newsletter\/877\" class=\"arabTxt\">\u0627\u0644\u0646\u0633\u062e\u0629 \u0627\u0644\u0639\u0631\u0628\u064a\u0629<\/a><\/div>\n<div class=\"docDownload_lang\"><a href=\"en\/publications-mega\/newsletter\/879\">English Version<\/a><\/div>\n<div class=\"clearfix\">&nbsp;<\/div>\n<\/div>\n<div style=\"max-width: 800px; margin: 0 0 15px 0;\"><img decoding=\"async\" class=\" size-full wp-image-774\" src=\"https:\/\/cpi-geneva.org\/fr\/wp-content\/uploads\/sites\/3\/2017\/10\/header_cu_blank.jpg\" alt=\"alt_text\" width=\"800\" height=\"auto\" style=\"width: 100%; max-width: 800px; height: auto; margin: 0;\" align=\"middle\" border=\"0\" srcset=\"https:\/\/cpi-geneva.org\/fr\/wp-content\/uploads\/sites\/3\/2017\/10\/header_cu_blank.jpg 1360w, https:\/\/cpi-geneva.org\/fr\/wp-content\/uploads\/sites\/3\/2017\/10\/header_cu_blank-1024x226.jpg 1024w, https:\/\/cpi-geneva.org\/fr\/wp-content\/uploads\/sites\/3\/2017\/10\/header_cu_blank-768x169.jpg 768w\" sizes=\"(max-width: 1360px) 100vw, 1360px\" \/><\/p>\n<div class=\"cu_date\">Janvier &#8211; Mars 2020<\/div>\n<\/div>\n<div class=\"left\" style=\"clear: left; float: left; display: inline-block; margin: auto 15px 15px auto; max-width: 265px; min-width: 160px; vertical-align: top; width: 100%; background-color: #993333; color: #ffffff; padding: 15px 20px 5px; font-size: 90%; line-height: 150%;\">\n<p>Cher Lecteur, Ch&egrave;re Lectrice,<\/p>\n<p>Les yeux du monde sont actuellement riv&eacute;s sur les effets dramatiques du Covid-19, avec les interdictions de voyager et l&rsquo;&eacute;largissement des mesures de confinement affectant le commerce et les &eacute;conomies mondiales. Ceci intervient en m&ecirc;me temps que la chute rapide du prix du p&eacute;trole &agrave; la suite du d&eacute;saccord entre la Russie et l&rsquo;Arabie saoudite, et la vague de liquidations dans les march&eacute;s boursiers mondiaux.<\/p>\n<p>Dans de pareilles circonstances, il est facile d&rsquo;oublier les guerres de longue dur&eacute;e qui continuent de d&eacute;truire les vies et les moyens de subsistance dans un certain nombre de pays, causant des souffrances humaines et collectives qui prendront des d&eacute;cennies &agrave; gu&eacute;rir apr&egrave;s la fin des combats. Nos armes sont trop puissantes, les d&eacute;g&acirc;ts trop &eacute;loign&eacute;s et notre dur&eacute;e d&rsquo;attention trop courte.<\/p>\n<p>Nous incluons donc dans ce num&eacute;ro des articles sur le Y&eacute;men et la Libye, dans l&rsquo;espoir que de s&eacute;rieux efforts pourront &ecirc;tre faits aux niveaux local, r&eacute;gional et international pour trouver des solutions justes et pacifiques &agrave; ces deux conflits d&eacute;vastateurs.<\/p>\n<p>Avec les meilleurs v&oelig;ux de l&rsquo;&eacute;quipe CPI.<\/p>\n<\/div>\n<div style=\"display: inline-block; margin: 0; max-width: 520px; min-width: 320px; vertical-align: top;\"><img decoding=\"async\" class=\" size-full wp-image-1054\" src=\"https:\/\/cpi-geneva.org\/fr\/wp-content\/uploads\/sites\/3\/2020\/03\/CPI_Doha-Feb20.jpg\" alt=\"Doha, F&eacute;vrier 2020\" width=\"680\" height=\"auto\" style=\"width: 100%; max-width: 680px; height: auto; background: #dddddd none repeat scroll 0% 0%; font-family: sans-serif; font-size: 14px; line-height: 16px; color: #555555; margin-top: auto; margin-bottom: 5px; vertical-align: middle;\" srcset=\"https:\/\/cpi-geneva.org\/fr\/wp-content\/uploads\/sites\/3\/2020\/03\/CPI_Doha-Feb20.jpg 1093w, https:\/\/cpi-geneva.org\/fr\/wp-content\/uploads\/sites\/3\/2020\/03\/CPI_Doha-Feb20-1024x603.jpg 1024w, https:\/\/cpi-geneva.org\/fr\/wp-content\/uploads\/sites\/3\/2020\/03\/CPI_Doha-Feb20-768x453.jpg 768w, https:\/\/cpi-geneva.org\/fr\/wp-content\/uploads\/sites\/3\/2020\/03\/CPI_Doha-Feb20-640x377.jpg 640w, https:\/\/cpi-geneva.org\/fr\/wp-content\/uploads\/sites\/3\/2020\/03\/CPI_Doha-Feb20-400x236.jpg 400w, https:\/\/cpi-geneva.org\/fr\/wp-content\/uploads\/sites\/3\/2020\/03\/CPI_Doha-Feb20-367x216.jpg 367w\" sizes=\"(max-width: 1093px) 100vw, 1093px\" \/><\/p>\n<div style=\"background-color: #f4f1e8; margin-top: 0; padding: 5px 15px 7px; text-align: center;\"><span style=\"font-size: 84%;\"><em>Atelier de formation du CPI &agrave; l&rsquo;Universit&eacute; du Qatar, f&eacute;vrier 2019<\/em><\/span><\/div>\n<\/div>\n<div style=\"width: 100%; max-width: 800px; padding: 0px; text-align: left;\" align=\"center\">\n<h2 style=\"margin-bottom: 0px;\">Nouvelles de l&rsquo;Institut<\/h2>\n<hr style=\"margin-top: 0px; margin-bottom: 21px; border-top: 1px solid #dddddd;\" \/><\/div>\n<div style=\"width: 100%; max-width: 800px; padding: 0px 25px 0px 25px; text-align: left;\" align=\"center\">\n<p><strong>Qatar<\/strong> &#8211; CPI a organis&eacute; &agrave; l&rsquo;universit&eacute; du Qatar, du 8 au 11 f&eacute;vrier 2020, un atelier de formation sur le th&egrave;me &laquo; transformation de conflit et gestion de la diversit&eacute; &raquo;. Plus de 30 professeurs d&rsquo;universit&eacute; et 10 repr&eacute;sentants de diverses organisations externes &agrave; l&rsquo;universit&eacute; y ont pris part.<\/p>\n<p><strong>Tanzanie<\/strong> &#8211; CPI a organis&eacute; &agrave; Zanzibar, du 5 au 8 f&eacute;vrier 2020 deux sessions de formation auxquelles ont pris part des participants de Pemba, dont 30 membres d&rsquo;ONGs et 6 leaders communautaires. La formation a port&eacute; sur le dialogue et les m&eacute;canismes d&rsquo;alerte pr&eacute;coce et de r&eacute;ponse rapide ancr&eacute;s dans la communaut&eacute;.<\/p>\n<p><strong>Y&eacute;men<\/strong> &#8211; CPI a pris part &agrave; la conf&eacute;rence \u00ab\u00a0Y&eacute;men d&rsquo;apr&egrave;s-guerre&hellip; une vision d&rsquo;avenir\u00a0\u00bb, organis&eacute;e par la Fondation Tawakkol Karman le 7 mars 2020 &agrave; Istanbul. La contribution de CPI a abord&eacute; le th&egrave;me de la justice transitionnelle et de la r&eacute;conciliation pendant les p&eacute;riodes de transition.<\/p>\n<hr \/>\n<\/div>\n<div class=\"clearfix\">&nbsp;<\/div>\n<p><!-- THUMB LEFT 1  --- BEGIN --- --><\/p>\n<div style=\"display: inline-block; margin: 0 -2px; max-width: 240px; min-width: 160px; vertical-align: top; width: 100%;\">\n<table border=\"0\" style=\"width: 100%;\" cellspacing=\"0\" cellpadding=\"0\">\n<tbody>\n<tr>\n<td style=\"padding: 0 10px 10px 10px;\"><img fetchpriority=\"high\" decoding=\"async\" class=\" size-full wp-image-1056\" src=\"https:\/\/cpi-geneva.org\/fr\/wp-content\/uploads\/sites\/3\/2020\/03\/Bab_Al_Yemen_in_Sanaa.jpg\" alt=\"Bab Al Yemen in Sanaa\" width=\"640\" height=\"480\" class=\"center-on-narrow\" style=\"width: 100%; max-width: 320px; height: auto; background: #dddddd none repeat scroll 0% 0%; font-family: sans-serif; font-size: 15px; line-height: 20px; color: #555555;\" srcset=\"https:\/\/cpi-geneva.org\/fr\/wp-content\/uploads\/sites\/3\/2020\/03\/Bab_Al_Yemen_in_Sanaa.jpg 640w, https:\/\/cpi-geneva.org\/fr\/wp-content\/uploads\/sites\/3\/2020\/03\/Bab_Al_Yemen_in_Sanaa-463x348.jpg 463w, https:\/\/cpi-geneva.org\/fr\/wp-content\/uploads\/sites\/3\/2020\/03\/Bab_Al_Yemen_in_Sanaa-400x300.jpg 400w, https:\/\/cpi-geneva.org\/fr\/wp-content\/uploads\/sites\/3\/2020\/03\/Bab_Al_Yemen_in_Sanaa-367x275.jpg 367w\" sizes=\"(max-width: 640px) 100vw, 640px\" \/><\/td>\n<\/tr>\n<\/tbody>\n<\/table>\n<\/div>\n<div class=\"stack-column\" style=\"display: inline-block; max-width: 560px; min-width: 320px; vertical-align: top;\">\n<table border=\"0\" style=\"width: 100%;\" cellspacing=\"0\" cellpadding=\"0\">\n<tbody>\n<tr>\n<td>\n<h2>Sixi&egrave;me ann&eacute;e de guerre au Y&eacute;men<\/h2>\n<h5>par&nbsp;<strong>Abubakar Ben Rajeh<\/strong><\/h5>\n<p><!-- Button : BEGIN --><\/p>\n<table border=\"0\" class=\"center-on-narrow\" style=\"float: left;\" cellspacing=\"0\" cellpadding=\"0\">\n<tbody>\n<tr>\n<td class=\"button-td\" style=\"border-radius: 3px; background: #993333; text-align: center;\"><a href=\"fr\/publications-fr\/contributions\/883\" target=\"_blank\" style=\"background: #993333; border: 5px solid #993333; font-size: 12px; line-height: 1.0; text-align: center; text-decoration: none; display: block; border-radius: 3px; font-weight: bold;\" rel=\"noopener\"> <span class=\"button-link\" style=\"color: #ffffff;\">&nbsp;&nbsp;&nbsp; Lire l&rsquo;article&nbsp;&nbsp;&nbsp;&nbsp;<\/span><\/a><\/td>\n<\/tr>\n<\/tbody>\n<\/table>\n<p><!-- Button : END --><\/td>\n<\/tr>\n<\/tbody>\n<\/table>\n<\/div>\n<div style=\"margin-bottom: 15px;\">&nbsp;<\/div>\n<p><!-- THUMB LEFT 1 ---- END ---- \n-- THUMB LEFT 2 --- BEGIN --- --><\/p>\n<div style=\"display: inline-block; margin: 0 -2px; max-width: 240px; min-width: 160px; vertical-align: top; width: 100%;\">\n<table border=\"0\" style=\"width: 100%;\" cellspacing=\"0\" cellpadding=\"0\">\n<tbody>\n<tr>\n<td style=\"padding: 0 10px 10px 10px;\"><img decoding=\"async\" class=\" size-full wp-image-1057\" src=\"https:\/\/cpi-geneva.org\/fr\/wp-content\/uploads\/sites\/3\/2020\/03\/Libya_of_Tripoli.jpg\" alt=\"Libya of Tripoli\" width=\"1024\" height=\"768\" class=\"center-on-narrow\" style=\"width: 100%; max-width: 320px; height: auto; background: #dddddd none repeat scroll 0% 0%; font-family: sans-serif; font-size: 15px; line-height: 20px; color: #555555;\" srcset=\"https:\/\/cpi-geneva.org\/fr\/wp-content\/uploads\/sites\/3\/2020\/03\/Libya_of_Tripoli.jpg 1024w, https:\/\/cpi-geneva.org\/fr\/wp-content\/uploads\/sites\/3\/2020\/03\/Libya_of_Tripoli-768x576.jpg 768w, https:\/\/cpi-geneva.org\/fr\/wp-content\/uploads\/sites\/3\/2020\/03\/Libya_of_Tripoli-463x348.jpg 463w, https:\/\/cpi-geneva.org\/fr\/wp-content\/uploads\/sites\/3\/2020\/03\/Libya_of_Tripoli-640x480.jpg 640w, https:\/\/cpi-geneva.org\/fr\/wp-content\/uploads\/sites\/3\/2020\/03\/Libya_of_Tripoli-400x300.jpg 400w, https:\/\/cpi-geneva.org\/fr\/wp-content\/uploads\/sites\/3\/2020\/03\/Libya_of_Tripoli-367x275.jpg 367w\" sizes=\"(max-width: 1024px) 100vw, 1024px\" \/><\/td>\n<\/tr>\n<\/tbody>\n<\/table>\n<\/div>\n<div class=\"stack-column\" style=\"display: inline-block; max-width: 560px; min-width: 320px; vertical-align: top;\">\n<table border=\"0\" style=\"width: 100%;\" cellspacing=\"0\" cellpadding=\"0\">\n<tbody>\n<tr>\n<td>\n<h2>Libye: L&rsquo;impasse politique<\/h2>\n<h5>par <strong>Lo&iuml;c Sauvinet<\/strong><\/h5>\n<p><!-- Button : BEGIN --><\/p>\n<table border=\"0\" class=\"center-on-narrow\" style=\"float: left;\" cellspacing=\"0\" cellpadding=\"0\">\n<tbody>\n<tr>\n<td class=\"button-td\" style=\"border-radius: 3px; background: #993333; text-align: center;\"><a href=\"fr\/publications-fr\/contributions\/882\" target=\"_blank\" style=\"background: #993333; border: 5px solid #993333; font-size: 12px; line-height: 1.0; text-align: center; text-decoration: none; display: block; border-radius: 3px; font-weight: bold;\" rel=\"noopener\"> <span class=\"button-link\" style=\"color: #ffffff;\">&nbsp;&nbsp;&nbsp; Lire l&rsquo;article&nbsp;&nbsp;&nbsp;&nbsp;<\/span><\/a><\/td>\n<\/tr>\n<\/tbody>\n<\/table>\n<p><!-- Button : END --><\/td>\n<\/tr>\n<\/tbody>\n<\/table>\n<\/div>\n<div style=\"margin-bottom: 15px;\">&nbsp;<\/div>\n<p><!-- THUMB LEFT 2 ---- END  --><\/p>\n","protected":false},"excerpt":{"rendered":"<p>\u0627\u0644\u0646\u0633\u062e\u0629 \u0627\u0644\u0639\u0631\u0628\u064a\u0629 English Version &nbsp; Janvier &#8211; Mars 2020 Cher Lecteur, Ch&egrave;re Lectrice, Les yeux du monde sont actuellement riv&eacute;s sur les effets dramatiques du Covid-19, avec les interdictions de voyager et l&rsquo;&eacute;largissement des mesures de confinement affectant le commerce et les &eacute;conomies mondiales. Ceci intervient en m&ecirc;me temps que la chute rapide du prix [&hellip;]<\/p>\n","protected":false},"author":2,"featured_media":1054,"comment_status":"open","ping_status":"open","sticky":false,"template":"","format":"standard","meta":{"footnotes":""},"categories":[15],"tags":[],"class_list":["post-1059","post","type-post","status-publish","format-standard","has-post-thumbnail","hentry","category-newsletter"],"yoast_head":"<!-- This site is optimized with the Yoast SEO plugin v27.4 - https:\/\/yoast.com\/product\/yoast-seo-wordpress\/ -->\n<title>The Cordoba Update, Janvier - Mars 2020 - Cordoba Peace Institute | Fran\u00e7ais<\/title>\n<meta name=\"robots\" content=\"index, follow, max-snippet:-1, max-image-preview:large, max-video-preview:-1\" \/>\n<link rel=\"canonical\" href=\"https:\/\/cpi-geneva.org\/fr\/the-cordoba-update-janvier-mars-2020\/\" \/>\n<meta property=\"og:locale\" content=\"fr_FR\" \/>\n<meta property=\"og:type\" content=\"article\" \/>\n<meta property=\"og:title\" content=\"The Cordoba Update, Janvier - Mars 2020 - Cordoba Peace Institute | Fran\u00e7ais\" \/>\n<meta property=\"og:description\" content=\"\u0627\u0644\u0646\u0633\u062e\u0629 \u0627\u0644\u0639\u0631\u0628\u064a\u0629 English Version &nbsp; Janvier &#8211; Mars 2020 Cher Lecteur, Ch&egrave;re Lectrice, Les yeux du monde sont actuellement riv&eacute;s sur les effets dramatiques du Covid-19, avec les interdictions de voyager et l&rsquo;&eacute;largissement des mesures de confinement affectant le commerce et les &eacute;conomies mondiales. Ceci intervient en m&ecirc;me temps que la chute rapide du prix [&hellip;]\" \/>\n<meta property=\"og:url\" content=\"https:\/\/cpi-geneva.org\/fr\/the-cordoba-update-janvier-mars-2020\/\" \/>\n<meta property=\"og:site_name\" content=\"Cordoba Peace Institute | Fran\u00e7ais\" \/>\n<meta property=\"article:published_time\" content=\"2020-03-22T10:25:00+00:00\" \/>\n<meta property=\"og:image\" content=\"https:\/\/cpi-geneva.org\/fr\/wp-content\/uploads\/sites\/3\/2020\/03\/CPI_Doha-Feb20.jpg\" \/>\n\t<meta property=\"og:image:width\" content=\"1093\" \/>\n\t<meta property=\"og:image:height\" content=\"644\" \/>\n\t<meta property=\"og:image:type\" content=\"image\/jpeg\" \/>\n<meta name=\"author\" content=\"C\u00f2rdoba Geneva\" \/>\n<meta name=\"twitter:card\" content=\"summary_large_image\" \/>\n<meta name=\"twitter:label1\" content=\"\u00c9crit par\" \/>\n\t<meta name=\"twitter:data1\" content=\"C\u00f2rdoba Geneva\" \/>\n\t<meta name=\"twitter:label2\" content=\"Dur\u00e9e de lecture estim\u00e9e\" \/>\n\t<meta name=\"twitter:data2\" content=\"2 minutes\" \/>\n<script type=\"application\/ld+json\" class=\"yoast-schema-graph\">{\"@context\":\"https:\\\/\\\/schema.org\",\"@graph\":[{\"@type\":\"Article\",\"@id\":\"https:\\\/\\\/cpi-geneva.org\\\/fr\\\/the-cordoba-update-janvier-mars-2020\\\/#article\",\"isPartOf\":{\"@id\":\"https:\\\/\\\/cpi-geneva.org\\\/fr\\\/the-cordoba-update-janvier-mars-2020\\\/\"},\"author\":{\"name\":\"C\u00f2rdoba Geneva\",\"@id\":\"https:\\\/\\\/cpi-geneva.org\\\/fr\\\/#\\\/schema\\\/person\\\/1f02a815043284cc1f7aa799e32fb07b\"},\"headline\":\"The Cordoba Update, Janvier &#8211; Mars 2020\",\"datePublished\":\"2020-03-22T10:25:00+00:00\",\"mainEntityOfPage\":{\"@id\":\"https:\\\/\\\/cpi-geneva.org\\\/fr\\\/the-cordoba-update-janvier-mars-2020\\\/\"},\"wordCount\":505,\"commentCount\":0,\"publisher\":{\"@id\":\"https:\\\/\\\/cpi-geneva.org\\\/fr\\\/#organization\"},\"image\":{\"@id\":\"https:\\\/\\\/cpi-geneva.org\\\/fr\\\/the-cordoba-update-janvier-mars-2020\\\/#primaryimage\"},\"thumbnailUrl\":\"https:\\\/\\\/cpi-geneva.org\\\/fr\\\/wp-content\\\/uploads\\\/sites\\\/3\\\/2020\\\/03\\\/CPI_Doha-Feb20.jpg\",\"articleSection\":[\"Newsletter\"],\"inLanguage\":\"fr-FR\"},{\"@type\":\"WebPage\",\"@id\":\"https:\\\/\\\/cpi-geneva.org\\\/fr\\\/the-cordoba-update-janvier-mars-2020\\\/\",\"url\":\"https:\\\/\\\/cpi-geneva.org\\\/fr\\\/the-cordoba-update-janvier-mars-2020\\\/\",\"name\":\"The Cordoba Update, Janvier - Mars 2020 - Cordoba Peace Institute | Fran\u00e7ais\",\"isPartOf\":{\"@id\":\"https:\\\/\\\/cpi-geneva.org\\\/fr\\\/#website\"},\"primaryImageOfPage\":{\"@id\":\"https:\\\/\\\/cpi-geneva.org\\\/fr\\\/the-cordoba-update-janvier-mars-2020\\\/#primaryimage\"},\"image\":{\"@id\":\"https:\\\/\\\/cpi-geneva.org\\\/fr\\\/the-cordoba-update-janvier-mars-2020\\\/#primaryimage\"},\"thumbnailUrl\":\"https:\\\/\\\/cpi-geneva.org\\\/fr\\\/wp-content\\\/uploads\\\/sites\\\/3\\\/2020\\\/03\\\/CPI_Doha-Feb20.jpg\",\"datePublished\":\"2020-03-22T10:25:00+00:00\",\"breadcrumb\":{\"@id\":\"https:\\\/\\\/cpi-geneva.org\\\/fr\\\/the-cordoba-update-janvier-mars-2020\\\/#breadcrumb\"},\"inLanguage\":\"fr-FR\",\"potentialAction\":[{\"@type\":\"ReadAction\",\"target\":[\"https:\\\/\\\/cpi-geneva.org\\\/fr\\\/the-cordoba-update-janvier-mars-2020\\\/\"]}]},{\"@type\":\"ImageObject\",\"inLanguage\":\"fr-FR\",\"@id\":\"https:\\\/\\\/cpi-geneva.org\\\/fr\\\/the-cordoba-update-janvier-mars-2020\\\/#primaryimage\",\"url\":\"https:\\\/\\\/cpi-geneva.org\\\/fr\\\/wp-content\\\/uploads\\\/sites\\\/3\\\/2020\\\/03\\\/CPI_Doha-Feb20.jpg\",\"contentUrl\":\"https:\\\/\\\/cpi-geneva.org\\\/fr\\\/wp-content\\\/uploads\\\/sites\\\/3\\\/2020\\\/03\\\/CPI_Doha-Feb20.jpg\",\"width\":1093,\"height\":644},{\"@type\":\"BreadcrumbList\",\"@id\":\"https:\\\/\\\/cpi-geneva.org\\\/fr\\\/the-cordoba-update-janvier-mars-2020\\\/#breadcrumb\",\"itemListElement\":[{\"@type\":\"ListItem\",\"position\":1,\"name\":\"Home\",\"item\":\"https:\\\/\\\/cpi-geneva.org\\\/fr\\\/\"},{\"@type\":\"ListItem\",\"position\":2,\"name\":\"The Cordoba Update, Janvier &#8211; Mars 2020\"}]},{\"@type\":\"WebSite\",\"@id\":\"https:\\\/\\\/cpi-geneva.org\\\/fr\\\/#website\",\"url\":\"https:\\\/\\\/cpi-geneva.org\\\/fr\\\/\",\"name\":\"Cordoba Peace Institute - Gen\u00e8ve CPI\",\"description\":\"CPI Gen\u00e8ve | 20 ans aux service de la paix\",\"publisher\":{\"@id\":\"https:\\\/\\\/cpi-geneva.org\\\/fr\\\/#organization\"},\"potentialAction\":[{\"@type\":\"SearchAction\",\"target\":{\"@type\":\"EntryPoint\",\"urlTemplate\":\"https:\\\/\\\/cpi-geneva.org\\\/fr\\\/?s={search_term_string}\"},\"query-input\":{\"@type\":\"PropertyValueSpecification\",\"valueRequired\":true,\"valueName\":\"search_term_string\"}}],\"inLanguage\":\"fr-FR\"},{\"@type\":\"Organization\",\"@id\":\"https:\\\/\\\/cpi-geneva.org\\\/fr\\\/#organization\",\"name\":\"Cordoba Peace Institute - Gen\u00e8ve CPI\",\"url\":\"https:\\\/\\\/cpi-geneva.org\\\/fr\\\/\",\"logo\":{\"@type\":\"ImageObject\",\"inLanguage\":\"fr-FR\",\"@id\":\"https:\\\/\\\/cpi-geneva.org\\\/fr\\\/#\\\/schema\\\/logo\\\/image\\\/\",\"url\":\"https:\\\/\\\/cpi-geneva.org\\\/fr\\\/wp-content\\\/uploads\\\/sites\\\/3\\\/2025\\\/12\\\/CPI-Geneva.png\",\"contentUrl\":\"https:\\\/\\\/cpi-geneva.org\\\/fr\\\/wp-content\\\/uploads\\\/sites\\\/3\\\/2025\\\/12\\\/CPI-Geneva.png\",\"width\":740,\"height\":740,\"caption\":\"Cordoba Peace Institute - Gen\u00e8ve CPI\"},\"image\":{\"@id\":\"https:\\\/\\\/cpi-geneva.org\\\/fr\\\/#\\\/schema\\\/logo\\\/image\\\/\"}},{\"@type\":\"Person\",\"@id\":\"https:\\\/\\\/cpi-geneva.org\\\/fr\\\/#\\\/schema\\\/person\\\/1f02a815043284cc1f7aa799e32fb07b\",\"name\":\"C\u00f2rdoba Geneva\",\"image\":{\"@type\":\"ImageObject\",\"inLanguage\":\"fr-FR\",\"@id\":\"https:\\\/\\\/secure.gravatar.com\\\/avatar\\\/cf6a4ecb9e914acddd89e4c4cbc3c6fdccfd6614c26ec3023ce0173515d50eff?s=96&d=mm&r=g\",\"url\":\"https:\\\/\\\/secure.gravatar.com\\\/avatar\\\/cf6a4ecb9e914acddd89e4c4cbc3c6fdccfd6614c26ec3023ce0173515d50eff?s=96&d=mm&r=g\",\"contentUrl\":\"https:\\\/\\\/secure.gravatar.com\\\/avatar\\\/cf6a4ecb9e914acddd89e4c4cbc3c6fdccfd6614c26ec3023ce0173515d50eff?s=96&d=mm&r=g\",\"caption\":\"C\u00f2rdoba Geneva\"},\"url\":\"https:\\\/\\\/cpi-geneva.org\\\/fr\\\/author\\\/corwebmaster\\\/\"}]}<\/script>\n<!-- \/ Yoast SEO plugin. -->","yoast_head_json":{"title":"The Cordoba Update, Janvier - Mars 2020 - Cordoba Peace Institute | Fran\u00e7ais","robots":{"index":"index","follow":"follow","max-snippet":"max-snippet:-1","max-image-preview":"max-image-preview:large","max-video-preview":"max-video-preview:-1"},"canonical":"https:\/\/cpi-geneva.org\/fr\/the-cordoba-update-janvier-mars-2020\/","og_locale":"fr_FR","og_type":"article","og_title":"The Cordoba Update, Janvier - Mars 2020 - Cordoba Peace Institute | Fran\u00e7ais","og_description":"\u0627\u0644\u0646\u0633\u062e\u0629 \u0627\u0644\u0639\u0631\u0628\u064a\u0629 English Version &nbsp; Janvier &#8211; Mars 2020 Cher Lecteur, Ch&egrave;re Lectrice, Les yeux du monde sont actuellement riv&eacute;s sur les effets dramatiques du Covid-19, avec les interdictions de voyager et l&rsquo;&eacute;largissement des mesures de confinement affectant le commerce et les &eacute;conomies mondiales. Ceci intervient en m&ecirc;me temps que la chute rapide du prix [&hellip;]","og_url":"https:\/\/cpi-geneva.org\/fr\/the-cordoba-update-janvier-mars-2020\/","og_site_name":"Cordoba Peace Institute | Fran\u00e7ais","article_published_time":"2020-03-22T10:25:00+00:00","og_image":[{"width":1093,"height":644,"url":"https:\/\/cpi-geneva.org\/fr\/wp-content\/uploads\/sites\/3\/2020\/03\/CPI_Doha-Feb20.jpg","type":"image\/jpeg"}],"author":"C\u00f2rdoba Geneva","twitter_card":"summary_large_image","twitter_misc":{"\u00c9crit par":"C\u00f2rdoba Geneva","Dur\u00e9e de lecture estim\u00e9e":"2 minutes"},"schema":{"@context":"https:\/\/schema.org","@graph":[{"@type":"Article","@id":"https:\/\/cpi-geneva.org\/fr\/the-cordoba-update-janvier-mars-2020\/#article","isPartOf":{"@id":"https:\/\/cpi-geneva.org\/fr\/the-cordoba-update-janvier-mars-2020\/"},"author":{"name":"C\u00f2rdoba Geneva","@id":"https:\/\/cpi-geneva.org\/fr\/#\/schema\/person\/1f02a815043284cc1f7aa799e32fb07b"},"headline":"The Cordoba Update, Janvier &#8211; Mars 2020","datePublished":"2020-03-22T10:25:00+00:00","mainEntityOfPage":{"@id":"https:\/\/cpi-geneva.org\/fr\/the-cordoba-update-janvier-mars-2020\/"},"wordCount":505,"commentCount":0,"publisher":{"@id":"https:\/\/cpi-geneva.org\/fr\/#organization"},"image":{"@id":"https:\/\/cpi-geneva.org\/fr\/the-cordoba-update-janvier-mars-2020\/#primaryimage"},"thumbnailUrl":"https:\/\/cpi-geneva.org\/fr\/wp-content\/uploads\/sites\/3\/2020\/03\/CPI_Doha-Feb20.jpg","articleSection":["Newsletter"],"inLanguage":"fr-FR"},{"@type":"WebPage","@id":"https:\/\/cpi-geneva.org\/fr\/the-cordoba-update-janvier-mars-2020\/","url":"https:\/\/cpi-geneva.org\/fr\/the-cordoba-update-janvier-mars-2020\/","name":"The Cordoba Update, Janvier - Mars 2020 - Cordoba Peace Institute | Fran\u00e7ais","isPartOf":{"@id":"https:\/\/cpi-geneva.org\/fr\/#website"},"primaryImageOfPage":{"@id":"https:\/\/cpi-geneva.org\/fr\/the-cordoba-update-janvier-mars-2020\/#primaryimage"},"image":{"@id":"https:\/\/cpi-geneva.org\/fr\/the-cordoba-update-janvier-mars-2020\/#primaryimage"},"thumbnailUrl":"https:\/\/cpi-geneva.org\/fr\/wp-content\/uploads\/sites\/3\/2020\/03\/CPI_Doha-Feb20.jpg","datePublished":"2020-03-22T10:25:00+00:00","breadcrumb":{"@id":"https:\/\/cpi-geneva.org\/fr\/the-cordoba-update-janvier-mars-2020\/#breadcrumb"},"inLanguage":"fr-FR","potentialAction":[{"@type":"ReadAction","target":["https:\/\/cpi-geneva.org\/fr\/the-cordoba-update-janvier-mars-2020\/"]}]},{"@type":"ImageObject","inLanguage":"fr-FR","@id":"https:\/\/cpi-geneva.org\/fr\/the-cordoba-update-janvier-mars-2020\/#primaryimage","url":"https:\/\/cpi-geneva.org\/fr\/wp-content\/uploads\/sites\/3\/2020\/03\/CPI_Doha-Feb20.jpg","contentUrl":"https:\/\/cpi-geneva.org\/fr\/wp-content\/uploads\/sites\/3\/2020\/03\/CPI_Doha-Feb20.jpg","width":1093,"height":644},{"@type":"BreadcrumbList","@id":"https:\/\/cpi-geneva.org\/fr\/the-cordoba-update-janvier-mars-2020\/#breadcrumb","itemListElement":[{"@type":"ListItem","position":1,"name":"Home","item":"https:\/\/cpi-geneva.org\/fr\/"},{"@type":"ListItem","position":2,"name":"The Cordoba Update, Janvier &#8211; Mars 2020"}]},{"@type":"WebSite","@id":"https:\/\/cpi-geneva.org\/fr\/#website","url":"https:\/\/cpi-geneva.org\/fr\/","name":"Cordoba Peace Institute - Gen\u00e8ve CPI","description":"CPI Gen\u00e8ve | 20 ans aux service de la paix","publisher":{"@id":"https:\/\/cpi-geneva.org\/fr\/#organization"},"potentialAction":[{"@type":"SearchAction","target":{"@type":"EntryPoint","urlTemplate":"https:\/\/cpi-geneva.org\/fr\/?s={search_term_string}"},"query-input":{"@type":"PropertyValueSpecification","valueRequired":true,"valueName":"search_term_string"}}],"inLanguage":"fr-FR"},{"@type":"Organization","@id":"https:\/\/cpi-geneva.org\/fr\/#organization","name":"Cordoba Peace Institute - Gen\u00e8ve CPI","url":"https:\/\/cpi-geneva.org\/fr\/","logo":{"@type":"ImageObject","inLanguage":"fr-FR","@id":"https:\/\/cpi-geneva.org\/fr\/#\/schema\/logo\/image\/","url":"https:\/\/cpi-geneva.org\/fr\/wp-content\/uploads\/sites\/3\/2025\/12\/CPI-Geneva.png","contentUrl":"https:\/\/cpi-geneva.org\/fr\/wp-content\/uploads\/sites\/3\/2025\/12\/CPI-Geneva.png","width":740,"height":740,"caption":"Cordoba Peace Institute - Gen\u00e8ve CPI"},"image":{"@id":"https:\/\/cpi-geneva.org\/fr\/#\/schema\/logo\/image\/"}},{"@type":"Person","@id":"https:\/\/cpi-geneva.org\/fr\/#\/schema\/person\/1f02a815043284cc1f7aa799e32fb07b","name":"C\u00f2rdoba Geneva","image":{"@type":"ImageObject","inLanguage":"fr-FR","@id":"https:\/\/secure.gravatar.com\/avatar\/cf6a4ecb9e914acddd89e4c4cbc3c6fdccfd6614c26ec3023ce0173515d50eff?s=96&d=mm&r=g","url":"https:\/\/secure.gravatar.com\/avatar\/cf6a4ecb9e914acddd89e4c4cbc3c6fdccfd6614c26ec3023ce0173515d50eff?s=96&d=mm&r=g","contentUrl":"https:\/\/secure.gravatar.com\/avatar\/cf6a4ecb9e914acddd89e4c4cbc3c6fdccfd6614c26ec3023ce0173515d50eff?s=96&d=mm&r=g","caption":"C\u00f2rdoba Geneva"},"url":"https:\/\/cpi-geneva.org\/fr\/author\/corwebmaster\/"}]}},"featured_image_src":{"landsacpe":["https:\/\/cpi-geneva.org\/fr\/wp-content\/uploads\/sites\/3\/2020\/03\/CPI_Doha-Feb20-1093x445.jpg",1093,445,true],"list":["https:\/\/cpi-geneva.org\/fr\/wp-content\/uploads\/sites\/3\/2020\/03\/CPI_Doha-Feb20-463x348.jpg",463,348,true],"medium":["https:\/\/cpi-geneva.org\/fr\/wp-content\/uploads\/sites\/3\/2020\/03\/CPI_Doha-Feb20-300x177.jpg",300,177,true],"full":["https:\/\/cpi-geneva.org\/fr\/wp-content\/uploads\/sites\/3\/2020\/03\/CPI_Doha-Feb20.jpg",1093,644,false]},"_links":{"self":[{"href":"https:\/\/cpi-geneva.org\/fr\/wp-json\/wp\/v2\/posts\/1059","targetHints":{"allow":["GET"]}}],"collection":[{"href":"https:\/\/cpi-geneva.org\/fr\/wp-json\/wp\/v2\/posts"}],"about":[{"href":"https:\/\/cpi-geneva.org\/fr\/wp-json\/wp\/v2\/types\/post"}],"author":[{"embeddable":true,"href":"https:\/\/cpi-geneva.org\/fr\/wp-json\/wp\/v2\/users\/2"}],"replies":[{"embeddable":true,"href":"https:\/\/cpi-geneva.org\/fr\/wp-json\/wp\/v2\/comments?post=1059"}],"version-history":[{"count":0,"href":"https:\/\/cpi-geneva.org\/fr\/wp-json\/wp\/v2\/posts\/1059\/revisions"}],"wp:featuredmedia":[{"embeddable":true,"href":"https:\/\/cpi-geneva.org\/fr\/wp-json\/wp\/v2\/media\/1054"}],"wp:attachment":[{"href":"https:\/\/cpi-geneva.org\/fr\/wp-json\/wp\/v2\/media?parent=1059"}],"wp:term":[{"taxonomy":"category","embeddable":true,"href":"https:\/\/cpi-geneva.org\/fr\/wp-json\/wp\/v2\/categories?post=1059"},{"taxonomy":"post_tag","embeddable":true,"href":"https:\/\/cpi-geneva.org\/fr\/wp-json\/wp\/v2\/tags?post=1059"}],"curies":[{"name":"wp","href":"https:\/\/api.w.org\/{rel}","templated":true}]}}