{"id":1050,"date":"2019-12-20T17:35:49","date_gmt":"2019-12-20T17:35:49","guid":{"rendered":"https:\/\/cpi-geneva.org\/fr\/2019\/12\/20\/le-liban-et-l-irak-a-la-suite-des-manifestations-populaires-la-solution-passe-par-la-citoyennete-et-la-lutte-contre-la-corruption\/"},"modified":"2019-12-20T17:35:49","modified_gmt":"2019-12-20T17:35:49","slug":"le-liban-et-l-irak-a-la-suite-des-manifestations-populaires-la-solution-passe-par-la-citoyennete-et-la-lutte-contre-la-corruption","status":"publish","type":"post","link":"https:\/\/cpi-geneva.org\/fr\/le-liban-et-l-irak-a-la-suite-des-manifestations-populaires-la-solution-passe-par-la-citoyennete-et-la-lutte-contre-la-corruption\/","title":{"rendered":"Le Liban et l&rsquo;Irak \u00e0 la suite des manifestations populaires : la solution passe par la citoyennet\u00e9 et la lutte contre la corruption"},"content":{"rendered":"<p>par <strong>Qassim Qassir<\/strong><\/p>\n<p>Les manifestations populaires qui se sont d&eacute;roul&eacute;es en Irak et au Liban au cours des deux derniers mois, r&eacute;v&egrave;lent que nous sommes face &agrave; une nouvelle donne politique dans ces deux pays qui souffrent de divisions sectaires, r&eacute;gionalistes et partisanes aig&uuml;es. Pour la premi&egrave;re fois depuis la chute du r&eacute;gime de Saddam Hussein, apr&egrave;s l&rsquo;occupation am&eacute;ricaine en Irak, ce pays a &eacute;t&eacute; la sc&egrave;ne de manifestations populaires qui transcendent les divisions sectaires. Les forces politiques et partisanes n&rsquo;&eacute;taient pas les acteurs de ces mouvements. Malgr&eacute; les tentatives de certains courants politiques de les exploiter pour des r&egrave;glements de compte politiques internes, le principal th&egrave;me de ces mouvements populaires &eacute;tait d&rsquo;ordre social et &eacute;conomique, et les revendications de la jeunesse pour traiter le fl&eacute;au du ch&ocirc;mage, cr&eacute;er de l&#8217;emploi et am&eacute;liorer les conditions de vie. Certes, certains ont tent&eacute; de donner &agrave; ces manifestations une dimension politique et de sugg&eacute;rer qu&rsquo;elles s&rsquo;adressaient &agrave; des partis internes ou r&eacute;gionaux et qu&rsquo;elles faisaient partie de la lutte pour l&rsquo;avenir de l&rsquo;Irak et de son r&ocirc;le dans la r&eacute;gion, mais cela n&rsquo;emp&ecirc;che pas que la motivation principale de la plupart de ces mouvements &eacute;tait une pr&eacute;occupation socio-&eacute;conomique. Les r&eacute;seaux sociaux et les organisations de la soci&eacute;t&eacute; civile ont jou&eacute; un r&ocirc;le cl&eacute; dans la mobilisation de la rue, bien que certains partis politiques irakiens et certaines parties externes aient tent&eacute; d&rsquo;investir dans ces mouvements et de les utiliser dans la lutte pour le pouvoir ou dans le cadre de conflits r&eacute;gionaux et internationaux sur l&rsquo;avenir de l&rsquo;Irak.<\/p>\n<p>Au Liban, la situation est plus claire et plus dynamique : pour la premi&egrave;re fois depuis de nombreuses ann&eacute;es, le peuple libanais est descendu dans les rues et sur les places publiques pour protester contre les performances du gouvernement, du parlement et de toutes les autorit&eacute;s politiques et pouvoirs financiers sans la pr&eacute;sence de forces politiques ou partisane, ou d&rsquo;ONGs, derri&egrave;re ce mouvement populaire. La premi&egrave;re &eacute;tincelle qui a d&eacute;clench&eacute; les manifestations a &eacute;t&eacute; l&rsquo;introduction d&rsquo;une taxe sur l&rsquo;utilisation de l&rsquo;application WhatsApp, ce qui a conduit certains observateurs &agrave; appeler ce qui s&rsquo;est pass&eacute; la &laquo; R&eacute;volution WhatsApp &raquo;. Malgr&eacute; le recul du gouvernement sur la mise en &oelig;uvre de cette nouvelle taxe et l&rsquo;annonce d&rsquo;un plan de r&eacute;forme global, le mouvement et les manifestations se sont multipli&eacute;s sur tout le territoire Libanais. Certains partis politiques libanais et certaines puissances &eacute;trang&egrave;res, notamment les &Eacute;tats-Unis, sont entr&eacute;s tardivement sur la sc&egrave;ne et ont tent&eacute; d&rsquo;investir dans ces mouvements et d&rsquo;en tirer profit dans des conflits internes et externes.<\/p>\n<p>Il &eacute;tait clair que le mouvement populaire au Liban &eacute;tait au d&eacute;part sans leadership et s&rsquo;est produite de fa&ccedil;on spontan&eacute;e, les appels &agrave; manifester ayant &eacute;t&eacute; lanc&eacute;s dans les r&eacute;seaux sociaux. Les critiques ont &eacute;t&eacute; dirig&eacute;es contre toutes les forces politiques et partisanes sans exception. Ce qui est remarquable, c&rsquo;&eacute;tait la pr&eacute;sence de ce grand mouvement populaire dans les r&eacute;gions du Nord, du Sud et de la Bekaa, qui &eacute;taient historiquement associ&eacute;es sur certains courants partisans ou sectaires. Plus tard, cependant, des ONGs, les Universit&eacute;s am&eacute;ricaine et j&eacute;suite, et certaines forces partisanes et de gauche s&rsquo;impliqu&egrave;rent activement dans ces mouvements et form&egrave;rent des cadres de coordination et de coop&eacute;ration entre eux pour organiser et diriger le mouvement populaire, visant &agrave; atteindre des objectifs politiques.<\/p>\n<p>Pour la premi&egrave;re fois, le drapeau libanais et les slogans libanais unifi&eacute;s ont domin&eacute; toutes les banni&egrave;res des partis et tous les slogans sectaires. Malgr&eacute; le fait que certaines parties ont tent&eacute; de r&eacute;primer le mouvement ou d&rsquo;y interf&eacute;rer, la population a r&eacute;ussi &agrave; continuer et &agrave; faire face &agrave; toutes les formes de r&eacute;pression. Comme en Irak, la voix du peuple a &eacute;t&eacute; plus forte que toutes les divisions sectaires et r&eacute;gionalistes, et elle a oblig&eacute; les gouvernements des deux pays &agrave; prendre des mesures rapides pour faire face &agrave; la crise et &agrave; faire certaines concessions &agrave; la population. Mais la crise dans les deux pays semble &ecirc;tre plus profonde que cela, ce qui pourrait imposer des changements radicaux dans les fondements m&ecirc;mes du syst&egrave;me politique des deux pays.<\/p>\n<p>Quelle est la le&ccedil;on la plus importante &agrave; tirer de ce qui s&rsquo;est pass&eacute; dans les deux pays au cours des deux derniers mois ? Nous pouvons dire que nous sommes confront&eacute;s &agrave; une nouvelle donne politique et populaire et que les peuples sont en mesure de surmonter leurs divisions sectaires et partisanes, m&ecirc;me si le Liban et l&rsquo;Irak font partie des pays les plus divers de la r&eacute;gion et souffrent le plus des divisions sectaires et partisanes. Nous sommes donc confront&eacute;s &agrave; une nouvelle donne et &agrave; une nouvelle r&eacute;alit&eacute; politique. Gr&acirc;ce &agrave; cette interaction et cette coop&eacute;ration entre les peuples et les r&eacute;seaux sociaux et autres nouveaux m&eacute;dias, en plus du r&ocirc;le des m&eacute;dias traditionnels, en particulier les cha&icirc;nes de t&eacute;l&eacute;vision, il n&rsquo;est plus possible d&rsquo;ignorer la voix de la population et de l&rsquo;opprimer. La seule option pour r&eacute;soudre de telles crises est d&rsquo;&eacute;couter la voix du peuple et d&rsquo;entreprendre des solutions globales aux probl&egrave;mes. L&rsquo;option la plus effective est de revenir &agrave; l&rsquo;Etat bas&eacute; sur la citoyennet&eacute;, un Etat civil et juste. C&rsquo;est le moyen le plus rapide de faire face aux crises dans tout notre monde arabe et musulman. L&rsquo;exp&eacute;rience de la Tunisie apporte preuve apr&egrave;s preuve que le choix d&rsquo;une d&eacute;mocratie v&eacute;ritable et d&rsquo;un Eat civil est le meilleur moyen de changement.<\/p>\n<p>Les ONGs qui transcendent les divisions sectaires, actives dans la promotion de la citoyennet&eacute; et du dialogue, peuvent jouer un r&ocirc;le important dans l&rsquo;encadrement de ces mouvements populaires pour le meilleur, en ouvrant la voie &agrave; la promotion d&rsquo;une culture de la citoyennet&eacute;, de la lutte contre la corruption, du dialogue, de la diversit&eacute; et du respect des lois. Dans ce contexte, il convient de souligner l&rsquo;importance des initiatives lanc&eacute;es ces deux derni&egrave;res ann&eacute;es dans les deux pays afin de promouvoir le dialogue, l&rsquo;entre-connaissance, de surmonter les divisions sectaires et d&rsquo;int&eacute;resser les citoyens dans la chose publique. Mais il faut souligner une question fondamentale : les accusations port&eacute;es contre certaines ONGs pour leur d&eacute;pendance de l&rsquo;&eacute;tranger. Il est donc essentiel de faire la distinction entre, d&rsquo;une part, les organisations qui tirent profit des exp&eacute;riences mondiales et coop&egrave;rent de mani&egrave;re transparente et ouverte avec le dialogue international et les institutions d&eacute;mocratiques ; c&rsquo;est une tendance naturelle et n&eacute;cessaire entre les Etats, les peuples et les soci&eacute;t&eacute;s et, d&rsquo;autre part, les organisations qui s&rsquo;emploient &agrave; mettre en &oelig;uvre des agendas politiques &eacute;trangers dans les conflits internes, r&eacute;gionaux et internationaux.<\/p>\n<p>Enfin, il convient de souligner qu&rsquo;&agrave; l&rsquo;&egrave;re des r&eacute;seaux sociaux, de la r&eacute;volution num&eacute;rique et des grands bouleversements technologiques en cours dans le monde, il n&rsquo;est plus possible d&rsquo;opprimer les peuples et qu&rsquo;il est imp&eacute;ratif d&rsquo;&oelig;uvrer &agrave; l&rsquo;&eacute;tablissement d&rsquo;un Etat bas&eacute; sur la citoyennet&eacute;, &agrave; la lutte contre les divisions sectaires, au renforcement de la culture de la citoyennet&eacute; et du dialogue, de la reconnaissance de l&rsquo;autre, du rejet de l&rsquo;injustice et de la tyrannie, et de promouvoir l&rsquo;alternance au pouvoir, la comptabilit&eacute; politique et la force du droit. C&rsquo;est le seul moyen d&rsquo;extirper les gens de leurs probl&egrave;mes sociaux, &eacute;conomiques et politiques.<\/p>\n","protected":false},"excerpt":{"rendered":"<p>par Qassim Qassir Les manifestations populaires qui se sont d&eacute;roul&eacute;es en Irak et au Liban au cours des deux derniers mois, r&eacute;v&egrave;lent que nous sommes face &agrave; une nouvelle donne politique dans ces deux pays qui souffrent de divisions sectaires, r&eacute;gionalistes et partisanes aig&uuml;es. Pour la premi&egrave;re fois depuis la chute du r&eacute;gime de Saddam [&hellip;]<\/p>\n","protected":false},"author":2,"featured_media":1044,"comment_status":"open","ping_status":"open","sticky":false,"template":"","format":"standard","meta":{"footnotes":""},"categories":[4],"tags":[],"class_list":["post-1050","post","type-post","status-publish","format-standard","has-post-thumbnail","hentry","category-contributions"],"yoast_head":"<!-- This site is optimized with the Yoast SEO plugin v27.4 - https:\/\/yoast.com\/product\/yoast-seo-wordpress\/ -->\n<title>Le Liban et l&#039;Irak \u00e0 la suite des manifestations populaires : la solution passe par la citoyennet\u00e9 et la lutte contre la corruption - Cordoba Peace Institute | Fran\u00e7ais<\/title>\n<meta name=\"robots\" content=\"index, follow, max-snippet:-1, max-image-preview:large, max-video-preview:-1\" \/>\n<link rel=\"canonical\" href=\"https:\/\/cpi-geneva.org\/fr\/le-liban-et-l-irak-a-la-suite-des-manifestations-populaires-la-solution-passe-par-la-citoyennete-et-la-lutte-contre-la-corruption\/\" \/>\n<meta property=\"og:locale\" content=\"fr_FR\" \/>\n<meta property=\"og:type\" content=\"article\" \/>\n<meta property=\"og:title\" content=\"Le Liban et l&#039;Irak \u00e0 la suite des manifestations populaires : la solution passe par la citoyennet\u00e9 et la lutte contre la corruption - Cordoba Peace Institute | Fran\u00e7ais\" \/>\n<meta property=\"og:description\" content=\"par Qassim Qassir Les manifestations populaires qui se sont d&eacute;roul&eacute;es en Irak et au Liban au cours des deux derniers mois, r&eacute;v&egrave;lent que nous sommes face &agrave; une nouvelle donne politique dans ces deux pays qui souffrent de divisions sectaires, r&eacute;gionalistes et partisanes aig&uuml;es. Pour la premi&egrave;re fois depuis la chute du r&eacute;gime de Saddam [&hellip;]\" \/>\n<meta property=\"og:url\" content=\"https:\/\/cpi-geneva.org\/fr\/le-liban-et-l-irak-a-la-suite-des-manifestations-populaires-la-solution-passe-par-la-citoyennete-et-la-lutte-contre-la-corruption\/\" \/>\n<meta property=\"og:site_name\" content=\"Cordoba Peace Institute | Fran\u00e7ais\" \/>\n<meta property=\"article:published_time\" content=\"2019-12-20T17:35:49+00:00\" \/>\n<meta property=\"og:image\" content=\"https:\/\/cpi-geneva.org\/fr\/wp-content\/uploads\/sites\/3\/2019\/12\/Irak-Lebanon_sectarism.jpg\" \/>\n\t<meta property=\"og:image:width\" content=\"1280\" \/>\n\t<meta property=\"og:image:height\" content=\"720\" \/>\n\t<meta property=\"og:image:type\" content=\"image\/jpeg\" \/>\n<meta name=\"author\" content=\"C\u00f2rdoba Geneva\" \/>\n<meta name=\"twitter:card\" content=\"summary_large_image\" \/>\n<meta name=\"twitter:label1\" content=\"\u00c9crit par\" \/>\n\t<meta name=\"twitter:data1\" content=\"C\u00f2rdoba Geneva\" \/>\n\t<meta name=\"twitter:label2\" content=\"Dur\u00e9e de lecture estim\u00e9e\" \/>\n\t<meta name=\"twitter:data2\" content=\"8 minutes\" \/>\n<script type=\"application\/ld+json\" class=\"yoast-schema-graph\">{\"@context\":\"https:\\\/\\\/schema.org\",\"@graph\":[{\"@type\":\"Article\",\"@id\":\"https:\\\/\\\/cpi-geneva.org\\\/fr\\\/le-liban-et-l-irak-a-la-suite-des-manifestations-populaires-la-solution-passe-par-la-citoyennete-et-la-lutte-contre-la-corruption\\\/#article\",\"isPartOf\":{\"@id\":\"https:\\\/\\\/cpi-geneva.org\\\/fr\\\/le-liban-et-l-irak-a-la-suite-des-manifestations-populaires-la-solution-passe-par-la-citoyennete-et-la-lutte-contre-la-corruption\\\/\"},\"author\":{\"name\":\"C\u00f2rdoba Geneva\",\"@id\":\"https:\\\/\\\/cpi-geneva.org\\\/fr\\\/#\\\/schema\\\/person\\\/1f02a815043284cc1f7aa799e32fb07b\"},\"headline\":\"Le Liban et l&rsquo;Irak \u00e0 la suite des manifestations populaires : la solution passe par la citoyennet\u00e9 et la lutte contre la corruption\",\"datePublished\":\"2019-12-20T17:35:49+00:00\",\"mainEntityOfPage\":{\"@id\":\"https:\\\/\\\/cpi-geneva.org\\\/fr\\\/le-liban-et-l-irak-a-la-suite-des-manifestations-populaires-la-solution-passe-par-la-citoyennete-et-la-lutte-contre-la-corruption\\\/\"},\"wordCount\":1578,\"commentCount\":0,\"publisher\":{\"@id\":\"https:\\\/\\\/cpi-geneva.org\\\/fr\\\/#organization\"},\"image\":{\"@id\":\"https:\\\/\\\/cpi-geneva.org\\\/fr\\\/le-liban-et-l-irak-a-la-suite-des-manifestations-populaires-la-solution-passe-par-la-citoyennete-et-la-lutte-contre-la-corruption\\\/#primaryimage\"},\"thumbnailUrl\":\"https:\\\/\\\/cpi-geneva.org\\\/fr\\\/wp-content\\\/uploads\\\/sites\\\/3\\\/2019\\\/12\\\/Irak-Lebanon_sectarism.jpg\",\"articleSection\":[\"Contributions\"],\"inLanguage\":\"fr-FR\"},{\"@type\":\"WebPage\",\"@id\":\"https:\\\/\\\/cpi-geneva.org\\\/fr\\\/le-liban-et-l-irak-a-la-suite-des-manifestations-populaires-la-solution-passe-par-la-citoyennete-et-la-lutte-contre-la-corruption\\\/\",\"url\":\"https:\\\/\\\/cpi-geneva.org\\\/fr\\\/le-liban-et-l-irak-a-la-suite-des-manifestations-populaires-la-solution-passe-par-la-citoyennete-et-la-lutte-contre-la-corruption\\\/\",\"name\":\"Le Liban et l'Irak \u00e0 la suite des manifestations populaires : la solution passe par la citoyennet\u00e9 et la lutte contre la corruption - Cordoba Peace Institute | Fran\u00e7ais\",\"isPartOf\":{\"@id\":\"https:\\\/\\\/cpi-geneva.org\\\/fr\\\/#website\"},\"primaryImageOfPage\":{\"@id\":\"https:\\\/\\\/cpi-geneva.org\\\/fr\\\/le-liban-et-l-irak-a-la-suite-des-manifestations-populaires-la-solution-passe-par-la-citoyennete-et-la-lutte-contre-la-corruption\\\/#primaryimage\"},\"image\":{\"@id\":\"https:\\\/\\\/cpi-geneva.org\\\/fr\\\/le-liban-et-l-irak-a-la-suite-des-manifestations-populaires-la-solution-passe-par-la-citoyennete-et-la-lutte-contre-la-corruption\\\/#primaryimage\"},\"thumbnailUrl\":\"https:\\\/\\\/cpi-geneva.org\\\/fr\\\/wp-content\\\/uploads\\\/sites\\\/3\\\/2019\\\/12\\\/Irak-Lebanon_sectarism.jpg\",\"datePublished\":\"2019-12-20T17:35:49+00:00\",\"breadcrumb\":{\"@id\":\"https:\\\/\\\/cpi-geneva.org\\\/fr\\\/le-liban-et-l-irak-a-la-suite-des-manifestations-populaires-la-solution-passe-par-la-citoyennete-et-la-lutte-contre-la-corruption\\\/#breadcrumb\"},\"inLanguage\":\"fr-FR\",\"potentialAction\":[{\"@type\":\"ReadAction\",\"target\":[\"https:\\\/\\\/cpi-geneva.org\\\/fr\\\/le-liban-et-l-irak-a-la-suite-des-manifestations-populaires-la-solution-passe-par-la-citoyennete-et-la-lutte-contre-la-corruption\\\/\"]}]},{\"@type\":\"ImageObject\",\"inLanguage\":\"fr-FR\",\"@id\":\"https:\\\/\\\/cpi-geneva.org\\\/fr\\\/le-liban-et-l-irak-a-la-suite-des-manifestations-populaires-la-solution-passe-par-la-citoyennete-et-la-lutte-contre-la-corruption\\\/#primaryimage\",\"url\":\"https:\\\/\\\/cpi-geneva.org\\\/fr\\\/wp-content\\\/uploads\\\/sites\\\/3\\\/2019\\\/12\\\/Irak-Lebanon_sectarism.jpg\",\"contentUrl\":\"https:\\\/\\\/cpi-geneva.org\\\/fr\\\/wp-content\\\/uploads\\\/sites\\\/3\\\/2019\\\/12\\\/Irak-Lebanon_sectarism.jpg\",\"width\":1280,\"height\":720,\"caption\":\"\u00a9 Reuters\"},{\"@type\":\"BreadcrumbList\",\"@id\":\"https:\\\/\\\/cpi-geneva.org\\\/fr\\\/le-liban-et-l-irak-a-la-suite-des-manifestations-populaires-la-solution-passe-par-la-citoyennete-et-la-lutte-contre-la-corruption\\\/#breadcrumb\",\"itemListElement\":[{\"@type\":\"ListItem\",\"position\":1,\"name\":\"Home\",\"item\":\"https:\\\/\\\/cpi-geneva.org\\\/fr\\\/\"},{\"@type\":\"ListItem\",\"position\":2,\"name\":\"Le Liban et l&rsquo;Irak \u00e0 la suite des manifestations populaires : la solution passe par la citoyennet\u00e9 et la lutte contre la corruption\"}]},{\"@type\":\"WebSite\",\"@id\":\"https:\\\/\\\/cpi-geneva.org\\\/fr\\\/#website\",\"url\":\"https:\\\/\\\/cpi-geneva.org\\\/fr\\\/\",\"name\":\"Cordoba Peace Institute - Gen\u00e8ve CPI\",\"description\":\"CPI Gen\u00e8ve | 20 ans aux service de la paix\",\"publisher\":{\"@id\":\"https:\\\/\\\/cpi-geneva.org\\\/fr\\\/#organization\"},\"potentialAction\":[{\"@type\":\"SearchAction\",\"target\":{\"@type\":\"EntryPoint\",\"urlTemplate\":\"https:\\\/\\\/cpi-geneva.org\\\/fr\\\/?s={search_term_string}\"},\"query-input\":{\"@type\":\"PropertyValueSpecification\",\"valueRequired\":true,\"valueName\":\"search_term_string\"}}],\"inLanguage\":\"fr-FR\"},{\"@type\":\"Organization\",\"@id\":\"https:\\\/\\\/cpi-geneva.org\\\/fr\\\/#organization\",\"name\":\"Cordoba Peace Institute - Gen\u00e8ve CPI\",\"url\":\"https:\\\/\\\/cpi-geneva.org\\\/fr\\\/\",\"logo\":{\"@type\":\"ImageObject\",\"inLanguage\":\"fr-FR\",\"@id\":\"https:\\\/\\\/cpi-geneva.org\\\/fr\\\/#\\\/schema\\\/logo\\\/image\\\/\",\"url\":\"https:\\\/\\\/cpi-geneva.org\\\/fr\\\/wp-content\\\/uploads\\\/sites\\\/3\\\/2025\\\/12\\\/CPI-Geneva.png\",\"contentUrl\":\"https:\\\/\\\/cpi-geneva.org\\\/fr\\\/wp-content\\\/uploads\\\/sites\\\/3\\\/2025\\\/12\\\/CPI-Geneva.png\",\"width\":740,\"height\":740,\"caption\":\"Cordoba Peace Institute - Gen\u00e8ve CPI\"},\"image\":{\"@id\":\"https:\\\/\\\/cpi-geneva.org\\\/fr\\\/#\\\/schema\\\/logo\\\/image\\\/\"}},{\"@type\":\"Person\",\"@id\":\"https:\\\/\\\/cpi-geneva.org\\\/fr\\\/#\\\/schema\\\/person\\\/1f02a815043284cc1f7aa799e32fb07b\",\"name\":\"C\u00f2rdoba Geneva\",\"image\":{\"@type\":\"ImageObject\",\"inLanguage\":\"fr-FR\",\"@id\":\"https:\\\/\\\/secure.gravatar.com\\\/avatar\\\/cf6a4ecb9e914acddd89e4c4cbc3c6fdccfd6614c26ec3023ce0173515d50eff?s=96&d=mm&r=g\",\"url\":\"https:\\\/\\\/secure.gravatar.com\\\/avatar\\\/cf6a4ecb9e914acddd89e4c4cbc3c6fdccfd6614c26ec3023ce0173515d50eff?s=96&d=mm&r=g\",\"contentUrl\":\"https:\\\/\\\/secure.gravatar.com\\\/avatar\\\/cf6a4ecb9e914acddd89e4c4cbc3c6fdccfd6614c26ec3023ce0173515d50eff?s=96&d=mm&r=g\",\"caption\":\"C\u00f2rdoba Geneva\"},\"url\":\"https:\\\/\\\/cpi-geneva.org\\\/fr\\\/author\\\/corwebmaster\\\/\"}]}<\/script>\n<!-- \/ Yoast SEO plugin. -->","yoast_head_json":{"title":"Le Liban et l'Irak \u00e0 la suite des manifestations populaires : la solution passe par la citoyennet\u00e9 et la lutte contre la corruption - Cordoba Peace Institute | Fran\u00e7ais","robots":{"index":"index","follow":"follow","max-snippet":"max-snippet:-1","max-image-preview":"max-image-preview:large","max-video-preview":"max-video-preview:-1"},"canonical":"https:\/\/cpi-geneva.org\/fr\/le-liban-et-l-irak-a-la-suite-des-manifestations-populaires-la-solution-passe-par-la-citoyennete-et-la-lutte-contre-la-corruption\/","og_locale":"fr_FR","og_type":"article","og_title":"Le Liban et l'Irak \u00e0 la suite des manifestations populaires : la solution passe par la citoyennet\u00e9 et la lutte contre la corruption - Cordoba Peace Institute | Fran\u00e7ais","og_description":"par Qassim Qassir Les manifestations populaires qui se sont d&eacute;roul&eacute;es en Irak et au Liban au cours des deux derniers mois, r&eacute;v&egrave;lent que nous sommes face &agrave; une nouvelle donne politique dans ces deux pays qui souffrent de divisions sectaires, r&eacute;gionalistes et partisanes aig&uuml;es. Pour la premi&egrave;re fois depuis la chute du r&eacute;gime de Saddam [&hellip;]","og_url":"https:\/\/cpi-geneva.org\/fr\/le-liban-et-l-irak-a-la-suite-des-manifestations-populaires-la-solution-passe-par-la-citoyennete-et-la-lutte-contre-la-corruption\/","og_site_name":"Cordoba Peace Institute | Fran\u00e7ais","article_published_time":"2019-12-20T17:35:49+00:00","og_image":[{"width":1280,"height":720,"url":"https:\/\/cpi-geneva.org\/fr\/wp-content\/uploads\/sites\/3\/2019\/12\/Irak-Lebanon_sectarism.jpg","type":"image\/jpeg"}],"author":"C\u00f2rdoba Geneva","twitter_card":"summary_large_image","twitter_misc":{"\u00c9crit par":"C\u00f2rdoba Geneva","Dur\u00e9e de lecture estim\u00e9e":"8 minutes"},"schema":{"@context":"https:\/\/schema.org","@graph":[{"@type":"Article","@id":"https:\/\/cpi-geneva.org\/fr\/le-liban-et-l-irak-a-la-suite-des-manifestations-populaires-la-solution-passe-par-la-citoyennete-et-la-lutte-contre-la-corruption\/#article","isPartOf":{"@id":"https:\/\/cpi-geneva.org\/fr\/le-liban-et-l-irak-a-la-suite-des-manifestations-populaires-la-solution-passe-par-la-citoyennete-et-la-lutte-contre-la-corruption\/"},"author":{"name":"C\u00f2rdoba Geneva","@id":"https:\/\/cpi-geneva.org\/fr\/#\/schema\/person\/1f02a815043284cc1f7aa799e32fb07b"},"headline":"Le Liban et l&rsquo;Irak \u00e0 la suite des manifestations populaires : la solution passe par la citoyennet\u00e9 et la lutte contre la corruption","datePublished":"2019-12-20T17:35:49+00:00","mainEntityOfPage":{"@id":"https:\/\/cpi-geneva.org\/fr\/le-liban-et-l-irak-a-la-suite-des-manifestations-populaires-la-solution-passe-par-la-citoyennete-et-la-lutte-contre-la-corruption\/"},"wordCount":1578,"commentCount":0,"publisher":{"@id":"https:\/\/cpi-geneva.org\/fr\/#organization"},"image":{"@id":"https:\/\/cpi-geneva.org\/fr\/le-liban-et-l-irak-a-la-suite-des-manifestations-populaires-la-solution-passe-par-la-citoyennete-et-la-lutte-contre-la-corruption\/#primaryimage"},"thumbnailUrl":"https:\/\/cpi-geneva.org\/fr\/wp-content\/uploads\/sites\/3\/2019\/12\/Irak-Lebanon_sectarism.jpg","articleSection":["Contributions"],"inLanguage":"fr-FR"},{"@type":"WebPage","@id":"https:\/\/cpi-geneva.org\/fr\/le-liban-et-l-irak-a-la-suite-des-manifestations-populaires-la-solution-passe-par-la-citoyennete-et-la-lutte-contre-la-corruption\/","url":"https:\/\/cpi-geneva.org\/fr\/le-liban-et-l-irak-a-la-suite-des-manifestations-populaires-la-solution-passe-par-la-citoyennete-et-la-lutte-contre-la-corruption\/","name":"Le Liban et l'Irak \u00e0 la suite des manifestations populaires : la solution passe par la citoyennet\u00e9 et la lutte contre la corruption - Cordoba Peace Institute | Fran\u00e7ais","isPartOf":{"@id":"https:\/\/cpi-geneva.org\/fr\/#website"},"primaryImageOfPage":{"@id":"https:\/\/cpi-geneva.org\/fr\/le-liban-et-l-irak-a-la-suite-des-manifestations-populaires-la-solution-passe-par-la-citoyennete-et-la-lutte-contre-la-corruption\/#primaryimage"},"image":{"@id":"https:\/\/cpi-geneva.org\/fr\/le-liban-et-l-irak-a-la-suite-des-manifestations-populaires-la-solution-passe-par-la-citoyennete-et-la-lutte-contre-la-corruption\/#primaryimage"},"thumbnailUrl":"https:\/\/cpi-geneva.org\/fr\/wp-content\/uploads\/sites\/3\/2019\/12\/Irak-Lebanon_sectarism.jpg","datePublished":"2019-12-20T17:35:49+00:00","breadcrumb":{"@id":"https:\/\/cpi-geneva.org\/fr\/le-liban-et-l-irak-a-la-suite-des-manifestations-populaires-la-solution-passe-par-la-citoyennete-et-la-lutte-contre-la-corruption\/#breadcrumb"},"inLanguage":"fr-FR","potentialAction":[{"@type":"ReadAction","target":["https:\/\/cpi-geneva.org\/fr\/le-liban-et-l-irak-a-la-suite-des-manifestations-populaires-la-solution-passe-par-la-citoyennete-et-la-lutte-contre-la-corruption\/"]}]},{"@type":"ImageObject","inLanguage":"fr-FR","@id":"https:\/\/cpi-geneva.org\/fr\/le-liban-et-l-irak-a-la-suite-des-manifestations-populaires-la-solution-passe-par-la-citoyennete-et-la-lutte-contre-la-corruption\/#primaryimage","url":"https:\/\/cpi-geneva.org\/fr\/wp-content\/uploads\/sites\/3\/2019\/12\/Irak-Lebanon_sectarism.jpg","contentUrl":"https:\/\/cpi-geneva.org\/fr\/wp-content\/uploads\/sites\/3\/2019\/12\/Irak-Lebanon_sectarism.jpg","width":1280,"height":720,"caption":"\u00a9 Reuters"},{"@type":"BreadcrumbList","@id":"https:\/\/cpi-geneva.org\/fr\/le-liban-et-l-irak-a-la-suite-des-manifestations-populaires-la-solution-passe-par-la-citoyennete-et-la-lutte-contre-la-corruption\/#breadcrumb","itemListElement":[{"@type":"ListItem","position":1,"name":"Home","item":"https:\/\/cpi-geneva.org\/fr\/"},{"@type":"ListItem","position":2,"name":"Le Liban et l&rsquo;Irak \u00e0 la suite des manifestations populaires : la solution passe par la citoyennet\u00e9 et la lutte contre la corruption"}]},{"@type":"WebSite","@id":"https:\/\/cpi-geneva.org\/fr\/#website","url":"https:\/\/cpi-geneva.org\/fr\/","name":"Cordoba Peace Institute - Gen\u00e8ve CPI","description":"CPI Gen\u00e8ve | 20 ans aux service de la paix","publisher":{"@id":"https:\/\/cpi-geneva.org\/fr\/#organization"},"potentialAction":[{"@type":"SearchAction","target":{"@type":"EntryPoint","urlTemplate":"https:\/\/cpi-geneva.org\/fr\/?s={search_term_string}"},"query-input":{"@type":"PropertyValueSpecification","valueRequired":true,"valueName":"search_term_string"}}],"inLanguage":"fr-FR"},{"@type":"Organization","@id":"https:\/\/cpi-geneva.org\/fr\/#organization","name":"Cordoba Peace Institute - Gen\u00e8ve CPI","url":"https:\/\/cpi-geneva.org\/fr\/","logo":{"@type":"ImageObject","inLanguage":"fr-FR","@id":"https:\/\/cpi-geneva.org\/fr\/#\/schema\/logo\/image\/","url":"https:\/\/cpi-geneva.org\/fr\/wp-content\/uploads\/sites\/3\/2025\/12\/CPI-Geneva.png","contentUrl":"https:\/\/cpi-geneva.org\/fr\/wp-content\/uploads\/sites\/3\/2025\/12\/CPI-Geneva.png","width":740,"height":740,"caption":"Cordoba Peace Institute - Gen\u00e8ve CPI"},"image":{"@id":"https:\/\/cpi-geneva.org\/fr\/#\/schema\/logo\/image\/"}},{"@type":"Person","@id":"https:\/\/cpi-geneva.org\/fr\/#\/schema\/person\/1f02a815043284cc1f7aa799e32fb07b","name":"C\u00f2rdoba Geneva","image":{"@type":"ImageObject","inLanguage":"fr-FR","@id":"https:\/\/secure.gravatar.com\/avatar\/cf6a4ecb9e914acddd89e4c4cbc3c6fdccfd6614c26ec3023ce0173515d50eff?s=96&d=mm&r=g","url":"https:\/\/secure.gravatar.com\/avatar\/cf6a4ecb9e914acddd89e4c4cbc3c6fdccfd6614c26ec3023ce0173515d50eff?s=96&d=mm&r=g","contentUrl":"https:\/\/secure.gravatar.com\/avatar\/cf6a4ecb9e914acddd89e4c4cbc3c6fdccfd6614c26ec3023ce0173515d50eff?s=96&d=mm&r=g","caption":"C\u00f2rdoba Geneva"},"url":"https:\/\/cpi-geneva.org\/fr\/author\/corwebmaster\/"}]}},"featured_image_src":{"landsacpe":["https:\/\/cpi-geneva.org\/fr\/wp-content\/uploads\/sites\/3\/2019\/12\/Irak-Lebanon_sectarism-1140x445.jpg",1140,445,true],"list":["https:\/\/cpi-geneva.org\/fr\/wp-content\/uploads\/sites\/3\/2019\/12\/Irak-Lebanon_sectarism-463x348.jpg",463,348,true],"medium":["https:\/\/cpi-geneva.org\/fr\/wp-content\/uploads\/sites\/3\/2019\/12\/Irak-Lebanon_sectarism-300x169.jpg",300,169,true],"full":["https:\/\/cpi-geneva.org\/fr\/wp-content\/uploads\/sites\/3\/2019\/12\/Irak-Lebanon_sectarism.jpg",1280,720,false]},"_links":{"self":[{"href":"https:\/\/cpi-geneva.org\/fr\/wp-json\/wp\/v2\/posts\/1050","targetHints":{"allow":["GET"]}}],"collection":[{"href":"https:\/\/cpi-geneva.org\/fr\/wp-json\/wp\/v2\/posts"}],"about":[{"href":"https:\/\/cpi-geneva.org\/fr\/wp-json\/wp\/v2\/types\/post"}],"author":[{"embeddable":true,"href":"https:\/\/cpi-geneva.org\/fr\/wp-json\/wp\/v2\/users\/2"}],"replies":[{"embeddable":true,"href":"https:\/\/cpi-geneva.org\/fr\/wp-json\/wp\/v2\/comments?post=1050"}],"version-history":[{"count":0,"href":"https:\/\/cpi-geneva.org\/fr\/wp-json\/wp\/v2\/posts\/1050\/revisions"}],"wp:featuredmedia":[{"embeddable":true,"href":"https:\/\/cpi-geneva.org\/fr\/wp-json\/wp\/v2\/media\/1044"}],"wp:attachment":[{"href":"https:\/\/cpi-geneva.org\/fr\/wp-json\/wp\/v2\/media?parent=1050"}],"wp:term":[{"taxonomy":"category","embeddable":true,"href":"https:\/\/cpi-geneva.org\/fr\/wp-json\/wp\/v2\/categories?post=1050"},{"taxonomy":"post_tag","embeddable":true,"href":"https:\/\/cpi-geneva.org\/fr\/wp-json\/wp\/v2\/tags?post=1050"}],"curies":[{"name":"wp","href":"https:\/\/api.w.org\/{rel}","templated":true}]}}