{"id":53,"date":"2012-03-16T10:00:51","date_gmt":"2012-03-16T10:00:51","guid":{"rendered":"https:\/\/cpi-geneva.org\/ar\/2012\/03\/16\/gruppe-muslimischer-schweizerinnen-und-schweizer-gms-medienmitteilung\/"},"modified":"2023-05-30T19:11:23","modified_gmt":"2023-05-30T18:11:23","slug":"gruppe-muslimischer-schweizerinnen-und-schweizer-gms-medienmitteilung","status":"publish","type":"post","link":"https:\/\/cpi-geneva.org\/ar\/gruppe-muslimischer-schweizerinnen-und-schweizer-gms-medienmitteilung\/","title":{"rendered":"Gruppe muslimischer Schweizerinnen und Schweizer (GMS): Medienmitteilung"},"content":{"rendered":"<p style=\"text-align: justify;\"><strong>Die Schweiz zwei Jahre nach der Minarettinitiative: Achtung statt Ablehnung<\/strong><\/p>\n<p style=\"text-align: justify;\">Vor etwas mehr als zwei Jahren hat das Schweizer Volk die Initiative gegen den Bau von Minaretten angenommen. F\u00fcr die Urheber dieser Initiative sind Minarette das \u00ab\u00e4usserliche Symbol eines religi\u00f6s-politischen Machtanspruchs, der verfassungsm\u00e4ssige Grundrechte in Frage stellt\u00bb; mit einem Verbot wollten sie die Pl\u00e4ne \u00abislamistischer Kreise, einem an der Scharia orientierten Rechtssystem auch in der Schweiz zum Durchbruch zu verhelfen\u00bb, verhindern. Die Annahme der Initiative hat die in der Schweiz lebenden Musliminnen und Muslime, ob sie ihren Glauben nun praktizieren oder nicht, stigmatisiert und verletzt.<\/p>\n<p style=\"text-align: justify;\">Seither haben verschiedene Kreise in der Schweiz Verst\u00e4ndigungs- und Vers\u00f6hnungsarbeit weit \u00fcber die Minarett\u00acinitiative hinaus geleistet. Das j\u00fcngste Beispiel ist die vor kurzem ver\u00f6ffentliche Information \u00fcber den <a href=\"http:\/\/bit.ly\/zJYTmW\" target=\"_blank\" rel=\"noopener\">Dialog zwischen Bundesbeh\u00f6rden und muslimischer Bev\u00f6lkerung<\/a>. Parallel dazu lancierte die <em><strong>Gruppe muslimischer Schweizerinnen und Schweizer<\/strong><\/em> (GMS), die auf Initiative der Fondation Cordoue in Genf gegr\u00fcndet wurde, eine unabh\u00e4ngige, komplement\u00e4re Initiative. Die GMS analysierte die Gr\u00fcnde f\u00fcr das Abstimmungsverhalten und skizzierte konkrete Vorschl\u00e4ge als Antwort auf das besorgnis\u00acerregende Zeichen, das mit der Annahme der Initiative gesetzt worden war.<\/p>\n<p style=\"text-align: justify;\">Das Abstimmungsergebnis war Ausdruck eines Malaises in der Schweizer Bev\u00f6lkerung. Weshalb aber dieses Malaise? Ist es Ausdruck einer mangelnden Integration der muslimischen Migrantinnen und Migranten? Viele hiesige Musliminnen und Muslime sind jedoch in der Schweiz geboren und verf\u00fcgen \u00fcber das Schweizer B\u00fcrgerrecht, und das Zusammenleben f\u00fchrt nur selten zu Konflikten. Ist es die Angst, dass die Schweiz ihre \u00abSwissness\u00bb verlieren k\u00f6nnte, wenn wir unser Land mit Menschen mit einem anderen religi\u00f6sen und kulturellen Hintergrund teilen m\u00fcssen? Fehlt es der Schweizer Gesellschaft an Bereitschaft, sich der interkulturellen Realit\u00e4t zu stellen? Gem\u00e4ss dem GMS-Mitglied Khaldoun Dia-Eddine lassen sich die Vorbehalte mit der mangelnden Pr\u00e4senz der Musliminnen und Muslime im \u00f6ffentlichen Leben der Schweiz erkl\u00e4ren: \u00abDas grundlegende Problem, das die Minarettinitiative aufgezeigt hat, ist das negative Image des Islam und der Muslime in der Schweizer Gesellschaft. Die GMS schl\u00e4gt Massnahmen vor, um die volle Teilhabe der Muslime an der Gesellschaft zu f\u00f6rdern und Kommunikationskan\u00e4le bereitzustellen, damit zwischen Vorurteilen und Realit\u00e4t unterschieden werden kann.\u00bb<\/p>\n<p style=\"text-align: justify;\">Die GMS ver\u00f6ffentlicht heute einen Katalog mit Empfehlungen f\u00fcr ein besseres Zusammenleben, der sich an die Schweizer Gesellschaft, die muslimischen Vereinigungen sowie an Beh\u00f6rden und Medien richtet. Die Brosch\u00fcre gibt einen \u00dcberblick \u00fcber die bestehenden Massnahmen zur F\u00f6rderung von Integration und Koh\u00e4sion in der Schweiz und schl\u00e4gt zus\u00e4tzliche Massnahmen insbesondere im Bereich Kommunikation und staatsb\u00fcrgerliches Engagement vor. Die Kommunikation soll gest\u00e4rkt werden, weil eine bessere Information und die Bereitstellung von Plattformen f\u00fcr einen echten, kritischen und empathischen Austausch dazu beitragen, Vorbehalte, \u00c4ngste und Abwehrmechanismen abzubauen. Das staatsb\u00fcrgerliche Engagement soll gef\u00f6rdert werden, weil die Musliminnen und Muslime in der Schweiz die M\u00f6glichkeit haben m\u00fcssen, uneingeschr\u00e4nkt am gesellschaftlichen und politischen Leben sowie am Vereinsleben teilzuhaben und ihren Beitrag zur Gesellschaft sichtbar zu machen.<\/p>\n<p style=\"text-align: justify;\">Anstatt eine nutzlose Debatte \u00fcber angebliche kulturelle Unvereinbarkeiten zu f\u00fchren, m\u00fcssen wir unser Verst\u00e4ndnis dessen, was \u00abSchweizer sein\u00bb bedeutet, weiterentwickeln: Es bedeutet in erster Linie, zusammen zu leben, die Gesellschaft gemeinsam zu gestalten und zum Gemeinwohl beizutragen. Es bedeutet auch, den Mythos der religi\u00f6sen oder kulturellen Einheit, die es gar nie gab, aufzugeben und gemeinsam auf ein besseres Zusammenleben in einer pluralistischen Gesellschaft hinzuwirken.<\/p>\n<p style=\"text-align: justify;\">Mehr \u00fcber die Arbeit der Gruppe muslimischer Schweizerinnen und Schweizer erfahren Sie mit den Empfehlungenbrosch\u00fcre in den Sprachen Deutsch, Franz\u00f6sisch, Italienisch, Arabisch und Englisch.<\/p>\n","protected":false},"excerpt":{"rendered":"<p>Die Schweiz zwei Jahre nach der Minarettinitiative: Achtung statt Ablehnung Vor etwas mehr als zwei Jahren hat das Schweizer Volk die Initiative gegen den Bau von Minaretten angenommen. F\u00fcr die Urheber dieser Initiative sind Minarette das \u00ab\u00e4usserliche Symbol eines religi\u00f6s-politischen Machtanspruchs, der verfassungsm\u00e4ssige Grundrechte in Frage stellt\u00bb; mit einem Verbot wollten sie die Pl\u00e4ne \u00abislamistischer [&hellip;]<\/p>\n","protected":false},"author":2,"featured_media":5101,"comment_status":"closed","ping_status":"open","sticky":false,"template":"","format":"standard","meta":{"footnotes":""},"categories":[28],"tags":[],"class_list":["post-53","post","type-post","status-publish","format-standard","has-post-thumbnail","hentry","category-rsm-programme"],"yoast_head":"<!-- This site is optimized with the Yoast SEO plugin v27.4 - https:\/\/yoast.com\/product\/yoast-seo-wordpress\/ -->\n<title>Gruppe muslimischer Schweizerinnen und Schweizer (GMS): Medienmitteilung - Cordoba Peace Institute | \u0627\u0644\u0639\u0631\u0628\u064a\u0629<\/title>\n<meta name=\"robots\" content=\"index, follow, max-snippet:-1, max-image-preview:large, max-video-preview:-1\" \/>\n<link rel=\"canonical\" href=\"https:\/\/cpi-geneva.org\/ar\/gruppe-muslimischer-schweizerinnen-und-schweizer-gms-medienmitteilung\/\" \/>\n<meta property=\"og:locale\" content=\"ar_AR\" \/>\n<meta property=\"og:type\" content=\"article\" \/>\n<meta property=\"og:title\" content=\"Gruppe muslimischer Schweizerinnen und Schweizer (GMS): Medienmitteilung - Cordoba Peace Institute | \u0627\u0644\u0639\u0631\u0628\u064a\u0629\" \/>\n<meta property=\"og:description\" content=\"Die Schweiz zwei Jahre nach der Minarettinitiative: Achtung statt Ablehnung Vor etwas mehr als zwei Jahren hat das Schweizer Volk die Initiative gegen den Bau von Minaretten angenommen. F\u00fcr die Urheber dieser Initiative sind Minarette das \u00ab\u00e4usserliche Symbol eines religi\u00f6s-politischen Machtanspruchs, der verfassungsm\u00e4ssige Grundrechte in Frage stellt\u00bb; mit einem Verbot wollten sie die Pl\u00e4ne \u00abislamistischer [&hellip;]\" \/>\n<meta property=\"og:url\" content=\"https:\/\/cpi-geneva.org\/ar\/gruppe-muslimischer-schweizerinnen-und-schweizer-gms-medienmitteilung\/\" \/>\n<meta property=\"og:site_name\" content=\"Cordoba Peace Institute | \u0627\u0644\u0639\u0631\u0628\u064a\u0629\" \/>\n<meta property=\"article:published_time\" content=\"2012-03-16T10:00:51+00:00\" \/>\n<meta property=\"article:modified_time\" content=\"2023-05-30T18:11:23+00:00\" \/>\n<meta property=\"og:image\" content=\"https:\/\/cpi-geneva.org\/ar\/wp-content\/uploads\/sites\/2\/2023\/05\/cpi_rsm_swiss.png\" \/>\n\t<meta property=\"og:image:width\" content=\"1920\" \/>\n\t<meta property=\"og:image:height\" content=\"600\" \/>\n\t<meta property=\"og:image:type\" content=\"image\/png\" \/>\n<meta name=\"author\" content=\"C\u00f2rdoba Geneva\" \/>\n<meta name=\"twitter:card\" content=\"summary_large_image\" \/>\n<meta name=\"twitter:label1\" content=\"\u0643\u064f\u062a\u0628 \u0628\u0648\u0627\u0633\u0637\u0629\" \/>\n\t<meta name=\"twitter:data1\" content=\"C\u00f2rdoba Geneva\" \/>\n\t<meta name=\"twitter:label2\" content=\"\u0648\u0642\u062a \u0627\u0644\u0642\u0631\u0627\u0621\u0629 \u0627\u0644\u0645\u064f\u0642\u062f\u0651\u0631\" \/>\n\t<meta name=\"twitter:data2\" content=\"3 \u062f\u0642\u0627\u0626\u0642\" \/>\n<script type=\"application\/ld+json\" class=\"yoast-schema-graph\">{\"@context\":\"https:\\\/\\\/schema.org\",\"@graph\":[{\"@type\":\"Article\",\"@id\":\"https:\\\/\\\/cpi-geneva.org\\\/ar\\\/gruppe-muslimischer-schweizerinnen-und-schweizer-gms-medienmitteilung\\\/#article\",\"isPartOf\":{\"@id\":\"https:\\\/\\\/cpi-geneva.org\\\/ar\\\/gruppe-muslimischer-schweizerinnen-und-schweizer-gms-medienmitteilung\\\/\"},\"author\":{\"name\":\"C\u00f2rdoba Geneva\",\"@id\":\"https:\\\/\\\/cpi-geneva.org\\\/ar\\\/#\\\/schema\\\/person\\\/1f02a815043284cc1f7aa799e32fb07b\"},\"headline\":\"Gruppe muslimischer Schweizerinnen und Schweizer (GMS): Medienmitteilung\",\"datePublished\":\"2012-03-16T10:00:51+00:00\",\"dateModified\":\"2023-05-30T18:11:23+00:00\",\"mainEntityOfPage\":{\"@id\":\"https:\\\/\\\/cpi-geneva.org\\\/ar\\\/gruppe-muslimischer-schweizerinnen-und-schweizer-gms-medienmitteilung\\\/\"},\"wordCount\":610,\"publisher\":{\"@id\":\"https:\\\/\\\/cpi-geneva.org\\\/ar\\\/#organization\"},\"image\":{\"@id\":\"https:\\\/\\\/cpi-geneva.org\\\/ar\\\/gruppe-muslimischer-schweizerinnen-und-schweizer-gms-medienmitteilung\\\/#primaryimage\"},\"thumbnailUrl\":\"https:\\\/\\\/cpi-geneva.org\\\/ar\\\/wp-content\\\/uploads\\\/sites\\\/2\\\/2023\\\/05\\\/cpi_rsm_swiss.png\",\"articleSection\":[\"RSM Programme\"],\"inLanguage\":\"ar\"},{\"@type\":\"WebPage\",\"@id\":\"https:\\\/\\\/cpi-geneva.org\\\/ar\\\/gruppe-muslimischer-schweizerinnen-und-schweizer-gms-medienmitteilung\\\/\",\"url\":\"https:\\\/\\\/cpi-geneva.org\\\/ar\\\/gruppe-muslimischer-schweizerinnen-und-schweizer-gms-medienmitteilung\\\/\",\"name\":\"Gruppe muslimischer Schweizerinnen und Schweizer (GMS): Medienmitteilung - Cordoba Peace Institute | \u0627\u0644\u0639\u0631\u0628\u064a\u0629\",\"isPartOf\":{\"@id\":\"https:\\\/\\\/cpi-geneva.org\\\/ar\\\/#website\"},\"primaryImageOfPage\":{\"@id\":\"https:\\\/\\\/cpi-geneva.org\\\/ar\\\/gruppe-muslimischer-schweizerinnen-und-schweizer-gms-medienmitteilung\\\/#primaryimage\"},\"image\":{\"@id\":\"https:\\\/\\\/cpi-geneva.org\\\/ar\\\/gruppe-muslimischer-schweizerinnen-und-schweizer-gms-medienmitteilung\\\/#primaryimage\"},\"thumbnailUrl\":\"https:\\\/\\\/cpi-geneva.org\\\/ar\\\/wp-content\\\/uploads\\\/sites\\\/2\\\/2023\\\/05\\\/cpi_rsm_swiss.png\",\"datePublished\":\"2012-03-16T10:00:51+00:00\",\"dateModified\":\"2023-05-30T18:11:23+00:00\",\"breadcrumb\":{\"@id\":\"https:\\\/\\\/cpi-geneva.org\\\/ar\\\/gruppe-muslimischer-schweizerinnen-und-schweizer-gms-medienmitteilung\\\/#breadcrumb\"},\"inLanguage\":\"ar\",\"potentialAction\":[{\"@type\":\"ReadAction\",\"target\":[\"https:\\\/\\\/cpi-geneva.org\\\/ar\\\/gruppe-muslimischer-schweizerinnen-und-schweizer-gms-medienmitteilung\\\/\"]}]},{\"@type\":\"ImageObject\",\"inLanguage\":\"ar\",\"@id\":\"https:\\\/\\\/cpi-geneva.org\\\/ar\\\/gruppe-muslimischer-schweizerinnen-und-schweizer-gms-medienmitteilung\\\/#primaryimage\",\"url\":\"https:\\\/\\\/cpi-geneva.org\\\/ar\\\/wp-content\\\/uploads\\\/sites\\\/2\\\/2023\\\/05\\\/cpi_rsm_swiss.png\",\"contentUrl\":\"https:\\\/\\\/cpi-geneva.org\\\/ar\\\/wp-content\\\/uploads\\\/sites\\\/2\\\/2023\\\/05\\\/cpi_rsm_swiss.png\",\"width\":1920,\"height\":600},{\"@type\":\"BreadcrumbList\",\"@id\":\"https:\\\/\\\/cpi-geneva.org\\\/ar\\\/gruppe-muslimischer-schweizerinnen-und-schweizer-gms-medienmitteilung\\\/#breadcrumb\",\"itemListElement\":[{\"@type\":\"ListItem\",\"position\":1,\"name\":\"Home\",\"item\":\"https:\\\/\\\/cpi-geneva.org\\\/ar\\\/\"},{\"@type\":\"ListItem\",\"position\":2,\"name\":\"Gruppe muslimischer Schweizerinnen und Schweizer (GMS): Medienmitteilung\"}]},{\"@type\":\"WebSite\",\"@id\":\"https:\\\/\\\/cpi-geneva.org\\\/ar\\\/#website\",\"url\":\"https:\\\/\\\/cpi-geneva.org\\\/ar\\\/\",\"name\":\"Cordoba Peace Institute - Geneva CPI | \u0627\u0644\u0639\u0631\u0628\u064a\u0629\",\"description\":\"CPI Geneva | \u0645\u0639\u0647\u062f \u0642\u0631\u0637\u0628\u0629 \u0644\u0644\u0633\u0644\u0627\u0645  | 20 \u0639\u0627\u0645\u0627\u064b \u0641\u064a \u062e\u062f\u0645\u0629 \u0627\u0644\u0633\u0644\u0627\u0645 | \",\"publisher\":{\"@id\":\"https:\\\/\\\/cpi-geneva.org\\\/ar\\\/#organization\"},\"potentialAction\":[{\"@type\":\"SearchAction\",\"target\":{\"@type\":\"EntryPoint\",\"urlTemplate\":\"https:\\\/\\\/cpi-geneva.org\\\/ar\\\/?s={search_term_string}\"},\"query-input\":{\"@type\":\"PropertyValueSpecification\",\"valueRequired\":true,\"valueName\":\"search_term_string\"}}],\"inLanguage\":\"ar\"},{\"@type\":\"Organization\",\"@id\":\"https:\\\/\\\/cpi-geneva.org\\\/ar\\\/#organization\",\"name\":\"CPI - Geneva | \u0627\u0644\u0639\u0631\u0628\u064a\u0629\",\"url\":\"https:\\\/\\\/cpi-geneva.org\\\/ar\\\/\",\"logo\":{\"@type\":\"ImageObject\",\"inLanguage\":\"ar\",\"@id\":\"https:\\\/\\\/cpi-geneva.org\\\/ar\\\/#\\\/schema\\\/logo\\\/image\\\/\",\"url\":\"https:\\\/\\\/cpi-geneva.org\\\/ar\\\/wp-content\\\/uploads\\\/sites\\\/2\\\/2025\\\/12\\\/CPI-Geneva-1.png\",\"contentUrl\":\"https:\\\/\\\/cpi-geneva.org\\\/ar\\\/wp-content\\\/uploads\\\/sites\\\/2\\\/2025\\\/12\\\/CPI-Geneva-1.png\",\"width\":740,\"height\":740,\"caption\":\"CPI - Geneva | \u0627\u0644\u0639\u0631\u0628\u064a\u0629\"},\"image\":{\"@id\":\"https:\\\/\\\/cpi-geneva.org\\\/ar\\\/#\\\/schema\\\/logo\\\/image\\\/\"}},{\"@type\":\"Person\",\"@id\":\"https:\\\/\\\/cpi-geneva.org\\\/ar\\\/#\\\/schema\\\/person\\\/1f02a815043284cc1f7aa799e32fb07b\",\"name\":\"C\u00f2rdoba Geneva\",\"image\":{\"@type\":\"ImageObject\",\"inLanguage\":\"ar\",\"@id\":\"https:\\\/\\\/secure.gravatar.com\\\/avatar\\\/cf6a4ecb9e914acddd89e4c4cbc3c6fdccfd6614c26ec3023ce0173515d50eff?s=96&d=mm&r=g\",\"url\":\"https:\\\/\\\/secure.gravatar.com\\\/avatar\\\/cf6a4ecb9e914acddd89e4c4cbc3c6fdccfd6614c26ec3023ce0173515d50eff?s=96&d=mm&r=g\",\"contentUrl\":\"https:\\\/\\\/secure.gravatar.com\\\/avatar\\\/cf6a4ecb9e914acddd89e4c4cbc3c6fdccfd6614c26ec3023ce0173515d50eff?s=96&d=mm&r=g\",\"caption\":\"C\u00f2rdoba Geneva\"},\"url\":\"https:\\\/\\\/cpi-geneva.org\\\/ar\\\/author\\\/corwebmaster\\\/\"}]}<\/script>\n<!-- \/ Yoast SEO plugin. -->","yoast_head_json":{"title":"Gruppe muslimischer Schweizerinnen und Schweizer (GMS): Medienmitteilung - Cordoba Peace Institute | \u0627\u0644\u0639\u0631\u0628\u064a\u0629","robots":{"index":"index","follow":"follow","max-snippet":"max-snippet:-1","max-image-preview":"max-image-preview:large","max-video-preview":"max-video-preview:-1"},"canonical":"https:\/\/cpi-geneva.org\/ar\/gruppe-muslimischer-schweizerinnen-und-schweizer-gms-medienmitteilung\/","og_locale":"ar_AR","og_type":"article","og_title":"Gruppe muslimischer Schweizerinnen und Schweizer (GMS): Medienmitteilung - Cordoba Peace Institute | \u0627\u0644\u0639\u0631\u0628\u064a\u0629","og_description":"Die Schweiz zwei Jahre nach der Minarettinitiative: Achtung statt Ablehnung Vor etwas mehr als zwei Jahren hat das Schweizer Volk die Initiative gegen den Bau von Minaretten angenommen. F\u00fcr die Urheber dieser Initiative sind Minarette das \u00ab\u00e4usserliche Symbol eines religi\u00f6s-politischen Machtanspruchs, der verfassungsm\u00e4ssige Grundrechte in Frage stellt\u00bb; mit einem Verbot wollten sie die Pl\u00e4ne \u00abislamistischer [&hellip;]","og_url":"https:\/\/cpi-geneva.org\/ar\/gruppe-muslimischer-schweizerinnen-und-schweizer-gms-medienmitteilung\/","og_site_name":"Cordoba Peace Institute | \u0627\u0644\u0639\u0631\u0628\u064a\u0629","article_published_time":"2012-03-16T10:00:51+00:00","article_modified_time":"2023-05-30T18:11:23+00:00","og_image":[{"width":1920,"height":600,"url":"https:\/\/cpi-geneva.org\/ar\/wp-content\/uploads\/sites\/2\/2023\/05\/cpi_rsm_swiss.png","type":"image\/png"}],"author":"C\u00f2rdoba Geneva","twitter_card":"summary_large_image","twitter_misc":{"\u0643\u064f\u062a\u0628 \u0628\u0648\u0627\u0633\u0637\u0629":"C\u00f2rdoba Geneva","\u0648\u0642\u062a \u0627\u0644\u0642\u0631\u0627\u0621\u0629 \u0627\u0644\u0645\u064f\u0642\u062f\u0651\u0631":"3 \u062f\u0642\u0627\u0626\u0642"},"schema":{"@context":"https:\/\/schema.org","@graph":[{"@type":"Article","@id":"https:\/\/cpi-geneva.org\/ar\/gruppe-muslimischer-schweizerinnen-und-schweizer-gms-medienmitteilung\/#article","isPartOf":{"@id":"https:\/\/cpi-geneva.org\/ar\/gruppe-muslimischer-schweizerinnen-und-schweizer-gms-medienmitteilung\/"},"author":{"name":"C\u00f2rdoba Geneva","@id":"https:\/\/cpi-geneva.org\/ar\/#\/schema\/person\/1f02a815043284cc1f7aa799e32fb07b"},"headline":"Gruppe muslimischer Schweizerinnen und Schweizer (GMS): Medienmitteilung","datePublished":"2012-03-16T10:00:51+00:00","dateModified":"2023-05-30T18:11:23+00:00","mainEntityOfPage":{"@id":"https:\/\/cpi-geneva.org\/ar\/gruppe-muslimischer-schweizerinnen-und-schweizer-gms-medienmitteilung\/"},"wordCount":610,"publisher":{"@id":"https:\/\/cpi-geneva.org\/ar\/#organization"},"image":{"@id":"https:\/\/cpi-geneva.org\/ar\/gruppe-muslimischer-schweizerinnen-und-schweizer-gms-medienmitteilung\/#primaryimage"},"thumbnailUrl":"https:\/\/cpi-geneva.org\/ar\/wp-content\/uploads\/sites\/2\/2023\/05\/cpi_rsm_swiss.png","articleSection":["RSM Programme"],"inLanguage":"ar"},{"@type":"WebPage","@id":"https:\/\/cpi-geneva.org\/ar\/gruppe-muslimischer-schweizerinnen-und-schweizer-gms-medienmitteilung\/","url":"https:\/\/cpi-geneva.org\/ar\/gruppe-muslimischer-schweizerinnen-und-schweizer-gms-medienmitteilung\/","name":"Gruppe muslimischer Schweizerinnen und Schweizer (GMS): Medienmitteilung - Cordoba Peace Institute | \u0627\u0644\u0639\u0631\u0628\u064a\u0629","isPartOf":{"@id":"https:\/\/cpi-geneva.org\/ar\/#website"},"primaryImageOfPage":{"@id":"https:\/\/cpi-geneva.org\/ar\/gruppe-muslimischer-schweizerinnen-und-schweizer-gms-medienmitteilung\/#primaryimage"},"image":{"@id":"https:\/\/cpi-geneva.org\/ar\/gruppe-muslimischer-schweizerinnen-und-schweizer-gms-medienmitteilung\/#primaryimage"},"thumbnailUrl":"https:\/\/cpi-geneva.org\/ar\/wp-content\/uploads\/sites\/2\/2023\/05\/cpi_rsm_swiss.png","datePublished":"2012-03-16T10:00:51+00:00","dateModified":"2023-05-30T18:11:23+00:00","breadcrumb":{"@id":"https:\/\/cpi-geneva.org\/ar\/gruppe-muslimischer-schweizerinnen-und-schweizer-gms-medienmitteilung\/#breadcrumb"},"inLanguage":"ar","potentialAction":[{"@type":"ReadAction","target":["https:\/\/cpi-geneva.org\/ar\/gruppe-muslimischer-schweizerinnen-und-schweizer-gms-medienmitteilung\/"]}]},{"@type":"ImageObject","inLanguage":"ar","@id":"https:\/\/cpi-geneva.org\/ar\/gruppe-muslimischer-schweizerinnen-und-schweizer-gms-medienmitteilung\/#primaryimage","url":"https:\/\/cpi-geneva.org\/ar\/wp-content\/uploads\/sites\/2\/2023\/05\/cpi_rsm_swiss.png","contentUrl":"https:\/\/cpi-geneva.org\/ar\/wp-content\/uploads\/sites\/2\/2023\/05\/cpi_rsm_swiss.png","width":1920,"height":600},{"@type":"BreadcrumbList","@id":"https:\/\/cpi-geneva.org\/ar\/gruppe-muslimischer-schweizerinnen-und-schweizer-gms-medienmitteilung\/#breadcrumb","itemListElement":[{"@type":"ListItem","position":1,"name":"Home","item":"https:\/\/cpi-geneva.org\/ar\/"},{"@type":"ListItem","position":2,"name":"Gruppe muslimischer Schweizerinnen und Schweizer (GMS): Medienmitteilung"}]},{"@type":"WebSite","@id":"https:\/\/cpi-geneva.org\/ar\/#website","url":"https:\/\/cpi-geneva.org\/ar\/","name":"Cordoba Peace Institute - Geneva CPI | \u0627\u0644\u0639\u0631\u0628\u064a\u0629","description":"CPI Geneva | \u0645\u0639\u0647\u062f \u0642\u0631\u0637\u0628\u0629 \u0644\u0644\u0633\u0644\u0627\u0645  | 20 \u0639\u0627\u0645\u0627\u064b \u0641\u064a \u062e\u062f\u0645\u0629 \u0627\u0644\u0633\u0644\u0627\u0645 | ","publisher":{"@id":"https:\/\/cpi-geneva.org\/ar\/#organization"},"potentialAction":[{"@type":"SearchAction","target":{"@type":"EntryPoint","urlTemplate":"https:\/\/cpi-geneva.org\/ar\/?s={search_term_string}"},"query-input":{"@type":"PropertyValueSpecification","valueRequired":true,"valueName":"search_term_string"}}],"inLanguage":"ar"},{"@type":"Organization","@id":"https:\/\/cpi-geneva.org\/ar\/#organization","name":"CPI - Geneva | \u0627\u0644\u0639\u0631\u0628\u064a\u0629","url":"https:\/\/cpi-geneva.org\/ar\/","logo":{"@type":"ImageObject","inLanguage":"ar","@id":"https:\/\/cpi-geneva.org\/ar\/#\/schema\/logo\/image\/","url":"https:\/\/cpi-geneva.org\/ar\/wp-content\/uploads\/sites\/2\/2025\/12\/CPI-Geneva-1.png","contentUrl":"https:\/\/cpi-geneva.org\/ar\/wp-content\/uploads\/sites\/2\/2025\/12\/CPI-Geneva-1.png","width":740,"height":740,"caption":"CPI - Geneva | \u0627\u0644\u0639\u0631\u0628\u064a\u0629"},"image":{"@id":"https:\/\/cpi-geneva.org\/ar\/#\/schema\/logo\/image\/"}},{"@type":"Person","@id":"https:\/\/cpi-geneva.org\/ar\/#\/schema\/person\/1f02a815043284cc1f7aa799e32fb07b","name":"C\u00f2rdoba Geneva","image":{"@type":"ImageObject","inLanguage":"ar","@id":"https:\/\/secure.gravatar.com\/avatar\/cf6a4ecb9e914acddd89e4c4cbc3c6fdccfd6614c26ec3023ce0173515d50eff?s=96&d=mm&r=g","url":"https:\/\/secure.gravatar.com\/avatar\/cf6a4ecb9e914acddd89e4c4cbc3c6fdccfd6614c26ec3023ce0173515d50eff?s=96&d=mm&r=g","contentUrl":"https:\/\/secure.gravatar.com\/avatar\/cf6a4ecb9e914acddd89e4c4cbc3c6fdccfd6614c26ec3023ce0173515d50eff?s=96&d=mm&r=g","caption":"C\u00f2rdoba Geneva"},"url":"https:\/\/cpi-geneva.org\/ar\/author\/corwebmaster\/"}]}},"featured_image_src":{"landsacpe":["https:\/\/cpi-geneva.org\/ar\/wp-content\/uploads\/sites\/2\/2023\/05\/cpi_rsm_swiss-1140x445.png",1140,445,true],"list":["https:\/\/cpi-geneva.org\/ar\/wp-content\/uploads\/sites\/2\/2023\/05\/cpi_rsm_swiss-463x348.png",463,348,true],"medium":["https:\/\/cpi-geneva.org\/ar\/wp-content\/uploads\/sites\/2\/2023\/05\/cpi_rsm_swiss-300x94.png",300,94,true],"full":["https:\/\/cpi-geneva.org\/ar\/wp-content\/uploads\/sites\/2\/2023\/05\/cpi_rsm_swiss.png",1920,600,false]},"_links":{"self":[{"href":"https:\/\/cpi-geneva.org\/ar\/wp-json\/wp\/v2\/posts\/53","targetHints":{"allow":["GET"]}}],"collection":[{"href":"https:\/\/cpi-geneva.org\/ar\/wp-json\/wp\/v2\/posts"}],"about":[{"href":"https:\/\/cpi-geneva.org\/ar\/wp-json\/wp\/v2\/types\/post"}],"author":[{"embeddable":true,"href":"https:\/\/cpi-geneva.org\/ar\/wp-json\/wp\/v2\/users\/2"}],"replies":[{"embeddable":true,"href":"https:\/\/cpi-geneva.org\/ar\/wp-json\/wp\/v2\/comments?post=53"}],"version-history":[{"count":1,"href":"https:\/\/cpi-geneva.org\/ar\/wp-json\/wp\/v2\/posts\/53\/revisions"}],"predecessor-version":[{"id":4185,"href":"https:\/\/cpi-geneva.org\/ar\/wp-json\/wp\/v2\/posts\/53\/revisions\/4185"}],"wp:featuredmedia":[{"embeddable":true,"href":"https:\/\/cpi-geneva.org\/ar\/wp-json\/wp\/v2\/media\/5101"}],"wp:attachment":[{"href":"https:\/\/cpi-geneva.org\/ar\/wp-json\/wp\/v2\/media?parent=53"}],"wp:term":[{"taxonomy":"category","embeddable":true,"href":"https:\/\/cpi-geneva.org\/ar\/wp-json\/wp\/v2\/categories?post=53"},{"taxonomy":"post_tag","embeddable":true,"href":"https:\/\/cpi-geneva.org\/ar\/wp-json\/wp\/v2\/tags?post=53"}],"curies":[{"name":"wp","href":"https:\/\/api.w.org\/{rel}","templated":true}]}}