{"id":52,"date":"2012-03-16T09:56:41","date_gmt":"2012-03-16T09:56:41","guid":{"rendered":"https:\/\/cpi-geneva.org\/ar\/2012\/03\/16\/raggruppamento-degli-svizzeri-musulmani\/"},"modified":"2023-05-30T19:11:17","modified_gmt":"2023-05-30T18:11:17","slug":"raggruppamento-degli-svizzeri-musulmani","status":"publish","type":"post","link":"https:\/\/cpi-geneva.org\/ar\/raggruppamento-degli-svizzeri-musulmani\/","title":{"rendered":"Raggruppamento degli Svizzeri Musulmani"},"content":{"rendered":"<p><strong>Minareti, due anni dopo: Raccomandazioni del Raggrupamento di Svizzeri Musulmani, per sostituire il rifiuto con il rispetto<\/strong><\/p>\n<p style=\"text-align: justify;\">Nel 2009, i musulmani di Svizzera sono stati stigmatizzati dal voto &#8216;anti-minareti&#8217;. Su iniziativa della Fondazione Cordoba di Ginevra, si \u00e8 riunito un raggruppamento degli Svizzeri musulmani (RSM) in uno sforzo di scambio e riconciliazione, allo scopo di fare delle proposte per una migliore convivenza in una societ\u00e0 pluralista. Il risultato pubblicato oggi \u00e8 un catalogo di raccomandazioni dirette al popolo svizzero, alle comunit\u00e0 musulmane, ai poteri pubblici e ai media. Il RSM suggerisce di agire per promuovere la piena partecipazione dei musulmani nella loro societ\u00e0 e di aprire canali di comunicazione per imparare a distinguere tra pregiudizi e realt\u00e0.<\/p>\n<p style=\"text-align: justify;\">Il documento di raccomandazioni \u00e8 disponibile in 5 lingue: Italiano, Francese, Inglese, Arabo, e Tedesco. Grazie di aiutarci a diffonderlo!<\/p>\n","protected":false},"excerpt":{"rendered":"<p>Minareti, due anni dopo: Raccomandazioni del Raggrupamento di Svizzeri Musulmani, per sostituire il rifiuto con il rispetto Nel 2009, i musulmani di Svizzera sono stati stigmatizzati dal voto &#8216;anti-minareti&#8217;. Su iniziativa della Fondazione Cordoba di Ginevra, si \u00e8 riunito un raggruppamento degli Svizzeri musulmani (RSM) in uno sforzo di scambio e riconciliazione, allo scopo di [&hellip;]<\/p>\n","protected":false},"author":2,"featured_media":5101,"comment_status":"closed","ping_status":"open","sticky":false,"template":"","format":"standard","meta":{"footnotes":""},"categories":[28],"tags":[],"class_list":["post-52","post","type-post","status-publish","format-standard","has-post-thumbnail","hentry","category-rsm-programme"],"yoast_head":"<!-- This site is optimized with the Yoast SEO plugin v27.4 - https:\/\/yoast.com\/product\/yoast-seo-wordpress\/ -->\n<title>Raggruppamento degli Svizzeri Musulmani - Cordoba Peace Institute | \u0627\u0644\u0639\u0631\u0628\u064a\u0629<\/title>\n<meta name=\"robots\" content=\"index, follow, max-snippet:-1, max-image-preview:large, max-video-preview:-1\" \/>\n<link rel=\"canonical\" href=\"https:\/\/cpi-geneva.org\/ar\/raggruppamento-degli-svizzeri-musulmani\/\" \/>\n<meta property=\"og:locale\" content=\"ar_AR\" \/>\n<meta property=\"og:type\" content=\"article\" \/>\n<meta property=\"og:title\" content=\"Raggruppamento degli Svizzeri Musulmani - Cordoba Peace Institute | \u0627\u0644\u0639\u0631\u0628\u064a\u0629\" \/>\n<meta property=\"og:description\" content=\"Minareti, due anni dopo: Raccomandazioni del Raggrupamento di Svizzeri Musulmani, per sostituire il rifiuto con il rispetto Nel 2009, i musulmani di Svizzera sono stati stigmatizzati dal voto &#8216;anti-minareti&#8217;. Su iniziativa della Fondazione Cordoba di Ginevra, si \u00e8 riunito un raggruppamento degli Svizzeri musulmani (RSM) in uno sforzo di scambio e riconciliazione, allo scopo di [&hellip;]\" \/>\n<meta property=\"og:url\" content=\"https:\/\/cpi-geneva.org\/ar\/raggruppamento-degli-svizzeri-musulmani\/\" \/>\n<meta property=\"og:site_name\" content=\"Cordoba Peace Institute | \u0627\u0644\u0639\u0631\u0628\u064a\u0629\" \/>\n<meta property=\"article:published_time\" content=\"2012-03-16T09:56:41+00:00\" \/>\n<meta property=\"article:modified_time\" content=\"2023-05-30T18:11:17+00:00\" \/>\n<meta property=\"og:image\" content=\"https:\/\/cpi-geneva.org\/ar\/wp-content\/uploads\/sites\/2\/2023\/05\/cpi_rsm_swiss.png\" \/>\n\t<meta property=\"og:image:width\" content=\"1920\" \/>\n\t<meta property=\"og:image:height\" content=\"600\" \/>\n\t<meta property=\"og:image:type\" content=\"image\/png\" \/>\n<meta name=\"author\" content=\"C\u00f2rdoba Geneva\" \/>\n<meta name=\"twitter:card\" content=\"summary_large_image\" \/>\n<meta name=\"twitter:label1\" content=\"\u0643\u064f\u062a\u0628 \u0628\u0648\u0627\u0633\u0637\u0629\" \/>\n\t<meta name=\"twitter:data1\" content=\"C\u00f2rdoba Geneva\" \/>\n\t<meta name=\"twitter:label2\" content=\"\u0648\u0642\u062a \u0627\u0644\u0642\u0631\u0627\u0621\u0629 \u0627\u0644\u0645\u064f\u0642\u062f\u0651\u0631\" \/>\n\t<meta name=\"twitter:data2\" content=\"\u062f\u0642\u064a\u0642\u0629 \u0648\u0627\u062d\u062f\u0629\" \/>\n<script type=\"application\/ld+json\" class=\"yoast-schema-graph\">{\"@context\":\"https:\\\/\\\/schema.org\",\"@graph\":[{\"@type\":\"Article\",\"@id\":\"https:\\\/\\\/cpi-geneva.org\\\/ar\\\/raggruppamento-degli-svizzeri-musulmani\\\/#article\",\"isPartOf\":{\"@id\":\"https:\\\/\\\/cpi-geneva.org\\\/ar\\\/raggruppamento-degli-svizzeri-musulmani\\\/\"},\"author\":{\"name\":\"C\u00f2rdoba Geneva\",\"@id\":\"https:\\\/\\\/cpi-geneva.org\\\/ar\\\/#\\\/schema\\\/person\\\/1f02a815043284cc1f7aa799e32fb07b\"},\"headline\":\"Raggruppamento degli Svizzeri Musulmani\",\"datePublished\":\"2012-03-16T09:56:41+00:00\",\"dateModified\":\"2023-05-30T18:11:17+00:00\",\"mainEntityOfPage\":{\"@id\":\"https:\\\/\\\/cpi-geneva.org\\\/ar\\\/raggruppamento-degli-svizzeri-musulmani\\\/\"},\"wordCount\":136,\"publisher\":{\"@id\":\"https:\\\/\\\/cpi-geneva.org\\\/ar\\\/#organization\"},\"image\":{\"@id\":\"https:\\\/\\\/cpi-geneva.org\\\/ar\\\/raggruppamento-degli-svizzeri-musulmani\\\/#primaryimage\"},\"thumbnailUrl\":\"https:\\\/\\\/cpi-geneva.org\\\/ar\\\/wp-content\\\/uploads\\\/sites\\\/2\\\/2023\\\/05\\\/cpi_rsm_swiss.png\",\"articleSection\":[\"RSM Programme\"],\"inLanguage\":\"ar\"},{\"@type\":\"WebPage\",\"@id\":\"https:\\\/\\\/cpi-geneva.org\\\/ar\\\/raggruppamento-degli-svizzeri-musulmani\\\/\",\"url\":\"https:\\\/\\\/cpi-geneva.org\\\/ar\\\/raggruppamento-degli-svizzeri-musulmani\\\/\",\"name\":\"Raggruppamento degli Svizzeri Musulmani - Cordoba Peace Institute | \u0627\u0644\u0639\u0631\u0628\u064a\u0629\",\"isPartOf\":{\"@id\":\"https:\\\/\\\/cpi-geneva.org\\\/ar\\\/#website\"},\"primaryImageOfPage\":{\"@id\":\"https:\\\/\\\/cpi-geneva.org\\\/ar\\\/raggruppamento-degli-svizzeri-musulmani\\\/#primaryimage\"},\"image\":{\"@id\":\"https:\\\/\\\/cpi-geneva.org\\\/ar\\\/raggruppamento-degli-svizzeri-musulmani\\\/#primaryimage\"},\"thumbnailUrl\":\"https:\\\/\\\/cpi-geneva.org\\\/ar\\\/wp-content\\\/uploads\\\/sites\\\/2\\\/2023\\\/05\\\/cpi_rsm_swiss.png\",\"datePublished\":\"2012-03-16T09:56:41+00:00\",\"dateModified\":\"2023-05-30T18:11:17+00:00\",\"breadcrumb\":{\"@id\":\"https:\\\/\\\/cpi-geneva.org\\\/ar\\\/raggruppamento-degli-svizzeri-musulmani\\\/#breadcrumb\"},\"inLanguage\":\"ar\",\"potentialAction\":[{\"@type\":\"ReadAction\",\"target\":[\"https:\\\/\\\/cpi-geneva.org\\\/ar\\\/raggruppamento-degli-svizzeri-musulmani\\\/\"]}]},{\"@type\":\"ImageObject\",\"inLanguage\":\"ar\",\"@id\":\"https:\\\/\\\/cpi-geneva.org\\\/ar\\\/raggruppamento-degli-svizzeri-musulmani\\\/#primaryimage\",\"url\":\"https:\\\/\\\/cpi-geneva.org\\\/ar\\\/wp-content\\\/uploads\\\/sites\\\/2\\\/2023\\\/05\\\/cpi_rsm_swiss.png\",\"contentUrl\":\"https:\\\/\\\/cpi-geneva.org\\\/ar\\\/wp-content\\\/uploads\\\/sites\\\/2\\\/2023\\\/05\\\/cpi_rsm_swiss.png\",\"width\":1920,\"height\":600},{\"@type\":\"BreadcrumbList\",\"@id\":\"https:\\\/\\\/cpi-geneva.org\\\/ar\\\/raggruppamento-degli-svizzeri-musulmani\\\/#breadcrumb\",\"itemListElement\":[{\"@type\":\"ListItem\",\"position\":1,\"name\":\"Home\",\"item\":\"https:\\\/\\\/cpi-geneva.org\\\/ar\\\/\"},{\"@type\":\"ListItem\",\"position\":2,\"name\":\"Raggruppamento degli Svizzeri Musulmani\"}]},{\"@type\":\"WebSite\",\"@id\":\"https:\\\/\\\/cpi-geneva.org\\\/ar\\\/#website\",\"url\":\"https:\\\/\\\/cpi-geneva.org\\\/ar\\\/\",\"name\":\"Cordoba Peace Institute - Geneva CPI | \u0627\u0644\u0639\u0631\u0628\u064a\u0629\",\"description\":\"CPI Geneva | \u0645\u0639\u0647\u062f \u0642\u0631\u0637\u0628\u0629 \u0644\u0644\u0633\u0644\u0627\u0645  | 20 \u0639\u0627\u0645\u0627\u064b \u0641\u064a \u062e\u062f\u0645\u0629 \u0627\u0644\u0633\u0644\u0627\u0645 | \",\"publisher\":{\"@id\":\"https:\\\/\\\/cpi-geneva.org\\\/ar\\\/#organization\"},\"potentialAction\":[{\"@type\":\"SearchAction\",\"target\":{\"@type\":\"EntryPoint\",\"urlTemplate\":\"https:\\\/\\\/cpi-geneva.org\\\/ar\\\/?s={search_term_string}\"},\"query-input\":{\"@type\":\"PropertyValueSpecification\",\"valueRequired\":true,\"valueName\":\"search_term_string\"}}],\"inLanguage\":\"ar\"},{\"@type\":\"Organization\",\"@id\":\"https:\\\/\\\/cpi-geneva.org\\\/ar\\\/#organization\",\"name\":\"CPI - Geneva | \u0627\u0644\u0639\u0631\u0628\u064a\u0629\",\"url\":\"https:\\\/\\\/cpi-geneva.org\\\/ar\\\/\",\"logo\":{\"@type\":\"ImageObject\",\"inLanguage\":\"ar\",\"@id\":\"https:\\\/\\\/cpi-geneva.org\\\/ar\\\/#\\\/schema\\\/logo\\\/image\\\/\",\"url\":\"https:\\\/\\\/cpi-geneva.org\\\/ar\\\/wp-content\\\/uploads\\\/sites\\\/2\\\/2025\\\/12\\\/CPI-Geneva-1.png\",\"contentUrl\":\"https:\\\/\\\/cpi-geneva.org\\\/ar\\\/wp-content\\\/uploads\\\/sites\\\/2\\\/2025\\\/12\\\/CPI-Geneva-1.png\",\"width\":740,\"height\":740,\"caption\":\"CPI - Geneva | \u0627\u0644\u0639\u0631\u0628\u064a\u0629\"},\"image\":{\"@id\":\"https:\\\/\\\/cpi-geneva.org\\\/ar\\\/#\\\/schema\\\/logo\\\/image\\\/\"}},{\"@type\":\"Person\",\"@id\":\"https:\\\/\\\/cpi-geneva.org\\\/ar\\\/#\\\/schema\\\/person\\\/1f02a815043284cc1f7aa799e32fb07b\",\"name\":\"C\u00f2rdoba Geneva\",\"image\":{\"@type\":\"ImageObject\",\"inLanguage\":\"ar\",\"@id\":\"https:\\\/\\\/secure.gravatar.com\\\/avatar\\\/cf6a4ecb9e914acddd89e4c4cbc3c6fdccfd6614c26ec3023ce0173515d50eff?s=96&d=mm&r=g\",\"url\":\"https:\\\/\\\/secure.gravatar.com\\\/avatar\\\/cf6a4ecb9e914acddd89e4c4cbc3c6fdccfd6614c26ec3023ce0173515d50eff?s=96&d=mm&r=g\",\"contentUrl\":\"https:\\\/\\\/secure.gravatar.com\\\/avatar\\\/cf6a4ecb9e914acddd89e4c4cbc3c6fdccfd6614c26ec3023ce0173515d50eff?s=96&d=mm&r=g\",\"caption\":\"C\u00f2rdoba Geneva\"},\"url\":\"https:\\\/\\\/cpi-geneva.org\\\/ar\\\/author\\\/corwebmaster\\\/\"}]}<\/script>\n<!-- \/ Yoast SEO plugin. -->","yoast_head_json":{"title":"Raggruppamento degli Svizzeri Musulmani - Cordoba Peace Institute | \u0627\u0644\u0639\u0631\u0628\u064a\u0629","robots":{"index":"index","follow":"follow","max-snippet":"max-snippet:-1","max-image-preview":"max-image-preview:large","max-video-preview":"max-video-preview:-1"},"canonical":"https:\/\/cpi-geneva.org\/ar\/raggruppamento-degli-svizzeri-musulmani\/","og_locale":"ar_AR","og_type":"article","og_title":"Raggruppamento degli Svizzeri Musulmani - Cordoba Peace Institute | \u0627\u0644\u0639\u0631\u0628\u064a\u0629","og_description":"Minareti, due anni dopo: Raccomandazioni del Raggrupamento di Svizzeri Musulmani, per sostituire il rifiuto con il rispetto Nel 2009, i musulmani di Svizzera sono stati stigmatizzati dal voto &#8216;anti-minareti&#8217;. Su iniziativa della Fondazione Cordoba di Ginevra, si \u00e8 riunito un raggruppamento degli Svizzeri musulmani (RSM) in uno sforzo di scambio e riconciliazione, allo scopo di [&hellip;]","og_url":"https:\/\/cpi-geneva.org\/ar\/raggruppamento-degli-svizzeri-musulmani\/","og_site_name":"Cordoba Peace Institute | \u0627\u0644\u0639\u0631\u0628\u064a\u0629","article_published_time":"2012-03-16T09:56:41+00:00","article_modified_time":"2023-05-30T18:11:17+00:00","og_image":[{"width":1920,"height":600,"url":"https:\/\/cpi-geneva.org\/ar\/wp-content\/uploads\/sites\/2\/2023\/05\/cpi_rsm_swiss.png","type":"image\/png"}],"author":"C\u00f2rdoba Geneva","twitter_card":"summary_large_image","twitter_misc":{"\u0643\u064f\u062a\u0628 \u0628\u0648\u0627\u0633\u0637\u0629":"C\u00f2rdoba Geneva","\u0648\u0642\u062a \u0627\u0644\u0642\u0631\u0627\u0621\u0629 \u0627\u0644\u0645\u064f\u0642\u062f\u0651\u0631":"\u062f\u0642\u064a\u0642\u0629 \u0648\u0627\u062d\u062f\u0629"},"schema":{"@context":"https:\/\/schema.org","@graph":[{"@type":"Article","@id":"https:\/\/cpi-geneva.org\/ar\/raggruppamento-degli-svizzeri-musulmani\/#article","isPartOf":{"@id":"https:\/\/cpi-geneva.org\/ar\/raggruppamento-degli-svizzeri-musulmani\/"},"author":{"name":"C\u00f2rdoba Geneva","@id":"https:\/\/cpi-geneva.org\/ar\/#\/schema\/person\/1f02a815043284cc1f7aa799e32fb07b"},"headline":"Raggruppamento degli Svizzeri Musulmani","datePublished":"2012-03-16T09:56:41+00:00","dateModified":"2023-05-30T18:11:17+00:00","mainEntityOfPage":{"@id":"https:\/\/cpi-geneva.org\/ar\/raggruppamento-degli-svizzeri-musulmani\/"},"wordCount":136,"publisher":{"@id":"https:\/\/cpi-geneva.org\/ar\/#organization"},"image":{"@id":"https:\/\/cpi-geneva.org\/ar\/raggruppamento-degli-svizzeri-musulmani\/#primaryimage"},"thumbnailUrl":"https:\/\/cpi-geneva.org\/ar\/wp-content\/uploads\/sites\/2\/2023\/05\/cpi_rsm_swiss.png","articleSection":["RSM Programme"],"inLanguage":"ar"},{"@type":"WebPage","@id":"https:\/\/cpi-geneva.org\/ar\/raggruppamento-degli-svizzeri-musulmani\/","url":"https:\/\/cpi-geneva.org\/ar\/raggruppamento-degli-svizzeri-musulmani\/","name":"Raggruppamento degli Svizzeri Musulmani - Cordoba Peace Institute | \u0627\u0644\u0639\u0631\u0628\u064a\u0629","isPartOf":{"@id":"https:\/\/cpi-geneva.org\/ar\/#website"},"primaryImageOfPage":{"@id":"https:\/\/cpi-geneva.org\/ar\/raggruppamento-degli-svizzeri-musulmani\/#primaryimage"},"image":{"@id":"https:\/\/cpi-geneva.org\/ar\/raggruppamento-degli-svizzeri-musulmani\/#primaryimage"},"thumbnailUrl":"https:\/\/cpi-geneva.org\/ar\/wp-content\/uploads\/sites\/2\/2023\/05\/cpi_rsm_swiss.png","datePublished":"2012-03-16T09:56:41+00:00","dateModified":"2023-05-30T18:11:17+00:00","breadcrumb":{"@id":"https:\/\/cpi-geneva.org\/ar\/raggruppamento-degli-svizzeri-musulmani\/#breadcrumb"},"inLanguage":"ar","potentialAction":[{"@type":"ReadAction","target":["https:\/\/cpi-geneva.org\/ar\/raggruppamento-degli-svizzeri-musulmani\/"]}]},{"@type":"ImageObject","inLanguage":"ar","@id":"https:\/\/cpi-geneva.org\/ar\/raggruppamento-degli-svizzeri-musulmani\/#primaryimage","url":"https:\/\/cpi-geneva.org\/ar\/wp-content\/uploads\/sites\/2\/2023\/05\/cpi_rsm_swiss.png","contentUrl":"https:\/\/cpi-geneva.org\/ar\/wp-content\/uploads\/sites\/2\/2023\/05\/cpi_rsm_swiss.png","width":1920,"height":600},{"@type":"BreadcrumbList","@id":"https:\/\/cpi-geneva.org\/ar\/raggruppamento-degli-svizzeri-musulmani\/#breadcrumb","itemListElement":[{"@type":"ListItem","position":1,"name":"Home","item":"https:\/\/cpi-geneva.org\/ar\/"},{"@type":"ListItem","position":2,"name":"Raggruppamento degli Svizzeri Musulmani"}]},{"@type":"WebSite","@id":"https:\/\/cpi-geneva.org\/ar\/#website","url":"https:\/\/cpi-geneva.org\/ar\/","name":"Cordoba Peace Institute - Geneva CPI | \u0627\u0644\u0639\u0631\u0628\u064a\u0629","description":"CPI Geneva | \u0645\u0639\u0647\u062f \u0642\u0631\u0637\u0628\u0629 \u0644\u0644\u0633\u0644\u0627\u0645  | 20 \u0639\u0627\u0645\u0627\u064b \u0641\u064a \u062e\u062f\u0645\u0629 \u0627\u0644\u0633\u0644\u0627\u0645 | ","publisher":{"@id":"https:\/\/cpi-geneva.org\/ar\/#organization"},"potentialAction":[{"@type":"SearchAction","target":{"@type":"EntryPoint","urlTemplate":"https:\/\/cpi-geneva.org\/ar\/?s={search_term_string}"},"query-input":{"@type":"PropertyValueSpecification","valueRequired":true,"valueName":"search_term_string"}}],"inLanguage":"ar"},{"@type":"Organization","@id":"https:\/\/cpi-geneva.org\/ar\/#organization","name":"CPI - Geneva | \u0627\u0644\u0639\u0631\u0628\u064a\u0629","url":"https:\/\/cpi-geneva.org\/ar\/","logo":{"@type":"ImageObject","inLanguage":"ar","@id":"https:\/\/cpi-geneva.org\/ar\/#\/schema\/logo\/image\/","url":"https:\/\/cpi-geneva.org\/ar\/wp-content\/uploads\/sites\/2\/2025\/12\/CPI-Geneva-1.png","contentUrl":"https:\/\/cpi-geneva.org\/ar\/wp-content\/uploads\/sites\/2\/2025\/12\/CPI-Geneva-1.png","width":740,"height":740,"caption":"CPI - Geneva | \u0627\u0644\u0639\u0631\u0628\u064a\u0629"},"image":{"@id":"https:\/\/cpi-geneva.org\/ar\/#\/schema\/logo\/image\/"}},{"@type":"Person","@id":"https:\/\/cpi-geneva.org\/ar\/#\/schema\/person\/1f02a815043284cc1f7aa799e32fb07b","name":"C\u00f2rdoba Geneva","image":{"@type":"ImageObject","inLanguage":"ar","@id":"https:\/\/secure.gravatar.com\/avatar\/cf6a4ecb9e914acddd89e4c4cbc3c6fdccfd6614c26ec3023ce0173515d50eff?s=96&d=mm&r=g","url":"https:\/\/secure.gravatar.com\/avatar\/cf6a4ecb9e914acddd89e4c4cbc3c6fdccfd6614c26ec3023ce0173515d50eff?s=96&d=mm&r=g","contentUrl":"https:\/\/secure.gravatar.com\/avatar\/cf6a4ecb9e914acddd89e4c4cbc3c6fdccfd6614c26ec3023ce0173515d50eff?s=96&d=mm&r=g","caption":"C\u00f2rdoba Geneva"},"url":"https:\/\/cpi-geneva.org\/ar\/author\/corwebmaster\/"}]}},"featured_image_src":{"landsacpe":["https:\/\/cpi-geneva.org\/ar\/wp-content\/uploads\/sites\/2\/2023\/05\/cpi_rsm_swiss-1140x445.png",1140,445,true],"list":["https:\/\/cpi-geneva.org\/ar\/wp-content\/uploads\/sites\/2\/2023\/05\/cpi_rsm_swiss-463x348.png",463,348,true],"medium":["https:\/\/cpi-geneva.org\/ar\/wp-content\/uploads\/sites\/2\/2023\/05\/cpi_rsm_swiss-300x94.png",300,94,true],"full":["https:\/\/cpi-geneva.org\/ar\/wp-content\/uploads\/sites\/2\/2023\/05\/cpi_rsm_swiss.png",1920,600,false]},"_links":{"self":[{"href":"https:\/\/cpi-geneva.org\/ar\/wp-json\/wp\/v2\/posts\/52","targetHints":{"allow":["GET"]}}],"collection":[{"href":"https:\/\/cpi-geneva.org\/ar\/wp-json\/wp\/v2\/posts"}],"about":[{"href":"https:\/\/cpi-geneva.org\/ar\/wp-json\/wp\/v2\/types\/post"}],"author":[{"embeddable":true,"href":"https:\/\/cpi-geneva.org\/ar\/wp-json\/wp\/v2\/users\/2"}],"replies":[{"embeddable":true,"href":"https:\/\/cpi-geneva.org\/ar\/wp-json\/wp\/v2\/comments?post=52"}],"version-history":[{"count":2,"href":"https:\/\/cpi-geneva.org\/ar\/wp-json\/wp\/v2\/posts\/52\/revisions"}],"predecessor-version":[{"id":5194,"href":"https:\/\/cpi-geneva.org\/ar\/wp-json\/wp\/v2\/posts\/52\/revisions\/5194"}],"wp:featuredmedia":[{"embeddable":true,"href":"https:\/\/cpi-geneva.org\/ar\/wp-json\/wp\/v2\/media\/5101"}],"wp:attachment":[{"href":"https:\/\/cpi-geneva.org\/ar\/wp-json\/wp\/v2\/media?parent=52"}],"wp:term":[{"taxonomy":"category","embeddable":true,"href":"https:\/\/cpi-geneva.org\/ar\/wp-json\/wp\/v2\/categories?post=52"},{"taxonomy":"post_tag","embeddable":true,"href":"https:\/\/cpi-geneva.org\/ar\/wp-json\/wp\/v2\/tags?post=52"}],"curies":[{"name":"wp","href":"https:\/\/api.w.org\/{rel}","templated":true}]}}