{"id":226,"date":"2008-01-01T22:45:40","date_gmt":"2008-01-01T22:45:40","guid":{"rendered":"https:\/\/cpi-geneva.org\/ar\/2008\/01\/01\/bienvenue-a-lan-sept-de-lere-de-labrutissement-du-citoyen\/"},"modified":"2023-05-31T12:43:20","modified_gmt":"2023-05-31T11:43:20","slug":"bienvenue-a-lan-sept-de-lere-de-labrutissement-du-citoyen","status":"publish","type":"post","link":"https:\/\/cpi-geneva.org\/ar\/bienvenue-a-lan-sept-de-lere-de-labrutissement-du-citoyen\/","title":{"rendered":"Bienvenue \u00e0 l\u2019an sept* de l\u2019\u00e8re de l\u2019abrutissement du citoyen !"},"content":{"rendered":"<p>A un jour du d\u00e9but de l\u2019ann\u00e9e 2008 on nous a appris la mort d\u2019un d\u00e9tenu du camp de d\u00e9tention de Guant\u00e1namo Bay. Apr\u00e8s quatre \u00ab suicides \u00bb dans ce camp de sinistre r\u00e9putation (1), trois simultan\u00e9s (un Y\u00e9m\u00e9nite et deux Saoudiens) le 10 juin 2006 et un quatri\u00e8me le 30 mai 2007 (un Saoudien), nous voil\u00e0 avec une cinqui\u00e8me victime (un Afghan). Abdul Razzak, \u00e2g\u00e9 de 68 ans, ne s\u2019est pas, lui, suicid\u00e9 ; il est d\u00e9c\u00e9d\u00e9 le 30 d\u00e9cembre d&#8217;un cancer colorectal apr\u00e8s avoir subi une chimioth\u00e9rapie depuis le mois d\u2019octobre. Arr\u00eat\u00e9 en janvier 2003, Abdul Razzak est pr\u00e9sent\u00e9 par les autorit\u00e9s am\u00e9ricaines comme \u00ab ayant eu de nombreux liens avec des forces hostiles \u00e0 la coalition \u00bb.<\/p>\n<p>\u00c0 Guant\u00e1namo pr\u00e8s de 300 d\u00e9tenus croupissent encore dans des conditions inhumaines, certains d\u2019entre eux souffrant de graves pathologies, sans \u00eatre jug\u00e9s ni m\u00eame inculp\u00e9s. Ils sont pris dans un v\u00e9ritable pi\u00e8ge. Ils ne veulent pas \u00eatre remis aux autorit\u00e9s de leurs pays d\u2019origine o\u00f9 ils risquent de subir un traitement pire qu\u2019\u00e0 Guant\u00e1namo, les autorit\u00e9s am\u00e9ricaines qui ne cherchent qu\u2019\u00e0 s\u2019en d\u00e9barrasser leur refusent l\u2019acc\u00e8s au sol am\u00e9ricain de peur qu\u2019ils n\u2019intentent des proc\u00e8s contre le gouvernement \u00e9tatsunien, et aucun pays tiers n\u2019est dispos\u00e9 \u00e0 les accueillir.<\/p>\n<p>La fin de l\u2019ann\u00e9e 2007 a aussi \u00e9t\u00e9 une p\u00e9riode o\u00f9 l\u2019\u00e9pouvantail \u00ab Al-Qa\u00efda \u00bb \u00e0 \u00e9t\u00e9 agit\u00e9 \u00e0 outrance.<\/p>\n<p>Deux explosions endeuillent le 11 d\u00e9cembre deux quartiers d\u2019Alger (Benaknoun et Hydra), et le ministre de l\u2019int\u00e9rieur alg\u00e9rien, Yazid Zerhouni, livre imm\u00e9diatement \u00e0 la presse sa \u00ab conviction \u00bb que c\u2019est l\u2019\u0153uvre d\u2019\u00ab Al-Qa\u00efda \u00bb, alors que beaucoup d\u2019observateurs y voient l\u2019expression habituelle en Alg\u00e9rie d\u2019une lutte inter clanique au sommet du pouvoir, cette fois-ci vraisemblablement au sujet du troisi\u00e8me mandat pr\u00e9sidentiel d\u2019Abdelaziz Bouteflika. Et lorsqu\u2019on lui a reproch\u00e9 de ne pas attendre le d\u00e9roulement et les r\u00e9sultats d\u2019une enqu\u00eate, les m\u00e9dias alg\u00e9riens \u00ab libres et ind\u00e9pendants \u00bb produisent dans les heures qui suivent un communiqu\u00e9 de la \u00ab Branche d&#8217;Al-Qa\u00efda au Maghreb islamique \u00bb revendiquant les attentats.<\/p>\n<p>Quatre Fran\u00e7ais sont tu\u00e9s, et un cinqui\u00e8me gri\u00e8vement bless\u00e9 par balles, le 24 d\u00e9cembre en Mauritanie, dans une attaque d&#8217;hommes arm\u00e9s non identifi\u00e9s sur une route pr\u00e8s d&#8217;Aleg, \u00e0 l&#8217;est de Nouakchott. Les m\u00e9dias, notamment fran\u00e7ais, ont d\u2019abord parl\u00e9 d\u2019un crime crapuleux et d&#8217;une \u00ab tentative de vol \u00e0 main arm\u00e9e par trois hommes circulant \u00e0 bord d&#8217;une berline \u00bb, mais le ministre de l\u2019int\u00e9rieur mauritanien, Yall Zakaria Alassane, est venu affirmer deux jours plus tard qu\u2019il s\u2019agit d\u2019un \u00ab acte terroriste \u00bb commis par des groupes affili\u00e9s \u00e0 Al-Qa\u00efda. Ce sera l\u2019occasion d\u2019op\u00e9rer des purges dans les rangs de la mouvance islamique en Mauritanie, dont de nombreux membres n\u2019ont \u00e9t\u00e9 lib\u00e9r\u00e9s que r\u00e9cemment suite \u00e0 la pression internationale. Le porte-parole de Yall Alassane expliquera que les actes terroristes, c\u2019est le prix que la Mauritanie doit payer par avoir acc\u00e9d\u00e9 \u00e0 l\u2019\u00e8re de la mondialisation.<\/p>\n<p>Un attentat \u00e0 Rawalpindi pr\u00e8s d\u2019Islamabad co\u00fbte la vie le 27 d\u00e9cembre \u00e0 l\u2019ancien Premier ministre Benazir Bhutto. Beaucoup de Pakistanais suspectent les services de renseignement de son adversaire farouche Pervez Musharraf, mais le ministre pakistanais de l\u2019int\u00e9rieur, Hamid Nawaz, s\u2019empresse de d\u00e9clarer : \u00ab Nous avons la preuve qu\u2019Al-Qa\u00efda et les talibans sont derri\u00e8re l\u2019attentat-suicide contre Benazir Bhutto \u00bb. En quoi consistent ces preuves ? En une communication t\u00e9l\u00e9phonique intercept\u00e9e par ses services dans laquelle le chef pr\u00e9sum\u00e9 d\u2019Al-Qa\u00efda au Pakistan, Ba\u00eftullah Mehsud, \u00ab f\u00e9licitait un de ses hommes apr\u00e8s l&#8217;attentat \u00bb. Ce dernier d\u00e9mentira de suite cette version des faits et niera toute implication dans ce meurtre.<\/p>\n<p>A part leur atrocit\u00e9, ce que ces \u00e9v\u00e9nements ont en commun, c\u2019est qu\u2019ils repr\u00e9sentent des \u00ab opportunit\u00e9s politiciennes \u00bb pour des r\u00e9gimes r\u00e9pressifs et corrompus qui, d\u00e9sormais, ne jurent que par Al-Qa\u00efda pour \u00eatre agr\u00e9\u00e9s par leur ma\u00eetre locataire de la Maison blanche. Le r\u00e9gime alg\u00e9rien, au bord de l\u2019\u00e9croulement en 2001, a provisoirement retrouv\u00e9 un second souffle apr\u00e8s les \u00e9v\u00e9nements du 11 Septembre et a m\u00eame r\u00e9ussi \u00e0 \u00ab se vendre \u00bb outre Atlantique comme \u00e9tant \u00ab l\u2019Expert \u00bb en mati\u00e8re de lutte antiterroriste, moyennant soutien multiforme.<\/p>\n<p>Pour faire croire \u00e0 leurs th\u00e8ses, les autorit\u00e9s de ces pays nous produisent des \u00ab communiqu\u00e9s \u00bb, des \u00ab appels t\u00e9l\u00e9phoniques \u00bb, impossibles \u00e0 authentifier, et d\u2019autres \u00ab indices \u00bb impossibles \u00e0 v\u00e9rifier. Ceci me rappelle les ann\u00e9es 90 lorsque le GIA s\u00e9vissait en Alg\u00e9rie. Des communiqu\u00e9s se d\u00e9versaient d\u2019Alger sur les r\u00e9dactions mondiales, sans que personne ne puisse les authentifier, et des porte-paroles du GIA \u00e0 l\u2019\u00e9tranger \u00e9taient branch\u00e9s sur des casernes militaires en Alg\u00e9rie pour prendre leurs instructions (voir Paris-Match du 9 octobre 1997).<\/p>\n<p>Pour les Alg\u00e9riens qui ont v\u00e9cu les \u00e9v\u00e9nements tragiques des ann\u00e9es 90, et qui ont d\u00e9couvert par la suite comment certains cercles du r\u00e9gime militaire alg\u00e9rien avaient instrumentalis\u00e9 la violence, les attentats, les massacres et autres crimes contre l\u2019humanit\u00e9, \u00e0 des fins strat\u00e9giques et politiques \u2013 dans le cadre de la lutte contre insurrectionnelle \u2013 Al-Qa\u00efda ne repr\u00e9sente que le mutant du GIA \u00e0 l\u2019\u00e9chelle mondiale.<\/p>\n<p>Et si Al-Qa\u00efda n\u2019\u00e9tait qu\u2019un fant\u00f4me fabriqu\u00e9 par des experts de la strat\u00e9gie COIN (COunter INsurgency), outil bien r\u00f4d\u00e9, et discipline bien \u00e9tablie dans la plupart des acad\u00e9mies militaires du monde, notamment occidentales, car plusieurs fois \u00e9prouv\u00e9e dans les continents du Sud durant la seconde moiti\u00e9 du 20\u00e8me si\u00e8cle ? Pourquoi ce fant\u00f4me \u00e9pouvantable ? Afin de faire diversion sur ce qui se passe dans les nombreux Guant\u00e1namo \u00e9rig\u00e9s dans les quatre coins du monde, afin de faire oublier la guerre men\u00e9e contre l\u2019Humanit\u00e9 (r\u00e9pression, humiliation, pillage, etc.), dans les Etats de non droit, de plus en plus nombreux.<\/p>\n<p>Je sais que c\u2019est une question qui d\u00e9range. Elle met mal \u00e0 l\u2019aise parce qu\u2019on refuse d\u2019admettre, en tant que citoyen vivant au 21\u00e8me si\u00e8cle, \u00e0 l\u2019\u00e8re d\u2019Internet et du t\u00e9l\u00e9phone portable, que l\u2019on puisse \u00eatre une victime malheureuse d\u2019une grosse \u00ab escroquerie intellectuelle \u00bb ? Parce qu\u2019on porte en soi l\u2019assurance, voire l\u2019arrogance, de celui qui a perdu la capacit\u00e9 de questionner les choses et d\u2019interroger les \u00e9v\u00e9nements. C\u2019est le mal de ce si\u00e8cle naissant, l\u2019absence de sens critique, non pas chez le commun des mortels, mais chez les \u00ab \u00e9lites \u00bb, form\u00e9es pourtant pour chercher \u00e0 d\u00e9m\u00ealer le vrai du faux.<\/p>\n<p>Autrement, comment peut-on expliquer que les citoyens fassent une confiance aveugle aux discours officiels dominants ?<\/p>\n<p>En r\u00e9alit\u00e9, si on \u00ab avale \u00bb si facilement ces discours, sans avoir le temps de les \u00ab m\u00e2cher \u00bb convenablement, c\u2019est parce qu\u2019on est soumis \u00e0 une machine m\u00e9diatique redoutable qui les propage en continu, une machine directement ou indirectement aux ordres, qui fait appel pour les \u00ab valider \u00bb, \u00e0 des \u00ab experts \u00bb, autoproclam\u00e9s, es terrorisme, es monde arabe, es Maghreb, es islam, etc. qui viennent nous livrer leurs ex\u00e9g\u00e8ses fumeuses des th\u00e8ses d\u00e9cr\u00e9t\u00e9es par des r\u00e9gimes criminels \u00e0 l\u2019\u00e9chelle nationale ou mondiale. Le dernier scoop \u00e9mis r\u00e9cemment par un pr\u00e9tendu \u00ab expert es Al-Qa\u00efda \u00bb invit\u00e9 sur le plateau de la cha\u00eene France 24, est que la \u00ab Branche d&#8217;Al-Qa\u00efda au Maghreb islamique \u00bb vient d\u2019instituer un dipl\u00f4me en \u00ab sciences du jihad \u00bb pour concurrencer les branches traditionnelles ! Cette nouvelle lui a permis \u00e9videmment d\u2019expliquer pourquoi un bus d\u2019\u00e9tudiants \u00e9tait pr\u00e8s du site de l\u2019une des explosions d\u2019Alger.<\/p>\n<p>Si on \u00ab avale \u00bb si facilement ces discours, \u00e0 en subir une \u00ab indigestion intellectuelle \u00bb, c\u2019est parce qu\u2019ils sont accr\u00e9dit\u00e9s par le silence compr\u00e9hensible des services de renseignement, au fait de ce qui se trame derri\u00e8re la sc\u00e8ne, et surtout le silence complice des chancelleries qui taisent ce qu\u2019elles savent pour pr\u00e9server des int\u00e9r\u00eats politiques et\/ou \u00e9conomiques. A ce sujet, je me rappelle les propos de cet officier de la DST fran\u00e7aise, que j\u2019ai rencontr\u00e9 il y a plus de dix ans, au sujet des attentats commis \u00e0 Paris en 1995 : \u00ab Notre police scientifique a fait son boulot. Nous avons pu identifier des pistes qui m\u00e8nent aux services alg\u00e9riens. Nous avons \u00e9tabli un rapport d\u2019enqu\u00eate, mais les autorit\u00e9s politiques ont pr\u00e9f\u00e9r\u00e9 le mettre dans le tiroir. \u00bb<\/p>\n<p>Puisse l\u2019ann\u00e9e 2008 nous ouvrir les yeux et le c\u0153ur pour y voir plus clair afin de ne pas mourir idiots.<\/p>\n<p>Abbas Aroua<br \/>\n1er janvier 2008<\/p>\n<p>* Le calendrier de l\u2019abrutissement a comme date d\u2019origine un 11 Septembre 2001<\/p>\n","protected":false},"excerpt":{"rendered":"<p>A un jour du d\u00e9but de l\u2019ann\u00e9e 2008 on nous a appris la mort d\u2019un d\u00e9tenu du camp de d\u00e9tention de Guant\u00e1namo Bay. Apr\u00e8s quatre \u00ab suicides \u00bb dans ce camp de sinistre r\u00e9putation (1), trois simultan\u00e9s (un Y\u00e9m\u00e9nite et deux Saoudiens) le 10 juin 2006 et un quatri\u00e8me le 30 mai 2007 (un Saoudien), [&hellip;]<\/p>\n","protected":false},"author":2,"featured_media":5090,"comment_status":"closed","ping_status":"open","sticky":false,"template":"","format":"standard","meta":{"footnotes":""},"categories":[3],"tags":[],"class_list":["post-226","post","type-post","status-publish","format-standard","has-post-thumbnail","hentry","category-contributions"],"yoast_head":"<!-- This site is optimized with the Yoast SEO plugin v27.4 - https:\/\/yoast.com\/product\/yoast-seo-wordpress\/ -->\n<title>Bienvenue \u00e0 l\u2019an sept* de l\u2019\u00e8re de l\u2019abrutissement du citoyen ! - Cordoba Peace Institute | \u0627\u0644\u0639\u0631\u0628\u064a\u0629<\/title>\n<meta name=\"robots\" content=\"index, follow, max-snippet:-1, max-image-preview:large, max-video-preview:-1\" \/>\n<link rel=\"canonical\" href=\"https:\/\/cpi-geneva.org\/ar\/bienvenue-a-lan-sept-de-lere-de-labrutissement-du-citoyen\/\" \/>\n<meta property=\"og:locale\" content=\"ar_AR\" \/>\n<meta property=\"og:type\" content=\"article\" \/>\n<meta property=\"og:title\" content=\"Bienvenue \u00e0 l\u2019an sept* de l\u2019\u00e8re de l\u2019abrutissement du citoyen ! - Cordoba Peace Institute | \u0627\u0644\u0639\u0631\u0628\u064a\u0629\" \/>\n<meta property=\"og:description\" content=\"A un jour du d\u00e9but de l\u2019ann\u00e9e 2008 on nous a appris la mort d\u2019un d\u00e9tenu du camp de d\u00e9tention de Guant\u00e1namo Bay. Apr\u00e8s quatre \u00ab suicides \u00bb dans ce camp de sinistre r\u00e9putation (1), trois simultan\u00e9s (un Y\u00e9m\u00e9nite et deux Saoudiens) le 10 juin 2006 et un quatri\u00e8me le 30 mai 2007 (un Saoudien), [&hellip;]\" \/>\n<meta property=\"og:url\" content=\"https:\/\/cpi-geneva.org\/ar\/bienvenue-a-lan-sept-de-lere-de-labrutissement-du-citoyen\/\" \/>\n<meta property=\"og:site_name\" content=\"Cordoba Peace Institute | \u0627\u0644\u0639\u0631\u0628\u064a\u0629\" \/>\n<meta property=\"article:published_time\" content=\"2008-01-01T22:45:40+00:00\" \/>\n<meta property=\"article:modified_time\" content=\"2023-05-31T11:43:20+00:00\" \/>\n<meta property=\"og:image\" content=\"https:\/\/cpi-geneva.org\/ar\/wp-content\/uploads\/sites\/2\/2023\/05\/cpi-geneva_blue_cover.png\" \/>\n\t<meta property=\"og:image:width\" content=\"1920\" \/>\n\t<meta property=\"og:image:height\" content=\"600\" \/>\n\t<meta property=\"og:image:type\" content=\"image\/png\" \/>\n<meta name=\"author\" content=\"C\u00f2rdoba Geneva\" \/>\n<meta name=\"twitter:card\" content=\"summary_large_image\" \/>\n<meta name=\"twitter:label1\" content=\"\u0643\u064f\u062a\u0628 \u0628\u0648\u0627\u0633\u0637\u0629\" \/>\n\t<meta name=\"twitter:data1\" content=\"C\u00f2rdoba Geneva\" \/>\n\t<meta name=\"twitter:label2\" content=\"\u0648\u0642\u062a \u0627\u0644\u0642\u0631\u0627\u0621\u0629 \u0627\u0644\u0645\u064f\u0642\u062f\u0651\u0631\" \/>\n\t<meta name=\"twitter:data2\" content=\"8 \u062f\u0642\u0627\u0626\u0642\" \/>\n<script type=\"application\/ld+json\" class=\"yoast-schema-graph\">{\"@context\":\"https:\\\/\\\/schema.org\",\"@graph\":[{\"@type\":\"Article\",\"@id\":\"https:\\\/\\\/cpi-geneva.org\\\/ar\\\/bienvenue-a-lan-sept-de-lere-de-labrutissement-du-citoyen\\\/#article\",\"isPartOf\":{\"@id\":\"https:\\\/\\\/cpi-geneva.org\\\/ar\\\/bienvenue-a-lan-sept-de-lere-de-labrutissement-du-citoyen\\\/\"},\"author\":{\"name\":\"C\u00f2rdoba Geneva\",\"@id\":\"https:\\\/\\\/cpi-geneva.org\\\/ar\\\/#\\\/schema\\\/person\\\/1f02a815043284cc1f7aa799e32fb07b\"},\"headline\":\"Bienvenue \u00e0 l\u2019an sept* de l\u2019\u00e8re de l\u2019abrutissement du citoyen !\",\"datePublished\":\"2008-01-01T22:45:40+00:00\",\"dateModified\":\"2023-05-31T11:43:20+00:00\",\"mainEntityOfPage\":{\"@id\":\"https:\\\/\\\/cpi-geneva.org\\\/ar\\\/bienvenue-a-lan-sept-de-lere-de-labrutissement-du-citoyen\\\/\"},\"wordCount\":1539,\"publisher\":{\"@id\":\"https:\\\/\\\/cpi-geneva.org\\\/ar\\\/#organization\"},\"image\":{\"@id\":\"https:\\\/\\\/cpi-geneva.org\\\/ar\\\/bienvenue-a-lan-sept-de-lere-de-labrutissement-du-citoyen\\\/#primaryimage\"},\"thumbnailUrl\":\"https:\\\/\\\/cpi-geneva.org\\\/ar\\\/wp-content\\\/uploads\\\/sites\\\/2\\\/2023\\\/05\\\/cpi-geneva_blue_cover.png\",\"articleSection\":[\"\u0645\u0633\u0627\u0647\u0645\u0627\u062a\"],\"inLanguage\":\"ar\"},{\"@type\":\"WebPage\",\"@id\":\"https:\\\/\\\/cpi-geneva.org\\\/ar\\\/bienvenue-a-lan-sept-de-lere-de-labrutissement-du-citoyen\\\/\",\"url\":\"https:\\\/\\\/cpi-geneva.org\\\/ar\\\/bienvenue-a-lan-sept-de-lere-de-labrutissement-du-citoyen\\\/\",\"name\":\"Bienvenue \u00e0 l\u2019an sept* de l\u2019\u00e8re de l\u2019abrutissement du citoyen ! - Cordoba Peace Institute | \u0627\u0644\u0639\u0631\u0628\u064a\u0629\",\"isPartOf\":{\"@id\":\"https:\\\/\\\/cpi-geneva.org\\\/ar\\\/#website\"},\"primaryImageOfPage\":{\"@id\":\"https:\\\/\\\/cpi-geneva.org\\\/ar\\\/bienvenue-a-lan-sept-de-lere-de-labrutissement-du-citoyen\\\/#primaryimage\"},\"image\":{\"@id\":\"https:\\\/\\\/cpi-geneva.org\\\/ar\\\/bienvenue-a-lan-sept-de-lere-de-labrutissement-du-citoyen\\\/#primaryimage\"},\"thumbnailUrl\":\"https:\\\/\\\/cpi-geneva.org\\\/ar\\\/wp-content\\\/uploads\\\/sites\\\/2\\\/2023\\\/05\\\/cpi-geneva_blue_cover.png\",\"datePublished\":\"2008-01-01T22:45:40+00:00\",\"dateModified\":\"2023-05-31T11:43:20+00:00\",\"breadcrumb\":{\"@id\":\"https:\\\/\\\/cpi-geneva.org\\\/ar\\\/bienvenue-a-lan-sept-de-lere-de-labrutissement-du-citoyen\\\/#breadcrumb\"},\"inLanguage\":\"ar\",\"potentialAction\":[{\"@type\":\"ReadAction\",\"target\":[\"https:\\\/\\\/cpi-geneva.org\\\/ar\\\/bienvenue-a-lan-sept-de-lere-de-labrutissement-du-citoyen\\\/\"]}]},{\"@type\":\"ImageObject\",\"inLanguage\":\"ar\",\"@id\":\"https:\\\/\\\/cpi-geneva.org\\\/ar\\\/bienvenue-a-lan-sept-de-lere-de-labrutissement-du-citoyen\\\/#primaryimage\",\"url\":\"https:\\\/\\\/cpi-geneva.org\\\/ar\\\/wp-content\\\/uploads\\\/sites\\\/2\\\/2023\\\/05\\\/cpi-geneva_blue_cover.png\",\"contentUrl\":\"https:\\\/\\\/cpi-geneva.org\\\/ar\\\/wp-content\\\/uploads\\\/sites\\\/2\\\/2023\\\/05\\\/cpi-geneva_blue_cover.png\",\"width\":1920,\"height\":600},{\"@type\":\"BreadcrumbList\",\"@id\":\"https:\\\/\\\/cpi-geneva.org\\\/ar\\\/bienvenue-a-lan-sept-de-lere-de-labrutissement-du-citoyen\\\/#breadcrumb\",\"itemListElement\":[{\"@type\":\"ListItem\",\"position\":1,\"name\":\"Home\",\"item\":\"https:\\\/\\\/cpi-geneva.org\\\/ar\\\/\"},{\"@type\":\"ListItem\",\"position\":2,\"name\":\"Bienvenue \u00e0 l\u2019an sept* de l\u2019\u00e8re de l\u2019abrutissement du citoyen !\"}]},{\"@type\":\"WebSite\",\"@id\":\"https:\\\/\\\/cpi-geneva.org\\\/ar\\\/#website\",\"url\":\"https:\\\/\\\/cpi-geneva.org\\\/ar\\\/\",\"name\":\"Cordoba Peace Institute - Geneva CPI | \u0627\u0644\u0639\u0631\u0628\u064a\u0629\",\"description\":\"CPI Geneva | \u0645\u0639\u0647\u062f \u0642\u0631\u0637\u0628\u0629 \u0644\u0644\u0633\u0644\u0627\u0645  | 20 \u0639\u0627\u0645\u0627\u064b \u0641\u064a \u062e\u062f\u0645\u0629 \u0627\u0644\u0633\u0644\u0627\u0645 | \",\"publisher\":{\"@id\":\"https:\\\/\\\/cpi-geneva.org\\\/ar\\\/#organization\"},\"potentialAction\":[{\"@type\":\"SearchAction\",\"target\":{\"@type\":\"EntryPoint\",\"urlTemplate\":\"https:\\\/\\\/cpi-geneva.org\\\/ar\\\/?s={search_term_string}\"},\"query-input\":{\"@type\":\"PropertyValueSpecification\",\"valueRequired\":true,\"valueName\":\"search_term_string\"}}],\"inLanguage\":\"ar\"},{\"@type\":\"Organization\",\"@id\":\"https:\\\/\\\/cpi-geneva.org\\\/ar\\\/#organization\",\"name\":\"CPI - Geneva | \u0627\u0644\u0639\u0631\u0628\u064a\u0629\",\"url\":\"https:\\\/\\\/cpi-geneva.org\\\/ar\\\/\",\"logo\":{\"@type\":\"ImageObject\",\"inLanguage\":\"ar\",\"@id\":\"https:\\\/\\\/cpi-geneva.org\\\/ar\\\/#\\\/schema\\\/logo\\\/image\\\/\",\"url\":\"https:\\\/\\\/cpi-geneva.org\\\/ar\\\/wp-content\\\/uploads\\\/sites\\\/2\\\/2025\\\/12\\\/CPI-Geneva-1.png\",\"contentUrl\":\"https:\\\/\\\/cpi-geneva.org\\\/ar\\\/wp-content\\\/uploads\\\/sites\\\/2\\\/2025\\\/12\\\/CPI-Geneva-1.png\",\"width\":740,\"height\":740,\"caption\":\"CPI - Geneva | \u0627\u0644\u0639\u0631\u0628\u064a\u0629\"},\"image\":{\"@id\":\"https:\\\/\\\/cpi-geneva.org\\\/ar\\\/#\\\/schema\\\/logo\\\/image\\\/\"}},{\"@type\":\"Person\",\"@id\":\"https:\\\/\\\/cpi-geneva.org\\\/ar\\\/#\\\/schema\\\/person\\\/1f02a815043284cc1f7aa799e32fb07b\",\"name\":\"C\u00f2rdoba Geneva\",\"image\":{\"@type\":\"ImageObject\",\"inLanguage\":\"ar\",\"@id\":\"https:\\\/\\\/secure.gravatar.com\\\/avatar\\\/cf6a4ecb9e914acddd89e4c4cbc3c6fdccfd6614c26ec3023ce0173515d50eff?s=96&d=mm&r=g\",\"url\":\"https:\\\/\\\/secure.gravatar.com\\\/avatar\\\/cf6a4ecb9e914acddd89e4c4cbc3c6fdccfd6614c26ec3023ce0173515d50eff?s=96&d=mm&r=g\",\"contentUrl\":\"https:\\\/\\\/secure.gravatar.com\\\/avatar\\\/cf6a4ecb9e914acddd89e4c4cbc3c6fdccfd6614c26ec3023ce0173515d50eff?s=96&d=mm&r=g\",\"caption\":\"C\u00f2rdoba Geneva\"},\"url\":\"https:\\\/\\\/cpi-geneva.org\\\/ar\\\/author\\\/corwebmaster\\\/\"}]}<\/script>\n<!-- \/ Yoast SEO plugin. -->","yoast_head_json":{"title":"Bienvenue \u00e0 l\u2019an sept* de l\u2019\u00e8re de l\u2019abrutissement du citoyen ! - Cordoba Peace Institute | \u0627\u0644\u0639\u0631\u0628\u064a\u0629","robots":{"index":"index","follow":"follow","max-snippet":"max-snippet:-1","max-image-preview":"max-image-preview:large","max-video-preview":"max-video-preview:-1"},"canonical":"https:\/\/cpi-geneva.org\/ar\/bienvenue-a-lan-sept-de-lere-de-labrutissement-du-citoyen\/","og_locale":"ar_AR","og_type":"article","og_title":"Bienvenue \u00e0 l\u2019an sept* de l\u2019\u00e8re de l\u2019abrutissement du citoyen ! - Cordoba Peace Institute | \u0627\u0644\u0639\u0631\u0628\u064a\u0629","og_description":"A un jour du d\u00e9but de l\u2019ann\u00e9e 2008 on nous a appris la mort d\u2019un d\u00e9tenu du camp de d\u00e9tention de Guant\u00e1namo Bay. Apr\u00e8s quatre \u00ab suicides \u00bb dans ce camp de sinistre r\u00e9putation (1), trois simultan\u00e9s (un Y\u00e9m\u00e9nite et deux Saoudiens) le 10 juin 2006 et un quatri\u00e8me le 30 mai 2007 (un Saoudien), [&hellip;]","og_url":"https:\/\/cpi-geneva.org\/ar\/bienvenue-a-lan-sept-de-lere-de-labrutissement-du-citoyen\/","og_site_name":"Cordoba Peace Institute | \u0627\u0644\u0639\u0631\u0628\u064a\u0629","article_published_time":"2008-01-01T22:45:40+00:00","article_modified_time":"2023-05-31T11:43:20+00:00","og_image":[{"width":1920,"height":600,"url":"https:\/\/cpi-geneva.org\/ar\/wp-content\/uploads\/sites\/2\/2023\/05\/cpi-geneva_blue_cover.png","type":"image\/png"}],"author":"C\u00f2rdoba Geneva","twitter_card":"summary_large_image","twitter_misc":{"\u0643\u064f\u062a\u0628 \u0628\u0648\u0627\u0633\u0637\u0629":"C\u00f2rdoba Geneva","\u0648\u0642\u062a \u0627\u0644\u0642\u0631\u0627\u0621\u0629 \u0627\u0644\u0645\u064f\u0642\u062f\u0651\u0631":"8 \u062f\u0642\u0627\u0626\u0642"},"schema":{"@context":"https:\/\/schema.org","@graph":[{"@type":"Article","@id":"https:\/\/cpi-geneva.org\/ar\/bienvenue-a-lan-sept-de-lere-de-labrutissement-du-citoyen\/#article","isPartOf":{"@id":"https:\/\/cpi-geneva.org\/ar\/bienvenue-a-lan-sept-de-lere-de-labrutissement-du-citoyen\/"},"author":{"name":"C\u00f2rdoba Geneva","@id":"https:\/\/cpi-geneva.org\/ar\/#\/schema\/person\/1f02a815043284cc1f7aa799e32fb07b"},"headline":"Bienvenue \u00e0 l\u2019an sept* de l\u2019\u00e8re de l\u2019abrutissement du citoyen !","datePublished":"2008-01-01T22:45:40+00:00","dateModified":"2023-05-31T11:43:20+00:00","mainEntityOfPage":{"@id":"https:\/\/cpi-geneva.org\/ar\/bienvenue-a-lan-sept-de-lere-de-labrutissement-du-citoyen\/"},"wordCount":1539,"publisher":{"@id":"https:\/\/cpi-geneva.org\/ar\/#organization"},"image":{"@id":"https:\/\/cpi-geneva.org\/ar\/bienvenue-a-lan-sept-de-lere-de-labrutissement-du-citoyen\/#primaryimage"},"thumbnailUrl":"https:\/\/cpi-geneva.org\/ar\/wp-content\/uploads\/sites\/2\/2023\/05\/cpi-geneva_blue_cover.png","articleSection":["\u0645\u0633\u0627\u0647\u0645\u0627\u062a"],"inLanguage":"ar"},{"@type":"WebPage","@id":"https:\/\/cpi-geneva.org\/ar\/bienvenue-a-lan-sept-de-lere-de-labrutissement-du-citoyen\/","url":"https:\/\/cpi-geneva.org\/ar\/bienvenue-a-lan-sept-de-lere-de-labrutissement-du-citoyen\/","name":"Bienvenue \u00e0 l\u2019an sept* de l\u2019\u00e8re de l\u2019abrutissement du citoyen ! - Cordoba Peace Institute | \u0627\u0644\u0639\u0631\u0628\u064a\u0629","isPartOf":{"@id":"https:\/\/cpi-geneva.org\/ar\/#website"},"primaryImageOfPage":{"@id":"https:\/\/cpi-geneva.org\/ar\/bienvenue-a-lan-sept-de-lere-de-labrutissement-du-citoyen\/#primaryimage"},"image":{"@id":"https:\/\/cpi-geneva.org\/ar\/bienvenue-a-lan-sept-de-lere-de-labrutissement-du-citoyen\/#primaryimage"},"thumbnailUrl":"https:\/\/cpi-geneva.org\/ar\/wp-content\/uploads\/sites\/2\/2023\/05\/cpi-geneva_blue_cover.png","datePublished":"2008-01-01T22:45:40+00:00","dateModified":"2023-05-31T11:43:20+00:00","breadcrumb":{"@id":"https:\/\/cpi-geneva.org\/ar\/bienvenue-a-lan-sept-de-lere-de-labrutissement-du-citoyen\/#breadcrumb"},"inLanguage":"ar","potentialAction":[{"@type":"ReadAction","target":["https:\/\/cpi-geneva.org\/ar\/bienvenue-a-lan-sept-de-lere-de-labrutissement-du-citoyen\/"]}]},{"@type":"ImageObject","inLanguage":"ar","@id":"https:\/\/cpi-geneva.org\/ar\/bienvenue-a-lan-sept-de-lere-de-labrutissement-du-citoyen\/#primaryimage","url":"https:\/\/cpi-geneva.org\/ar\/wp-content\/uploads\/sites\/2\/2023\/05\/cpi-geneva_blue_cover.png","contentUrl":"https:\/\/cpi-geneva.org\/ar\/wp-content\/uploads\/sites\/2\/2023\/05\/cpi-geneva_blue_cover.png","width":1920,"height":600},{"@type":"BreadcrumbList","@id":"https:\/\/cpi-geneva.org\/ar\/bienvenue-a-lan-sept-de-lere-de-labrutissement-du-citoyen\/#breadcrumb","itemListElement":[{"@type":"ListItem","position":1,"name":"Home","item":"https:\/\/cpi-geneva.org\/ar\/"},{"@type":"ListItem","position":2,"name":"Bienvenue \u00e0 l\u2019an sept* de l\u2019\u00e8re de l\u2019abrutissement du citoyen !"}]},{"@type":"WebSite","@id":"https:\/\/cpi-geneva.org\/ar\/#website","url":"https:\/\/cpi-geneva.org\/ar\/","name":"Cordoba Peace Institute - Geneva CPI | \u0627\u0644\u0639\u0631\u0628\u064a\u0629","description":"CPI Geneva | \u0645\u0639\u0647\u062f \u0642\u0631\u0637\u0628\u0629 \u0644\u0644\u0633\u0644\u0627\u0645  | 20 \u0639\u0627\u0645\u0627\u064b \u0641\u064a \u062e\u062f\u0645\u0629 \u0627\u0644\u0633\u0644\u0627\u0645 | ","publisher":{"@id":"https:\/\/cpi-geneva.org\/ar\/#organization"},"potentialAction":[{"@type":"SearchAction","target":{"@type":"EntryPoint","urlTemplate":"https:\/\/cpi-geneva.org\/ar\/?s={search_term_string}"},"query-input":{"@type":"PropertyValueSpecification","valueRequired":true,"valueName":"search_term_string"}}],"inLanguage":"ar"},{"@type":"Organization","@id":"https:\/\/cpi-geneva.org\/ar\/#organization","name":"CPI - Geneva | \u0627\u0644\u0639\u0631\u0628\u064a\u0629","url":"https:\/\/cpi-geneva.org\/ar\/","logo":{"@type":"ImageObject","inLanguage":"ar","@id":"https:\/\/cpi-geneva.org\/ar\/#\/schema\/logo\/image\/","url":"https:\/\/cpi-geneva.org\/ar\/wp-content\/uploads\/sites\/2\/2025\/12\/CPI-Geneva-1.png","contentUrl":"https:\/\/cpi-geneva.org\/ar\/wp-content\/uploads\/sites\/2\/2025\/12\/CPI-Geneva-1.png","width":740,"height":740,"caption":"CPI - Geneva | \u0627\u0644\u0639\u0631\u0628\u064a\u0629"},"image":{"@id":"https:\/\/cpi-geneva.org\/ar\/#\/schema\/logo\/image\/"}},{"@type":"Person","@id":"https:\/\/cpi-geneva.org\/ar\/#\/schema\/person\/1f02a815043284cc1f7aa799e32fb07b","name":"C\u00f2rdoba Geneva","image":{"@type":"ImageObject","inLanguage":"ar","@id":"https:\/\/secure.gravatar.com\/avatar\/cf6a4ecb9e914acddd89e4c4cbc3c6fdccfd6614c26ec3023ce0173515d50eff?s=96&d=mm&r=g","url":"https:\/\/secure.gravatar.com\/avatar\/cf6a4ecb9e914acddd89e4c4cbc3c6fdccfd6614c26ec3023ce0173515d50eff?s=96&d=mm&r=g","contentUrl":"https:\/\/secure.gravatar.com\/avatar\/cf6a4ecb9e914acddd89e4c4cbc3c6fdccfd6614c26ec3023ce0173515d50eff?s=96&d=mm&r=g","caption":"C\u00f2rdoba Geneva"},"url":"https:\/\/cpi-geneva.org\/ar\/author\/corwebmaster\/"}]}},"featured_image_src":{"landsacpe":["https:\/\/cpi-geneva.org\/ar\/wp-content\/uploads\/sites\/2\/2023\/05\/cpi-geneva_blue_cover-1140x445.png",1140,445,true],"list":["https:\/\/cpi-geneva.org\/ar\/wp-content\/uploads\/sites\/2\/2023\/05\/cpi-geneva_blue_cover-463x348.png",463,348,true],"medium":["https:\/\/cpi-geneva.org\/ar\/wp-content\/uploads\/sites\/2\/2023\/05\/cpi-geneva_blue_cover-300x94.png",300,94,true],"full":["https:\/\/cpi-geneva.org\/ar\/wp-content\/uploads\/sites\/2\/2023\/05\/cpi-geneva_blue_cover.png",1920,600,false]},"_links":{"self":[{"href":"https:\/\/cpi-geneva.org\/ar\/wp-json\/wp\/v2\/posts\/226","targetHints":{"allow":["GET"]}}],"collection":[{"href":"https:\/\/cpi-geneva.org\/ar\/wp-json\/wp\/v2\/posts"}],"about":[{"href":"https:\/\/cpi-geneva.org\/ar\/wp-json\/wp\/v2\/types\/post"}],"author":[{"embeddable":true,"href":"https:\/\/cpi-geneva.org\/ar\/wp-json\/wp\/v2\/users\/2"}],"replies":[{"embeddable":true,"href":"https:\/\/cpi-geneva.org\/ar\/wp-json\/wp\/v2\/comments?post=226"}],"version-history":[{"count":2,"href":"https:\/\/cpi-geneva.org\/ar\/wp-json\/wp\/v2\/posts\/226\/revisions"}],"predecessor-version":[{"id":5524,"href":"https:\/\/cpi-geneva.org\/ar\/wp-json\/wp\/v2\/posts\/226\/revisions\/5524"}],"wp:featuredmedia":[{"embeddable":true,"href":"https:\/\/cpi-geneva.org\/ar\/wp-json\/wp\/v2\/media\/5090"}],"wp:attachment":[{"href":"https:\/\/cpi-geneva.org\/ar\/wp-json\/wp\/v2\/media?parent=226"}],"wp:term":[{"taxonomy":"category","embeddable":true,"href":"https:\/\/cpi-geneva.org\/ar\/wp-json\/wp\/v2\/categories?post=226"},{"taxonomy":"post_tag","embeddable":true,"href":"https:\/\/cpi-geneva.org\/ar\/wp-json\/wp\/v2\/tags?post=226"}],"curies":[{"name":"wp","href":"https:\/\/api.w.org\/{rel}","templated":true}]}}