{"id":134,"date":"2012-03-16T20:07:23","date_gmt":"2012-03-16T20:07:23","guid":{"rendered":"https:\/\/cpi-geneva.org\/ar\/2012\/03\/16\/rassemblement-des-suisses-musulmans-conference-de-presse\/"},"modified":"2023-05-30T19:11:30","modified_gmt":"2023-05-30T18:11:30","slug":"rassemblement-des-suisses-musulmans-conference-de-presse","status":"publish","type":"post","link":"https:\/\/cpi-geneva.org\/ar\/rassemblement-des-suisses-musulmans-conference-de-presse\/","title":{"rendered":"Rassemblement des Suisses Musulmans &#8211; Conf\u00e9rence de presse"},"content":{"rendered":"<div>Le Rassemblement des Suisses Musulmans a pr\u00e9sent\u00e9 ses recommandations lors d&#8217;une conf\u00e9rence de presse le vendredi 16 mars 2012, \u00e0 Berne<\/div>\n<p><!--more--><\/p>\n<div style=\"text-align: right; margin-bottom: -5px;\"><span style=\"font-size: 11px;\"><a href=\"https:\/\/cpi-geneva.org\/ar\/2012\/03\/16\/gruppe-muslimischer-schweizerinnen-und-schweizer-gms-medienmitteilung\/\" target=\"_blank\" rel=\"width[990];height[720] noopener\" class=\"jcepopup\">Deutsch<\/a><\/span><\/div>\n<p><strong>Le Rassemblement des Suisses Musulmans a pr\u00e9sent\u00e9 ses recommandations lors d&#8217;une conf\u00e9rence de presse le vendredi 16 mars 2012, \u00e0 Berne<\/strong><\/p>\n<p>En 2009, le peuple suisse se pronon\u00e7ait en faveur d&#8217;une initiative pour interdire la construction de minarets. Les auteurs de l&#8217;initiative postulent que les minarets sont des symboles d&#8217;une \u00abrevendication de pouvoir politico-religieuse contraire \u00e0 la constitution\u00bb, \u00e0 freiner sous peine de voir \u00ables milieux islamistes tenter d&#8217;imposer un syst\u00e8me l\u00e9gal fond\u00e9 sur la sharia\u00bb. La population musulmane vivant en Suisse, elle, qu&#8217;elle soit pratiquante ou non, a \u00e9t\u00e9 stigmatis\u00e9e et bless\u00e9e par le vote de la majorit\u00e9.<\/p>\n<p>Depuis, un travail de compr\u00e9hension et de r\u00e9conciliation a \u00e9t\u00e9 effectu\u00e9 par diff\u00e9rents cercles en Suisse, bien au-del\u00e0 de l&#8217;initiative anti-minarets. L&#8217;exemple le plus r\u00e9cent est l&#8217;information publi\u00e9e r\u00e9cemment sur le <a href=\"http:\/\/bit.ly\/wFy5QJ\" target=\"_blank\" rel=\"noopener\">dialogue entre les autorit\u00e9s f\u00e9d\u00e9rales et la population musulmane<\/a>. En parall\u00e8le, une initiative ind\u00e9pendante et compl\u00e9mentaire a \u00e9t\u00e9 lanc\u00e9e par un groupe de citoyens de nationalit\u00e9 suisse et de religion musulmane, r\u00e9unis \u00e0 l&#8217;initiative de la Fondation Cordoue de Gen\u00e8ve. Ce <em><strong>Rassemblement de Suisses Musulmans<\/strong><\/em> (RSM) a analys\u00e9 les motivations du vote et esquiss\u00e9 des pistes d&#8217;initiatives concr\u00e8tes pour r\u00e9agir \u00e0 ce message inqui\u00e9tant.<\/p>\n<p>Par son vote, la population suisse a voulu donner un signal par rapport \u00e0 un malaise ressenti. Mais quel est donc le contenu de ce message ? S&#8217;agit-il d&#8217;une r\u00e9ticence \u00e0 s&#8217;int\u00e9grer de la part des immigr\u00e9s musulmans? Mais beaucoup de musulmans en Suisse sont n\u00e9s en Suisse et citoyens, et les conflits de cohabitation sont rares. A-t-on peur de perdre notre \u00abSuissitude\u00bb en la partageant avec des horizons religieux et culturels divers? S&#8217;agit-il d&#8217;une r\u00e9ticence de la soci\u00e9t\u00e9 suisse \u00e0 apprendre \u00e0 vivre l&#8217;inter-culturalit\u00e9? Comme le dit Khaldoun Dia-Eddine, membre du RSM, la faible repr\u00e9sentation des musulmans dans la vie publique suisse peut expliquer des perceptions biais\u00e9es : \u00ab <em>Le probl\u00e8me de fond soulev\u00e9 par l&#8217;initiative &#8216;anti-minaret&#8217; est li\u00e9 \u00e0 l&#8217;image n\u00e9gative de l&#8217;Islam et des musulmans dans la soci\u00e9t\u00e9 suisse. Le RSM propose d&#8217;agir pour promouvoir la pleine participation des musulmans dans la soci\u00e9t\u00e9 et d&#8217;ouvrir des canaux de communication pour distinguer entre pr\u00e9jug\u00e9s et r\u00e9alit\u00e9 <\/em>\u00bb<\/p>\n<p>Le RSM publie aujourd&#8217;hui un catalogue de recommandations pour un meilleur vivre ensemble, qui s&#8217;adresse \u00e0 la soci\u00e9t\u00e9 suisse, aux communaut\u00e9s musulmanes, aux autorit\u00e9s et aux m\u00e9dias. Parcourant ce qui se fait actuellement dans le pays pour promouvoir l&#8217;inclusion et la coh\u00e9sion, la brochure propose des actions compl\u00e9mentaires en priorit\u00e9 dans les domaines de la communication et de la citoyennet\u00e9. Communication, puisqu&#8217;une meilleure information et des plateformes d&#8217;\u00e9change v\u00e9ritable, critique et empathique permettent de d\u00e9passer les r\u00e9ticences et d\u00e9samorcer les m\u00e9canismes de peurs et de rejet. Citoyennet\u00e9, parce que les musulmans en Suisse doivent pouvoir participer pleinement \u00e0 la vie sociale, politique et associative et rendre visible leurs contributions \u00e0 la soci\u00e9t\u00e9.<\/p>\n<p>Au-del\u00e0 d&#8217;un d\u00e9bat st\u00e9rile sur des incompatibilit\u00e9s culturelles suppos\u00e9es, il faut faire \u00e9voluer notre compr\u00e9hension de ce que veut dire \u00ab\u00eatre Suisse \u00bb: c&#8217;est avant tout vivre ensemble, construire et contribuer au bien commun. C&#8217;est aussi renoncer au mythe de l&#8217;homog\u00e9n\u00e9it\u00e9 religieuse ou culturelle qui de fait n&#8217;a jamais exist\u00e9, et travailler ensemble \u00e0 une meilleure cohabitation dans une soci\u00e9t\u00e9 pluraliste.<\/p>\n<p>Le r\u00e9sultat du travail du RSM est disponible sous la forme de brochures de recommandations en 5 langues (allemand, fran\u00e7ais, italien, arabe, anglais).<\/p>\n","protected":false},"excerpt":{"rendered":"<p>Le Rassemblement des Suisses Musulmans a pr\u00e9sent\u00e9 ses recommandations lors d&#8217;une conf\u00e9rence de presse le vendredi 16 mars 2012, \u00e0 Berne<\/p>\n","protected":false},"author":2,"featured_media":5101,"comment_status":"closed","ping_status":"open","sticky":false,"template":"","format":"standard","meta":{"footnotes":""},"categories":[28],"tags":[],"class_list":["post-134","post","type-post","status-publish","format-standard","has-post-thumbnail","hentry","category-rsm-programme"],"yoast_head":"<!-- This site is optimized with the Yoast SEO plugin v27.4 - https:\/\/yoast.com\/product\/yoast-seo-wordpress\/ -->\n<title>Rassemblement des Suisses Musulmans - Conf\u00e9rence de presse - Cordoba Peace Institute | \u0627\u0644\u0639\u0631\u0628\u064a\u0629<\/title>\n<meta name=\"robots\" content=\"index, follow, max-snippet:-1, max-image-preview:large, max-video-preview:-1\" \/>\n<link rel=\"canonical\" href=\"https:\/\/cpi-geneva.org\/ar\/rassemblement-des-suisses-musulmans-conference-de-presse\/\" \/>\n<meta property=\"og:locale\" content=\"ar_AR\" \/>\n<meta property=\"og:type\" content=\"article\" \/>\n<meta property=\"og:title\" content=\"Rassemblement des Suisses Musulmans - Conf\u00e9rence de presse - Cordoba Peace Institute | \u0627\u0644\u0639\u0631\u0628\u064a\u0629\" \/>\n<meta property=\"og:description\" content=\"Le Rassemblement des Suisses Musulmans a pr\u00e9sent\u00e9 ses recommandations lors d&#8217;une conf\u00e9rence de presse le vendredi 16 mars 2012, \u00e0 Berne\" \/>\n<meta property=\"og:url\" content=\"https:\/\/cpi-geneva.org\/ar\/rassemblement-des-suisses-musulmans-conference-de-presse\/\" \/>\n<meta property=\"og:site_name\" content=\"Cordoba Peace Institute | \u0627\u0644\u0639\u0631\u0628\u064a\u0629\" \/>\n<meta property=\"article:published_time\" content=\"2012-03-16T20:07:23+00:00\" \/>\n<meta property=\"article:modified_time\" content=\"2023-05-30T18:11:30+00:00\" \/>\n<meta property=\"og:image\" content=\"https:\/\/cpi-geneva.org\/ar\/wp-content\/uploads\/sites\/2\/2023\/05\/cpi_rsm_swiss.png\" \/>\n\t<meta property=\"og:image:width\" content=\"1920\" \/>\n\t<meta property=\"og:image:height\" content=\"600\" \/>\n\t<meta property=\"og:image:type\" content=\"image\/png\" \/>\n<meta name=\"author\" content=\"C\u00f2rdoba Geneva\" \/>\n<meta name=\"twitter:card\" content=\"summary_large_image\" \/>\n<meta name=\"twitter:label1\" content=\"\u0643\u064f\u062a\u0628 \u0628\u0648\u0627\u0633\u0637\u0629\" \/>\n\t<meta name=\"twitter:data1\" content=\"C\u00f2rdoba Geneva\" \/>\n\t<meta name=\"twitter:label2\" content=\"\u0648\u0642\u062a \u0627\u0644\u0642\u0631\u0627\u0621\u0629 \u0627\u0644\u0645\u064f\u0642\u062f\u0651\u0631\" \/>\n\t<meta name=\"twitter:data2\" content=\"3 \u062f\u0642\u0627\u0626\u0642\" \/>\n<script type=\"application\/ld+json\" class=\"yoast-schema-graph\">{\"@context\":\"https:\\\/\\\/schema.org\",\"@graph\":[{\"@type\":\"Article\",\"@id\":\"https:\\\/\\\/cpi-geneva.org\\\/ar\\\/rassemblement-des-suisses-musulmans-conference-de-presse\\\/#article\",\"isPartOf\":{\"@id\":\"https:\\\/\\\/cpi-geneva.org\\\/ar\\\/rassemblement-des-suisses-musulmans-conference-de-presse\\\/\"},\"author\":{\"name\":\"C\u00f2rdoba Geneva\",\"@id\":\"https:\\\/\\\/cpi-geneva.org\\\/ar\\\/#\\\/schema\\\/person\\\/1f02a815043284cc1f7aa799e32fb07b\"},\"headline\":\"Rassemblement des Suisses Musulmans &#8211; Conf\u00e9rence de presse\",\"datePublished\":\"2012-03-16T20:07:23+00:00\",\"dateModified\":\"2023-05-30T18:11:30+00:00\",\"mainEntityOfPage\":{\"@id\":\"https:\\\/\\\/cpi-geneva.org\\\/ar\\\/rassemblement-des-suisses-musulmans-conference-de-presse\\\/\"},\"wordCount\":651,\"publisher\":{\"@id\":\"https:\\\/\\\/cpi-geneva.org\\\/ar\\\/#organization\"},\"image\":{\"@id\":\"https:\\\/\\\/cpi-geneva.org\\\/ar\\\/rassemblement-des-suisses-musulmans-conference-de-presse\\\/#primaryimage\"},\"thumbnailUrl\":\"https:\\\/\\\/cpi-geneva.org\\\/ar\\\/wp-content\\\/uploads\\\/sites\\\/2\\\/2023\\\/05\\\/cpi_rsm_swiss.png\",\"articleSection\":[\"RSM Programme\"],\"inLanguage\":\"ar\"},{\"@type\":\"WebPage\",\"@id\":\"https:\\\/\\\/cpi-geneva.org\\\/ar\\\/rassemblement-des-suisses-musulmans-conference-de-presse\\\/\",\"url\":\"https:\\\/\\\/cpi-geneva.org\\\/ar\\\/rassemblement-des-suisses-musulmans-conference-de-presse\\\/\",\"name\":\"Rassemblement des Suisses Musulmans - Conf\u00e9rence de presse - Cordoba Peace Institute | \u0627\u0644\u0639\u0631\u0628\u064a\u0629\",\"isPartOf\":{\"@id\":\"https:\\\/\\\/cpi-geneva.org\\\/ar\\\/#website\"},\"primaryImageOfPage\":{\"@id\":\"https:\\\/\\\/cpi-geneva.org\\\/ar\\\/rassemblement-des-suisses-musulmans-conference-de-presse\\\/#primaryimage\"},\"image\":{\"@id\":\"https:\\\/\\\/cpi-geneva.org\\\/ar\\\/rassemblement-des-suisses-musulmans-conference-de-presse\\\/#primaryimage\"},\"thumbnailUrl\":\"https:\\\/\\\/cpi-geneva.org\\\/ar\\\/wp-content\\\/uploads\\\/sites\\\/2\\\/2023\\\/05\\\/cpi_rsm_swiss.png\",\"datePublished\":\"2012-03-16T20:07:23+00:00\",\"dateModified\":\"2023-05-30T18:11:30+00:00\",\"breadcrumb\":{\"@id\":\"https:\\\/\\\/cpi-geneva.org\\\/ar\\\/rassemblement-des-suisses-musulmans-conference-de-presse\\\/#breadcrumb\"},\"inLanguage\":\"ar\",\"potentialAction\":[{\"@type\":\"ReadAction\",\"target\":[\"https:\\\/\\\/cpi-geneva.org\\\/ar\\\/rassemblement-des-suisses-musulmans-conference-de-presse\\\/\"]}]},{\"@type\":\"ImageObject\",\"inLanguage\":\"ar\",\"@id\":\"https:\\\/\\\/cpi-geneva.org\\\/ar\\\/rassemblement-des-suisses-musulmans-conference-de-presse\\\/#primaryimage\",\"url\":\"https:\\\/\\\/cpi-geneva.org\\\/ar\\\/wp-content\\\/uploads\\\/sites\\\/2\\\/2023\\\/05\\\/cpi_rsm_swiss.png\",\"contentUrl\":\"https:\\\/\\\/cpi-geneva.org\\\/ar\\\/wp-content\\\/uploads\\\/sites\\\/2\\\/2023\\\/05\\\/cpi_rsm_swiss.png\",\"width\":1920,\"height\":600},{\"@type\":\"BreadcrumbList\",\"@id\":\"https:\\\/\\\/cpi-geneva.org\\\/ar\\\/rassemblement-des-suisses-musulmans-conference-de-presse\\\/#breadcrumb\",\"itemListElement\":[{\"@type\":\"ListItem\",\"position\":1,\"name\":\"Home\",\"item\":\"https:\\\/\\\/cpi-geneva.org\\\/ar\\\/\"},{\"@type\":\"ListItem\",\"position\":2,\"name\":\"Rassemblement des Suisses Musulmans &#8211; Conf\u00e9rence de presse\"}]},{\"@type\":\"WebSite\",\"@id\":\"https:\\\/\\\/cpi-geneva.org\\\/ar\\\/#website\",\"url\":\"https:\\\/\\\/cpi-geneva.org\\\/ar\\\/\",\"name\":\"Cordoba Peace Institute - Geneva CPI | \u0627\u0644\u0639\u0631\u0628\u064a\u0629\",\"description\":\"CPI Geneva | \u0645\u0639\u0647\u062f \u0642\u0631\u0637\u0628\u0629 \u0644\u0644\u0633\u0644\u0627\u0645  | 20 \u0639\u0627\u0645\u0627\u064b \u0641\u064a \u062e\u062f\u0645\u0629 \u0627\u0644\u0633\u0644\u0627\u0645 | \",\"publisher\":{\"@id\":\"https:\\\/\\\/cpi-geneva.org\\\/ar\\\/#organization\"},\"potentialAction\":[{\"@type\":\"SearchAction\",\"target\":{\"@type\":\"EntryPoint\",\"urlTemplate\":\"https:\\\/\\\/cpi-geneva.org\\\/ar\\\/?s={search_term_string}\"},\"query-input\":{\"@type\":\"PropertyValueSpecification\",\"valueRequired\":true,\"valueName\":\"search_term_string\"}}],\"inLanguage\":\"ar\"},{\"@type\":\"Organization\",\"@id\":\"https:\\\/\\\/cpi-geneva.org\\\/ar\\\/#organization\",\"name\":\"CPI - Geneva | \u0627\u0644\u0639\u0631\u0628\u064a\u0629\",\"url\":\"https:\\\/\\\/cpi-geneva.org\\\/ar\\\/\",\"logo\":{\"@type\":\"ImageObject\",\"inLanguage\":\"ar\",\"@id\":\"https:\\\/\\\/cpi-geneva.org\\\/ar\\\/#\\\/schema\\\/logo\\\/image\\\/\",\"url\":\"https:\\\/\\\/cpi-geneva.org\\\/ar\\\/wp-content\\\/uploads\\\/sites\\\/2\\\/2025\\\/12\\\/CPI-Geneva-1.png\",\"contentUrl\":\"https:\\\/\\\/cpi-geneva.org\\\/ar\\\/wp-content\\\/uploads\\\/sites\\\/2\\\/2025\\\/12\\\/CPI-Geneva-1.png\",\"width\":740,\"height\":740,\"caption\":\"CPI - Geneva | \u0627\u0644\u0639\u0631\u0628\u064a\u0629\"},\"image\":{\"@id\":\"https:\\\/\\\/cpi-geneva.org\\\/ar\\\/#\\\/schema\\\/logo\\\/image\\\/\"}},{\"@type\":\"Person\",\"@id\":\"https:\\\/\\\/cpi-geneva.org\\\/ar\\\/#\\\/schema\\\/person\\\/1f02a815043284cc1f7aa799e32fb07b\",\"name\":\"C\u00f2rdoba Geneva\",\"image\":{\"@type\":\"ImageObject\",\"inLanguage\":\"ar\",\"@id\":\"https:\\\/\\\/secure.gravatar.com\\\/avatar\\\/cf6a4ecb9e914acddd89e4c4cbc3c6fdccfd6614c26ec3023ce0173515d50eff?s=96&d=mm&r=g\",\"url\":\"https:\\\/\\\/secure.gravatar.com\\\/avatar\\\/cf6a4ecb9e914acddd89e4c4cbc3c6fdccfd6614c26ec3023ce0173515d50eff?s=96&d=mm&r=g\",\"contentUrl\":\"https:\\\/\\\/secure.gravatar.com\\\/avatar\\\/cf6a4ecb9e914acddd89e4c4cbc3c6fdccfd6614c26ec3023ce0173515d50eff?s=96&d=mm&r=g\",\"caption\":\"C\u00f2rdoba Geneva\"},\"url\":\"https:\\\/\\\/cpi-geneva.org\\\/ar\\\/author\\\/corwebmaster\\\/\"}]}<\/script>\n<!-- \/ Yoast SEO plugin. -->","yoast_head_json":{"title":"Rassemblement des Suisses Musulmans - Conf\u00e9rence de presse - Cordoba Peace Institute | \u0627\u0644\u0639\u0631\u0628\u064a\u0629","robots":{"index":"index","follow":"follow","max-snippet":"max-snippet:-1","max-image-preview":"max-image-preview:large","max-video-preview":"max-video-preview:-1"},"canonical":"https:\/\/cpi-geneva.org\/ar\/rassemblement-des-suisses-musulmans-conference-de-presse\/","og_locale":"ar_AR","og_type":"article","og_title":"Rassemblement des Suisses Musulmans - Conf\u00e9rence de presse - Cordoba Peace Institute | \u0627\u0644\u0639\u0631\u0628\u064a\u0629","og_description":"Le Rassemblement des Suisses Musulmans a pr\u00e9sent\u00e9 ses recommandations lors d&#8217;une conf\u00e9rence de presse le vendredi 16 mars 2012, \u00e0 Berne","og_url":"https:\/\/cpi-geneva.org\/ar\/rassemblement-des-suisses-musulmans-conference-de-presse\/","og_site_name":"Cordoba Peace Institute | \u0627\u0644\u0639\u0631\u0628\u064a\u0629","article_published_time":"2012-03-16T20:07:23+00:00","article_modified_time":"2023-05-30T18:11:30+00:00","og_image":[{"width":1920,"height":600,"url":"https:\/\/cpi-geneva.org\/ar\/wp-content\/uploads\/sites\/2\/2023\/05\/cpi_rsm_swiss.png","type":"image\/png"}],"author":"C\u00f2rdoba Geneva","twitter_card":"summary_large_image","twitter_misc":{"\u0643\u064f\u062a\u0628 \u0628\u0648\u0627\u0633\u0637\u0629":"C\u00f2rdoba Geneva","\u0648\u0642\u062a \u0627\u0644\u0642\u0631\u0627\u0621\u0629 \u0627\u0644\u0645\u064f\u0642\u062f\u0651\u0631":"3 \u062f\u0642\u0627\u0626\u0642"},"schema":{"@context":"https:\/\/schema.org","@graph":[{"@type":"Article","@id":"https:\/\/cpi-geneva.org\/ar\/rassemblement-des-suisses-musulmans-conference-de-presse\/#article","isPartOf":{"@id":"https:\/\/cpi-geneva.org\/ar\/rassemblement-des-suisses-musulmans-conference-de-presse\/"},"author":{"name":"C\u00f2rdoba Geneva","@id":"https:\/\/cpi-geneva.org\/ar\/#\/schema\/person\/1f02a815043284cc1f7aa799e32fb07b"},"headline":"Rassemblement des Suisses Musulmans &#8211; Conf\u00e9rence de presse","datePublished":"2012-03-16T20:07:23+00:00","dateModified":"2023-05-30T18:11:30+00:00","mainEntityOfPage":{"@id":"https:\/\/cpi-geneva.org\/ar\/rassemblement-des-suisses-musulmans-conference-de-presse\/"},"wordCount":651,"publisher":{"@id":"https:\/\/cpi-geneva.org\/ar\/#organization"},"image":{"@id":"https:\/\/cpi-geneva.org\/ar\/rassemblement-des-suisses-musulmans-conference-de-presse\/#primaryimage"},"thumbnailUrl":"https:\/\/cpi-geneva.org\/ar\/wp-content\/uploads\/sites\/2\/2023\/05\/cpi_rsm_swiss.png","articleSection":["RSM Programme"],"inLanguage":"ar"},{"@type":"WebPage","@id":"https:\/\/cpi-geneva.org\/ar\/rassemblement-des-suisses-musulmans-conference-de-presse\/","url":"https:\/\/cpi-geneva.org\/ar\/rassemblement-des-suisses-musulmans-conference-de-presse\/","name":"Rassemblement des Suisses Musulmans - Conf\u00e9rence de presse - Cordoba Peace Institute | \u0627\u0644\u0639\u0631\u0628\u064a\u0629","isPartOf":{"@id":"https:\/\/cpi-geneva.org\/ar\/#website"},"primaryImageOfPage":{"@id":"https:\/\/cpi-geneva.org\/ar\/rassemblement-des-suisses-musulmans-conference-de-presse\/#primaryimage"},"image":{"@id":"https:\/\/cpi-geneva.org\/ar\/rassemblement-des-suisses-musulmans-conference-de-presse\/#primaryimage"},"thumbnailUrl":"https:\/\/cpi-geneva.org\/ar\/wp-content\/uploads\/sites\/2\/2023\/05\/cpi_rsm_swiss.png","datePublished":"2012-03-16T20:07:23+00:00","dateModified":"2023-05-30T18:11:30+00:00","breadcrumb":{"@id":"https:\/\/cpi-geneva.org\/ar\/rassemblement-des-suisses-musulmans-conference-de-presse\/#breadcrumb"},"inLanguage":"ar","potentialAction":[{"@type":"ReadAction","target":["https:\/\/cpi-geneva.org\/ar\/rassemblement-des-suisses-musulmans-conference-de-presse\/"]}]},{"@type":"ImageObject","inLanguage":"ar","@id":"https:\/\/cpi-geneva.org\/ar\/rassemblement-des-suisses-musulmans-conference-de-presse\/#primaryimage","url":"https:\/\/cpi-geneva.org\/ar\/wp-content\/uploads\/sites\/2\/2023\/05\/cpi_rsm_swiss.png","contentUrl":"https:\/\/cpi-geneva.org\/ar\/wp-content\/uploads\/sites\/2\/2023\/05\/cpi_rsm_swiss.png","width":1920,"height":600},{"@type":"BreadcrumbList","@id":"https:\/\/cpi-geneva.org\/ar\/rassemblement-des-suisses-musulmans-conference-de-presse\/#breadcrumb","itemListElement":[{"@type":"ListItem","position":1,"name":"Home","item":"https:\/\/cpi-geneva.org\/ar\/"},{"@type":"ListItem","position":2,"name":"Rassemblement des Suisses Musulmans &#8211; Conf\u00e9rence de presse"}]},{"@type":"WebSite","@id":"https:\/\/cpi-geneva.org\/ar\/#website","url":"https:\/\/cpi-geneva.org\/ar\/","name":"Cordoba Peace Institute - Geneva CPI | \u0627\u0644\u0639\u0631\u0628\u064a\u0629","description":"CPI Geneva | \u0645\u0639\u0647\u062f \u0642\u0631\u0637\u0628\u0629 \u0644\u0644\u0633\u0644\u0627\u0645  | 20 \u0639\u0627\u0645\u0627\u064b \u0641\u064a \u062e\u062f\u0645\u0629 \u0627\u0644\u0633\u0644\u0627\u0645 | ","publisher":{"@id":"https:\/\/cpi-geneva.org\/ar\/#organization"},"potentialAction":[{"@type":"SearchAction","target":{"@type":"EntryPoint","urlTemplate":"https:\/\/cpi-geneva.org\/ar\/?s={search_term_string}"},"query-input":{"@type":"PropertyValueSpecification","valueRequired":true,"valueName":"search_term_string"}}],"inLanguage":"ar"},{"@type":"Organization","@id":"https:\/\/cpi-geneva.org\/ar\/#organization","name":"CPI - Geneva | \u0627\u0644\u0639\u0631\u0628\u064a\u0629","url":"https:\/\/cpi-geneva.org\/ar\/","logo":{"@type":"ImageObject","inLanguage":"ar","@id":"https:\/\/cpi-geneva.org\/ar\/#\/schema\/logo\/image\/","url":"https:\/\/cpi-geneva.org\/ar\/wp-content\/uploads\/sites\/2\/2025\/12\/CPI-Geneva-1.png","contentUrl":"https:\/\/cpi-geneva.org\/ar\/wp-content\/uploads\/sites\/2\/2025\/12\/CPI-Geneva-1.png","width":740,"height":740,"caption":"CPI - Geneva | \u0627\u0644\u0639\u0631\u0628\u064a\u0629"},"image":{"@id":"https:\/\/cpi-geneva.org\/ar\/#\/schema\/logo\/image\/"}},{"@type":"Person","@id":"https:\/\/cpi-geneva.org\/ar\/#\/schema\/person\/1f02a815043284cc1f7aa799e32fb07b","name":"C\u00f2rdoba Geneva","image":{"@type":"ImageObject","inLanguage":"ar","@id":"https:\/\/secure.gravatar.com\/avatar\/cf6a4ecb9e914acddd89e4c4cbc3c6fdccfd6614c26ec3023ce0173515d50eff?s=96&d=mm&r=g","url":"https:\/\/secure.gravatar.com\/avatar\/cf6a4ecb9e914acddd89e4c4cbc3c6fdccfd6614c26ec3023ce0173515d50eff?s=96&d=mm&r=g","contentUrl":"https:\/\/secure.gravatar.com\/avatar\/cf6a4ecb9e914acddd89e4c4cbc3c6fdccfd6614c26ec3023ce0173515d50eff?s=96&d=mm&r=g","caption":"C\u00f2rdoba Geneva"},"url":"https:\/\/cpi-geneva.org\/ar\/author\/corwebmaster\/"}]}},"featured_image_src":{"landsacpe":["https:\/\/cpi-geneva.org\/ar\/wp-content\/uploads\/sites\/2\/2023\/05\/cpi_rsm_swiss-1140x445.png",1140,445,true],"list":["https:\/\/cpi-geneva.org\/ar\/wp-content\/uploads\/sites\/2\/2023\/05\/cpi_rsm_swiss-463x348.png",463,348,true],"medium":["https:\/\/cpi-geneva.org\/ar\/wp-content\/uploads\/sites\/2\/2023\/05\/cpi_rsm_swiss-300x94.png",300,94,true],"full":["https:\/\/cpi-geneva.org\/ar\/wp-content\/uploads\/sites\/2\/2023\/05\/cpi_rsm_swiss.png",1920,600,false]},"_links":{"self":[{"href":"https:\/\/cpi-geneva.org\/ar\/wp-json\/wp\/v2\/posts\/134","targetHints":{"allow":["GET"]}}],"collection":[{"href":"https:\/\/cpi-geneva.org\/ar\/wp-json\/wp\/v2\/posts"}],"about":[{"href":"https:\/\/cpi-geneva.org\/ar\/wp-json\/wp\/v2\/types\/post"}],"author":[{"embeddable":true,"href":"https:\/\/cpi-geneva.org\/ar\/wp-json\/wp\/v2\/users\/2"}],"replies":[{"embeddable":true,"href":"https:\/\/cpi-geneva.org\/ar\/wp-json\/wp\/v2\/comments?post=134"}],"version-history":[{"count":2,"href":"https:\/\/cpi-geneva.org\/ar\/wp-json\/wp\/v2\/posts\/134\/revisions"}],"predecessor-version":[{"id":5195,"href":"https:\/\/cpi-geneva.org\/ar\/wp-json\/wp\/v2\/posts\/134\/revisions\/5195"}],"wp:featuredmedia":[{"embeddable":true,"href":"https:\/\/cpi-geneva.org\/ar\/wp-json\/wp\/v2\/media\/5101"}],"wp:attachment":[{"href":"https:\/\/cpi-geneva.org\/ar\/wp-json\/wp\/v2\/media?parent=134"}],"wp:term":[{"taxonomy":"category","embeddable":true,"href":"https:\/\/cpi-geneva.org\/ar\/wp-json\/wp\/v2\/categories?post=134"},{"taxonomy":"post_tag","embeddable":true,"href":"https:\/\/cpi-geneva.org\/ar\/wp-json\/wp\/v2\/tags?post=134"}],"curies":[{"name":"wp","href":"https:\/\/api.w.org\/{rel}","templated":true}]}}